{"id":8306,"date":"2025-05-08T22:17:35","date_gmt":"2025-05-08T22:17:35","guid":{"rendered":"https:\/\/www.umc.br\/stricto-sensu\/?p=8306"},"modified":"2025-05-08T22:18:38","modified_gmt":"2025-05-08T22:18:38","slug":"pesquisa-percepcao-socioambiental-na-serra-do-itapeti","status":"publish","type":"post","link":"https:\/\/www.umc.br\/stricto-sensu\/pesquisa-percepcao-socioambiental-na-serra-do-itapeti\/","title":{"rendered":"Pesquisa: Percep\u00e7\u00e3o socioambiental na Serra do Itapeti"},"content":{"rendered":"\t\t<div data-elementor-type=\"wp-post\" data-elementor-id=\"8306\" class=\"elementor elementor-8306\" data-elementor-settings=\"{&quot;ha_cmc_init_switcher&quot;:&quot;no&quot;}\" data-elementor-post-type=\"post\">\n\t\t\t\t<div class=\"elementor-element elementor-element-4273952 e-flex e-con-boxed e-con e-parent\" data-id=\"4273952\" data-element_type=\"container\" data-e-type=\"container\" data-settings=\"{&quot;_ha_eqh_enable&quot;:false}\">\n\t\t\t\t\t<div class=\"e-con-inner\">\n\t\t\t\t<div class=\"elementor-element elementor-element-daa5986 elementor-widget elementor-widget-text-editor\" data-id=\"daa5986\" data-element_type=\"widget\" data-e-type=\"widget\" data-settings=\"{&quot;ekit_we_effect_on&quot;:&quot;none&quot;}\" data-widget_type=\"text-editor.default\">\n\t\t\t\t<div class=\"elementor-widget-container\">\n\t\t\t\t\t\t\t\t\t<p>A pesquisa sobre a percep\u00e7\u00e3o socioambiental dos moradores do entorno da Serra do Itapeti, desenvolvida no \u00e2mbito do PPGPP foi escolhida como uma das produ\u00e7\u00f5es que podem exemplificar o impacto econ\u00f4mico, social e ambiental das produ\u00e7\u00f5es acad\u00eamicas desenvolvidas no PPGPP. O impacto dessa pesquisa foi, inclusive, reconhecido nacionalmente, com destaque em canais oficiais da CAPES e da m\u00eddia regional.<\/p><p>Trata-se de uma pesquisa aplicada, de natureza qualitativa e com abordagem interdisciplinar, cujo objetivo foi investigar como os moradores de \u00e1reas pr\u00f3ximas \u00e0 Reserva Particular do Patrim\u00f4nio Natural (RPPN) Botujuru percebem o ambiente em que vivem, os elementos naturais que os cercam, os impactos ambientais percebidos e o conhecimento que possuem sobre a biodiversidade local. O estudo tamb\u00e9m buscou compreender o grau de envolvimento da popula\u00e7\u00e3o com pr\u00e1ticas de conserva\u00e7\u00e3o ambiental e seu n\u00edvel de informa\u00e7\u00e3o sobre pol\u00edticas p\u00fablicas e instrumentos legais de prote\u00e7\u00e3o da Serra.<\/p><p>A Serra do Itapeti \u00e9 uma \u00e1rea de rica biodiversidade, localizada entre os munic\u00edpios de Mogi das Cruzes e Suzano, e integra remanescentes da Mata Atl\u00e2ntica, um dos biomas mais amea\u00e7ados do planeta. A regi\u00e3o abriga esp\u00e9cies end\u00eamicas, nascentes que comp\u00f5em o sistema de abastecimento da Regi\u00e3o Metropolitana de S\u00e3o Paulo (RMSP), al\u00e9m de ser considerada priorit\u00e1ria para conserva\u00e7\u00e3o pela legisla\u00e7\u00e3o estadual.<\/p><p>Ao estudar a percep\u00e7\u00e3o da popula\u00e7\u00e3o local, a pesquisa assumiu papel estrat\u00e9gico no fortalecimento da gest\u00e3o participativa dos territ\u00f3rios protegidos, promovendo a\u00e7\u00f5es de conscientiza\u00e7\u00e3o e engajamento comunit\u00e1rio para a conserva\u00e7\u00e3o da Serra. Foram realizadas entrevistas presenciais com moradores, oficinas de educa\u00e7\u00e3o ambiental e atividades formativas voltadas \u00e0 valoriza\u00e7\u00e3o da natureza e \u00e0 compreens\u00e3o das intera\u00e7\u00f5es entre ambiente e sociedade.<\/p><p>Os resultados evidenciaram tanto o desconhecimento de parte dos moradores sobre a import\u00e2ncia ecol\u00f3gica da regi\u00e3o quanto o potencial de engajamento a partir de pr\u00e1ticas educativas e comunit\u00e1rias. A pesquisa subsidiou a formula\u00e7\u00e3o de estrat\u00e9gias de comunica\u00e7\u00e3o ambiental, propostas para inclus\u00e3o da Serra nos curr\u00edculos escolares e medidas de apoio \u00e0 implementa\u00e7\u00e3o de pol\u00edticas p\u00fablicas ambientais.<\/p><p>A pesquisa foi desenvolvida por uma discente do PPGPP, orientada por docente com s\u00f3lida trajet\u00f3ria na \u00e1rea ambiental e em educa\u00e7\u00e3o para a sustentabilidade. O projeto contou ainda com a colabora\u00e7\u00e3o de alunos de gradua\u00e7\u00e3o da UMC e permitiu uma viv\u00eancia de campo intensa e desafiadora, em que os estudantes tiveram contato direto com comunidades, gestores ambientais, t\u00e9cnicos de unidades de conserva\u00e7\u00e3o e membros de conselhos municipais, ampliando suas compet\u00eancias anal\u00edticas, metodol\u00f3gicas e pol\u00edticas.<\/p><p>Como desdobramento do estudo, foram geradas a\u00e7\u00f5es de extens\u00e3o comunit\u00e1ria, produ\u00e7\u00e3o de artigos acad\u00eamicos e um guia did\u00e1tico sobre a biodiversidade da Serra, voltado \u00e0 popula\u00e7\u00e3o local. A aluna respons\u00e1vel tornou-se refer\u00eancia no tema, sendo convidada para entrevistas, f\u00f3runs ambientais e eventos cient\u00edficos.<\/p><p>O trabalho ganhou repercuss\u00e3o nacional ao ser destacado no portal da CAPES como exemplo de pesquisa com impacto direto na sustentabilidade ambiental. Tamb\u00e9m foi mat\u00e9ria na TV Di\u00e1rio e em outros ve\u00edculos da imprensa local, que valorizaram o papel da universidade e dos jovens pesquisadores na prote\u00e7\u00e3o de ecossistemas estrat\u00e9gicos.<\/p><p>Essa visibilidade amplia o reconhecimento do PPGPP como programa engajado com as demandas territoriais e os Objetivos de Desenvolvimento Sustent\u00e1vel (ODS), sobretudo o ODS 15 (Vida Terrestre), o ODS 13 (A\u00e7\u00e3o contra a mudan\u00e7a global do clima) e o ODS 4 (Educa\u00e7\u00e3o de qualidade).<\/p><p>Um dos m\u00e9ritos da pesquisa foi sua capacidade de dialogar com a gest\u00e3o p\u00fablica e influenciar processos decis\u00f3rios. A partir dos dados levantados, foi poss\u00edvel contribuir com a constru\u00e7\u00e3o de documentos t\u00e9cnicos, relat\u00f3rios ambientais e pol\u00edticas de educa\u00e7\u00e3o ambiental no munic\u00edpio. A aproxima\u00e7\u00e3o com a Secretaria Municipal do Verde e Meio Ambiente e a Comiss\u00e3o Interinstitucional Municipal de Educa\u00e7\u00e3o Ambiental resultou na contribui\u00e7\u00e3o direta da equipe da pesquisa para o ProMEA (Programa Municipal de Educa\u00e7\u00e3o Ambiental), aprovado em 2024.<\/p><p>A pesquisa tamb\u00e9m foi usada como refer\u00eancia em espa\u00e7os institucionais de gest\u00e3o ambiental, como o Conselho Mogiano de Meio Ambiente (COMOMA) e o Conselho da APA da Serra do Itapeti. Os dados subsidiaram propostas para corredores ecol\u00f3gicos, programas de educa\u00e7\u00e3o ambiental e estrat\u00e9gias de recupera\u00e7\u00e3o de \u00e1reas degradadas.<\/p><p>A pesquisa se destacou tamb\u00e9m pelo uso de metodologias participativas e pela valoriza\u00e7\u00e3o do conhecimento popular e tradicional.As oficinas comunit\u00e1rias, os mapas afetivos, as rodas de conversa e os registros fotogr\u00e1ficos utilizados no projeto demonstram uma inova\u00e7\u00e3o metodol\u00f3gica que aproxima ci\u00eancia e sociedade, contribuindo para a democratiza\u00e7\u00e3o do conhecimento e o empoderamento das popula\u00e7\u00f5es locais.<\/p><p>No campo educacional, a pesquisa gerou impacto ao promover a\u00e7\u00f5es em escolas do entorno da Serra, colaborando com professores e gestores escolares na elabora\u00e7\u00e3o de projetos de educa\u00e7\u00e3o ambiental. A atua\u00e7\u00e3o do PPGPP junto \u00e0 Secretaria de Educa\u00e7\u00e3o de Mogi das Cruzes fortaleceu a produ\u00e7\u00e3o de material did\u00e1tico, incluindo a revista \u201cMinuto Natureza\u201d, coordenada por uma ex-aluna do Programa, com colabora\u00e7\u00e3o de docentes da linha de pesquisa em meio ambiente.<\/p><p>A pesquisa abriu caminho para uma s\u00e9rie de desdobramentos, incluindo novos projetos de inicia\u00e7\u00e3o cient\u00edfica, extens\u00e3o e disserta\u00e7\u00f5es de mestrado com foco em pol\u00edticas ambientais, percep\u00e7\u00e3o comunit\u00e1ria e territ\u00f3rios protegidos. Os resultados tamb\u00e9m contribu\u00edram para o fortalecimento do Laborat\u00f3rio de Flor\u00edstica e Sustentabilidade e do N\u00facleo de Ci\u00eancias Ambientais da UMC, espa\u00e7os de articula\u00e7\u00e3o entre ensino, pesquisa e extens\u00e3o.<\/p><p>O reconhecimento conquistado impulsionou a articula\u00e7\u00e3o com iniciativas regionais, como o Plano de A\u00e7\u00e3o Territorial para o Cintur\u00e3o Verde de S\u00e3o Paulo, com participa\u00e7\u00e3o de docentes do PPGPP. A perspectiva \u00e9 que os dados e m\u00e9todos da pesquisa sejam replicados em outras \u00e1reas protegidas do munic\u00edpio e da regi\u00e3o.<\/p><p>A pesquisa sobre a percep\u00e7\u00e3o socioambiental na Serra do Itapeti representa um exemplo de como a ci\u00eancia pode dialogar com os territ\u00f3rios, influenciar pol\u00edticas p\u00fablicas e formar profissionais comprometidos com a sustentabilidade. Trata-se de uma a\u00e7\u00e3o que re\u00fane rigor acad\u00eamico, sensibilidade social e impacto real, confirmando o compromisso do PPGPP com a constru\u00e7\u00e3o de pol\u00edticas p\u00fablicas efetivas, democr\u00e1ticas e ambientalmente respons\u00e1veis.<\/p><p>Por sua abrang\u00eancia, desdobramentos e articula\u00e7\u00e3o com diferentes dimens\u00f5es do desenvolvimento regional, essa a\u00e7\u00e3o se consolida como um destaque do Programa.<\/p><p>Assim, acredita-se que as a\u00e7\u00f5es\/produtos apresentados como destaques demonstram o impacto econ\u00f4mico, social, ambiental e cultural do PPGPP na regi\u00e3o de acordo com sua miss\u00e3o e seus objetivos. O curso de Doutorado, com in\u00edcio previsto para 2025 deve possibilitar a amplia\u00e7\u00e3o das a\u00e7\u00f5es desenvolvidas pelo PPGPP gerando maior impacto econ\u00f4mico, social e cultural do Programa, consolidando sua miss\u00e3o e objetivos de desenvolvimento regional, qualidade de vida e dignidade humana.<\/p><p>\u00a0<\/p>\t\t\t\t\t\t\t\t<\/div>\n\t\t\t\t<\/div>\n\t\t\t\t\t<\/div>\n\t\t\t\t<\/div>\n\t\t\t\t<\/div>\n\t\t","protected":false},"excerpt":{"rendered":"<p>A pesquisa sobre a percep\u00e7\u00e3o socioambiental dos moradores do entorno da Serra do Itapeti, desenvolvida no \u00e2mbito do PPGPP foi escolhida como uma das produ\u00e7\u00f5es que podem exemplificar o impacto econ\u00f4mico, social e ambiental das produ\u00e7\u00f5es acad\u00eamicas desenvolvidas no PPGPP. O impacto dessa pesquisa foi, inclusive, reconhecido nacionalmente, com destaque em canais oficiais da CAPES [&hellip;]<\/p>\n","protected":false},"author":5,"featured_media":8307,"comment_status":"open","ping_status":"closed","sticky":false,"template":"","format":"standard","meta":{"footnotes":""},"categories":[1],"tags":[],"class_list":["post-8306","post","type-post","status-publish","format-standard","has-post-thumbnail","hentry","category-noticias-ppgpp"],"blocksy_meta":[],"_links":{"self":[{"href":"https:\/\/www.umc.br\/stricto-sensu\/wp-json\/wp\/v2\/posts\/8306","targetHints":{"allow":["GET"]}}],"collection":[{"href":"https:\/\/www.umc.br\/stricto-sensu\/wp-json\/wp\/v2\/posts"}],"about":[{"href":"https:\/\/www.umc.br\/stricto-sensu\/wp-json\/wp\/v2\/types\/post"}],"author":[{"embeddable":true,"href":"https:\/\/www.umc.br\/stricto-sensu\/wp-json\/wp\/v2\/users\/5"}],"replies":[{"embeddable":true,"href":"https:\/\/www.umc.br\/stricto-sensu\/wp-json\/wp\/v2\/comments?post=8306"}],"version-history":[{"count":5,"href":"https:\/\/www.umc.br\/stricto-sensu\/wp-json\/wp\/v2\/posts\/8306\/revisions"}],"predecessor-version":[{"id":8312,"href":"https:\/\/www.umc.br\/stricto-sensu\/wp-json\/wp\/v2\/posts\/8306\/revisions\/8312"}],"wp:featuredmedia":[{"embeddable":true,"href":"https:\/\/www.umc.br\/stricto-sensu\/wp-json\/wp\/v2\/media\/8307"}],"wp:attachment":[{"href":"https:\/\/www.umc.br\/stricto-sensu\/wp-json\/wp\/v2\/media?parent=8306"}],"wp:term":[{"taxonomy":"category","embeddable":true,"href":"https:\/\/www.umc.br\/stricto-sensu\/wp-json\/wp\/v2\/categories?post=8306"},{"taxonomy":"post_tag","embeddable":true,"href":"https:\/\/www.umc.br\/stricto-sensu\/wp-json\/wp\/v2\/tags?post=8306"}],"curies":[{"name":"wp","href":"https:\/\/api.w.org\/{rel}","templated":true}]}}