{"id":7949,"date":"2025-05-08T13:38:04","date_gmt":"2025-05-08T13:38:04","guid":{"rendered":"https:\/\/www.umc.br\/stricto-sensu\/?p=7949"},"modified":"2025-05-08T13:39:04","modified_gmt":"2025-05-08T13:39:04","slug":"centenario-sediara-evento-com-o-tema-peixes-do-tiete-neste-sabado","status":"publish","type":"post","link":"https:\/\/www.umc.br\/stricto-sensu\/centenario-sediara-evento-com-o-tema-peixes-do-tiete-neste-sabado\/","title":{"rendered":"Centen\u00e1rio sediar\u00e1 evento com o tema \u201cPeixes do Tiet\u00ea\u201d, neste s\u00e1bado"},"content":{"rendered":"\t\t<div data-elementor-type=\"wp-post\" data-elementor-id=\"7949\" class=\"elementor elementor-7949\" data-elementor-settings=\"{&quot;ha_cmc_init_switcher&quot;:&quot;no&quot;}\" data-elementor-post-type=\"post\">\n\t\t\t\t<div class=\"elementor-element elementor-element-9369c58 e-flex e-con-boxed e-con e-parent\" data-id=\"9369c58\" data-element_type=\"container\" data-e-type=\"container\" data-settings=\"{&quot;_ha_eqh_enable&quot;:false}\">\n\t\t\t\t\t<div class=\"e-con-inner\">\n\t\t\t\t<div class=\"elementor-element elementor-element-852a804 elementor-widget elementor-widget-text-editor\" data-id=\"852a804\" data-element_type=\"widget\" data-e-type=\"widget\" data-settings=\"{&quot;ekit_we_effect_on&quot;:&quot;none&quot;}\" data-widget_type=\"text-editor.default\">\n\t\t\t\t<div class=\"elementor-widget-container\">\n\t\t\t\t\t\t\t\t\t<p><strong>O Di\u00e1rio de Mogi<\/strong><\/p><p>Outra reportagem que tamb\u00e9m destaca as atividades promovidas pelo PPGB foi publicada no O Di\u00e1rio de Mogi e relata sobre um evento que ocorreu no dia 26 de mar\u00e7o de 2022, no Parque Centen\u00e1rio de Mogi das Cruzes, o qual sediou um evento especial intitulado &#8220;Peixes do Tiet\u00ea&#8221;, promovido pela Secretaria Municipal do Verde e Meio Ambiente em parceria com o Programa de Biotecnologia da Universidade de Mogi das Cruzes (UMC).\u00a0A iniciativa, coordenada pelo Prof. Alexandre Hilsdorf, do NIB da UMC, teve como objetivo encerrar a programa\u00e7\u00e3o alusiva ao Dia Mundial da \u00c1gua, celebrado em 22 de mar\u00e7o, e conscientizar a comunidade sobre a import\u00e2ncia da preserva\u00e7\u00e3o dos recursos h\u00eddricos e das esp\u00e9cies nativas do Rio Tiet\u00ea.\u200b<\/p><p>O evento contou com diversas atividades l\u00fadicas direcionadas especialmente \u00e0s crian\u00e7as e fam\u00edlias, incluindo &#8220;Pesque e solte &amp; Quiz&#8221;, quebra-cabe\u00e7as tem\u00e1ticos, espa\u00e7os para fotografias, pintura facial, desenhos, pain\u00e9is informativos e sorteio de camisetas.\u00a0O ponto alto da programa\u00e7\u00e3o foi a soltura de peixes nativos no Rio Tiet\u00ea, proporcionando aos participantes uma experi\u00eancia pr\u00e1tica de conserva\u00e7\u00e3o ambiental.\u200b<\/p><p>A participa\u00e7\u00e3o ativa do NIB da UMC nesse evento destaca a relev\u00e2ncia do programa na promo\u00e7\u00e3o de a\u00e7\u00f5es de educa\u00e7\u00e3o ambiental e refor\u00e7a seu compromisso com a sustentabilidade e a preserva\u00e7\u00e3o dos ecossistemas locais.\u00a0Essa visibilidade positiva contribui para o fortalecimento da imagem da UMC como uma institui\u00e7\u00e3o engajada em iniciativas que beneficiam a comunidade e o meio ambiente.\u200b A reportagem completa pode ser acessada no site do O Di\u00e1rio de Mogi atrav\u00e9s do endere\u00e7o: <a href=\"https:\/\/www.odiariodemogi.net.br\/historico\/centenario-sediara-evento-com-o-tema-peixes-do-tiete-neste-sabado-1-37171\/\">https:\/\/www.odiariodemogi.net.br\/historico\/centenario-sediara-evento-com-o-tema-peixes-do-tiete-neste-sabado-1-37171\/<\/a><\/p>\t\t\t\t\t\t\t\t<\/div>\n\t\t\t\t<\/div>\n\t\t\t\t\t<\/div>\n\t\t\t\t<\/div>\n\t\t\t\t<\/div>\n\t\t","protected":false},"excerpt":{"rendered":"<p>O Di\u00e1rio de Mogi Outra reportagem que tamb\u00e9m destaca as atividades promovidas pelo PPGB foi publicada no O Di\u00e1rio de Mogi e relata sobre um evento que ocorreu no dia 26 de mar\u00e7o de 2022, no Parque Centen\u00e1rio de Mogi das Cruzes, o qual sediou um evento especial intitulado &#8220;Peixes do Tiet\u00ea&#8221;, promovido pela Secretaria [&hellip;]<\/p>\n","protected":false},"author":5,"featured_media":7950,"comment_status":"open","ping_status":"closed","sticky":false,"template":"","format":"standard","meta":{"footnotes":""},"categories":[20],"tags":[],"class_list":["post-7949","post","type-post","status-publish","format-standard","has-post-thumbnail","hentry","category-o-diario-de-mogi"],"blocksy_meta":[],"_links":{"self":[{"href":"https:\/\/www.umc.br\/stricto-sensu\/wp-json\/wp\/v2\/posts\/7949","targetHints":{"allow":["GET"]}}],"collection":[{"href":"https:\/\/www.umc.br\/stricto-sensu\/wp-json\/wp\/v2\/posts"}],"about":[{"href":"https:\/\/www.umc.br\/stricto-sensu\/wp-json\/wp\/v2\/types\/post"}],"author":[{"embeddable":true,"href":"https:\/\/www.umc.br\/stricto-sensu\/wp-json\/wp\/v2\/users\/5"}],"replies":[{"embeddable":true,"href":"https:\/\/www.umc.br\/stricto-sensu\/wp-json\/wp\/v2\/comments?post=7949"}],"version-history":[{"count":7,"href":"https:\/\/www.umc.br\/stricto-sensu\/wp-json\/wp\/v2\/posts\/7949\/revisions"}],"predecessor-version":[{"id":7957,"href":"https:\/\/www.umc.br\/stricto-sensu\/wp-json\/wp\/v2\/posts\/7949\/revisions\/7957"}],"wp:featuredmedia":[{"embeddable":true,"href":"https:\/\/www.umc.br\/stricto-sensu\/wp-json\/wp\/v2\/media\/7950"}],"wp:attachment":[{"href":"https:\/\/www.umc.br\/stricto-sensu\/wp-json\/wp\/v2\/media?parent=7949"}],"wp:term":[{"taxonomy":"category","embeddable":true,"href":"https:\/\/www.umc.br\/stricto-sensu\/wp-json\/wp\/v2\/categories?post=7949"},{"taxonomy":"post_tag","embeddable":true,"href":"https:\/\/www.umc.br\/stricto-sensu\/wp-json\/wp\/v2\/tags?post=7949"}],"curies":[{"name":"wp","href":"https:\/\/api.w.org\/{rel}","templated":true}]}}