{"id":7935,"date":"2025-05-08T13:02:45","date_gmt":"2025-05-08T13:02:45","guid":{"rendered":"https:\/\/www.umc.br\/stricto-sensu\/?p=7935"},"modified":"2025-05-08T13:13:55","modified_gmt":"2025-05-08T13:13:55","slug":"umc-acontece-edicao-181","status":"publish","type":"post","link":"https:\/\/www.umc.br\/stricto-sensu\/umc-acontece-edicao-181\/","title":{"rendered":"UMC Acontece &#8211; Edi\u00e7\u00e3o 181"},"content":{"rendered":"\t\t<div data-elementor-type=\"wp-post\" data-elementor-id=\"7935\" class=\"elementor elementor-7935\" data-elementor-settings=\"{&quot;ha_cmc_init_switcher&quot;:&quot;no&quot;}\" data-elementor-post-type=\"post\">\n\t\t\t\t<div class=\"elementor-element elementor-element-fdf0370 e-flex e-con-boxed e-con e-parent\" data-id=\"fdf0370\" data-element_type=\"container\" data-e-type=\"container\" data-settings=\"{&quot;_ha_eqh_enable&quot;:false}\">\n\t\t\t\t\t<div class=\"e-con-inner\">\n\t\t\t\t<div class=\"elementor-element elementor-element-e007b4e elementor-widget elementor-widget-text-editor\" data-id=\"e007b4e\" data-element_type=\"widget\" data-e-type=\"widget\" data-settings=\"{&quot;ekit_we_effect_on&quot;:&quot;none&quot;}\" data-widget_type=\"text-editor.default\">\n\t\t\t\t<div class=\"elementor-widget-container\">\n\t\t\t\t\t\t\t\t\t<ul><li><strong>Edi\u00e7\u00e3o 181: <\/strong>Aluna do Programa de Mestrado em Biotecnologia, Agnes Kobayashi Calvo de Sant\u2019ana, orientada da Prof\u00aa. Dra. Denise Costa Arruda, foi convidada para ministrar no dia 28 de outubro de 2024 a palestra \u201cC\u00e2ncer de Mama: Diagn\u00f3stico, Preven\u00e7\u00e3o e Novas Descobertas em Pesquisa Laboratorial\u201d, no 18\u00b0 Pitch Day \u2013 Mulheres De Neg\u00f3cios, no audit\u00f3rio Helbor Dual Patteo Mogilar em Mogi das Cruzes. A aluna foi convidada pela Dra. Ana Wolff, fundadora e presidente da Rede Mulher Forte. O evento tem como objetivo fomentar o empreendedorismo feminino, proporcionando visibilidade, parcerias e novos neg\u00f3cios para mulheres empreendedoras ou executivas. <a href=\"https:\/\/www.umc.br\/muts\/acontece\/acontece_181.pdf\">https:\/\/www.umc.br\/muts\/acontece\/acontece_181.pdf<\/a><\/li><\/ul>\t\t\t\t\t\t\t\t<\/div>\n\t\t\t\t<\/div>\n\t\t\t\t<div class=\"elementor-element elementor-element-f640e8a elementor-align-justify elementor-widget elementor-widget-button\" data-id=\"f640e8a\" data-element_type=\"widget\" data-e-type=\"widget\" data-settings=\"{&quot;ekit_we_effect_on&quot;:&quot;none&quot;}\" data-widget_type=\"button.default\">\n\t\t\t\t<div class=\"elementor-widget-container\">\n\t\t\t\t\t\t\t\t\t<div class=\"elementor-button-wrapper\">\n\t\t\t\t\t<a class=\"elementor-button elementor-button-link elementor-size-sm\" href=\"https:\/\/www.umc.br\/muts\/acontece\/acontece_181.pdf\" target=\"_blank\">\n\t\t\t\t\t\t<span class=\"elementor-button-content-wrapper\">\n\t\t\t\t\t\t<span class=\"elementor-button-icon\">\n\t\t\t\t<i aria-hidden=\"true\" class=\"huge huge-pdf-02\"><\/i>\t\t\t<\/span>\n\t\t\t\t\t\t\t\t\t<span class=\"elementor-button-text\">Edi\u00e7\u00e3o 124<\/span>\n\t\t\t\t\t<\/span>\n\t\t\t\t\t<\/a>\n\t\t\t\t<\/div>\n\t\t\t\t\t\t\t\t<\/div>\n\t\t\t\t<\/div>\n\t\t\t\t\t<\/div>\n\t\t\t\t<\/div>\n\t\t\t\t<\/div>\n\t\t","protected":false},"excerpt":{"rendered":"<p>Edi\u00e7\u00e3o 181: Aluna do Programa de Mestrado em Biotecnologia, Agnes Kobayashi Calvo de Sant\u2019ana, orientada da Prof\u00aa. Dra. Denise Costa Arruda, foi convidada para ministrar no dia 28 de outubro de 2024 a palestra \u201cC\u00e2ncer de Mama: Diagn\u00f3stico, Preven\u00e7\u00e3o e Novas Descobertas em Pesquisa Laboratorial\u201d, no 18\u00b0 Pitch Day \u2013 Mulheres De Neg\u00f3cios, no audit\u00f3rio [&hellip;]<\/p>\n","protected":false},"author":5,"featured_media":7937,"comment_status":"closed","ping_status":"closed","sticky":false,"template":"","format":"standard","meta":{"footnotes":""},"categories":[19],"tags":[],"class_list":["post-7935","post","type-post","status-publish","format-standard","has-post-thumbnail","hentry","category-umc-acontece"],"blocksy_meta":[],"_links":{"self":[{"href":"https:\/\/www.umc.br\/stricto-sensu\/wp-json\/wp\/v2\/posts\/7935","targetHints":{"allow":["GET"]}}],"collection":[{"href":"https:\/\/www.umc.br\/stricto-sensu\/wp-json\/wp\/v2\/posts"}],"about":[{"href":"https:\/\/www.umc.br\/stricto-sensu\/wp-json\/wp\/v2\/types\/post"}],"author":[{"embeddable":true,"href":"https:\/\/www.umc.br\/stricto-sensu\/wp-json\/wp\/v2\/users\/5"}],"replies":[{"embeddable":true,"href":"https:\/\/www.umc.br\/stricto-sensu\/wp-json\/wp\/v2\/comments?post=7935"}],"version-history":[{"count":5,"href":"https:\/\/www.umc.br\/stricto-sensu\/wp-json\/wp\/v2\/posts\/7935\/revisions"}],"predecessor-version":[{"id":7942,"href":"https:\/\/www.umc.br\/stricto-sensu\/wp-json\/wp\/v2\/posts\/7935\/revisions\/7942"}],"wp:featuredmedia":[{"embeddable":true,"href":"https:\/\/www.umc.br\/stricto-sensu\/wp-json\/wp\/v2\/media\/7937"}],"wp:attachment":[{"href":"https:\/\/www.umc.br\/stricto-sensu\/wp-json\/wp\/v2\/media?parent=7935"}],"wp:term":[{"taxonomy":"category","embeddable":true,"href":"https:\/\/www.umc.br\/stricto-sensu\/wp-json\/wp\/v2\/categories?post=7935"},{"taxonomy":"post_tag","embeddable":true,"href":"https:\/\/www.umc.br\/stricto-sensu\/wp-json\/wp\/v2\/tags?post=7935"}],"curies":[{"name":"wp","href":"https:\/\/api.w.org\/{rel}","templated":true}]}}