{"id":7918,"date":"2025-05-07T15:26:58","date_gmt":"2025-05-07T15:26:58","guid":{"rendered":"https:\/\/www.umc.br\/stricto-sensu\/?p=7918"},"modified":"2025-05-07T15:28:06","modified_gmt":"2025-05-07T15:28:06","slug":"umc-acontece-edicao-177","status":"publish","type":"post","link":"https:\/\/www.umc.br\/stricto-sensu\/umc-acontece-edicao-177\/","title":{"rendered":"UMC Acontece &#8211; Edi\u00e7\u00e3o 177"},"content":{"rendered":"\t\t<div data-elementor-type=\"wp-post\" data-elementor-id=\"7918\" class=\"elementor elementor-7918\" data-elementor-settings=\"{&quot;ha_cmc_init_switcher&quot;:&quot;no&quot;}\" data-elementor-post-type=\"post\">\n\t\t\t\t<div class=\"elementor-element elementor-element-fdf0370 e-flex e-con-boxed e-con e-parent\" data-id=\"fdf0370\" data-element_type=\"container\" data-e-type=\"container\" data-settings=\"{&quot;_ha_eqh_enable&quot;:false}\">\n\t\t\t\t\t<div class=\"e-con-inner\">\n\t\t\t\t<div class=\"elementor-element elementor-element-e007b4e elementor-widget elementor-widget-text-editor\" data-id=\"e007b4e\" data-element_type=\"widget\" data-e-type=\"widget\" data-settings=\"{&quot;ekit_we_effect_on&quot;:&quot;none&quot;}\" data-widget_type=\"text-editor.default\">\n\t\t\t\t<div class=\"elementor-widget-container\">\n\t\t\t\t\t\t\t\t\t<p><strong>Edi\u00e7\u00e3o 177: <\/strong>A discente do programa de Doutorado em Biotecnologia, Samantha Marx de Castro, foi agraciada com o Pr\u00eamio de Primeiro Lugar, apresenta\u00e7\u00e3o oral, no VII Simp\u00f3sio Internacional de Entomologia em Vi\u00e7osa, Minas Gerais no ano de 2023. O trabalho apresentado pela discente abordava a tem\u00e1tica da influ\u00eancia do manejo agr\u00edcola e da paisagem nas redes de intera\u00e7\u00e3o abelha-planta no Cintur\u00e3o Verde Paulista destacando o papel da biotecnologia na conserva\u00e7\u00e3o da biodiversidade e no fortalecimento do impacto social positivo. A biotecnologia permite o monitoramento das popula\u00e7\u00f5es de abelhas e das redes de poliniza\u00e7\u00e3o, por meio de t\u00e9cnicas como an\u00e1lise gen\u00e9tica e bioprospec\u00e7\u00e3o, contribuindo para identificar os efeitos de pr\u00e1ticas agr\u00edcolas intensivas, como o uso de agrot\u00f3xicos e monoculturas. Al\u00e9m disso, solu\u00e7\u00f5es biotecnol\u00f3gicas, como biofertilizantes e biopesticidas, podem ser aplicadas para minimizar os impactos negativos sobre as intera\u00e7\u00f5es abelha-planta. No aspecto social, a preserva\u00e7\u00e3o desses polinizadores garante a seguran\u00e7a alimentar e a sustentabilidade da agricultura local, beneficiando diretamente agricultores e comunidades dependentes da produ\u00e7\u00e3o agr\u00edcola. Al\u00e9m de apresentar sua pesquisa, Samantha tamb\u00e9m faz parte da Sociedade Entomol\u00f3gica Brasileira Jovem e fez parte da comiss\u00e3o cient\u00edfica do congresso, contribuindo para a avalia\u00e7\u00e3o dos resumos, a divulga\u00e7\u00e3o do evento e a cria\u00e7\u00e3o de ilustra\u00e7\u00f5es. <a href=\"https:\/\/www.umc.br\/muts\/acontece\/acontece_177.pdf\">https:\/\/www.umc.br\/muts\/acontece\/acontece_177.pdf<\/a><\/p><p>\u00a0<\/p>\t\t\t\t\t\t\t\t<\/div>\n\t\t\t\t<\/div>\n\t\t\t\t<div class=\"elementor-element elementor-element-f640e8a elementor-align-justify elementor-widget elementor-widget-button\" data-id=\"f640e8a\" data-element_type=\"widget\" data-e-type=\"widget\" data-settings=\"{&quot;ekit_we_effect_on&quot;:&quot;none&quot;}\" data-widget_type=\"button.default\">\n\t\t\t\t<div class=\"elementor-widget-container\">\n\t\t\t\t\t\t\t\t\t<div class=\"elementor-button-wrapper\">\n\t\t\t\t\t<a class=\"elementor-button elementor-button-link elementor-size-sm\" href=\"https:\/\/www.umc.br\/muts\/acontece\/acontece_177.pdf\" target=\"_blank\">\n\t\t\t\t\t\t<span class=\"elementor-button-content-wrapper\">\n\t\t\t\t\t\t<span class=\"elementor-button-icon\">\n\t\t\t\t<i aria-hidden=\"true\" class=\"huge huge-pdf-02\"><\/i>\t\t\t<\/span>\n\t\t\t\t\t\t\t\t\t<span class=\"elementor-button-text\">Edi\u00e7\u00e3o 124<\/span>\n\t\t\t\t\t<\/span>\n\t\t\t\t\t<\/a>\n\t\t\t\t<\/div>\n\t\t\t\t\t\t\t\t<\/div>\n\t\t\t\t<\/div>\n\t\t\t\t\t<\/div>\n\t\t\t\t<\/div>\n\t\t\t\t<\/div>\n\t\t","protected":false},"excerpt":{"rendered":"<p>Edi\u00e7\u00e3o 177: A discente do programa de Doutorado em Biotecnologia, Samantha Marx de Castro, foi agraciada com o Pr\u00eamio de Primeiro Lugar, apresenta\u00e7\u00e3o oral, no VII Simp\u00f3sio Internacional de Entomologia em Vi\u00e7osa, Minas Gerais no ano de 2023. O trabalho apresentado pela discente abordava a tem\u00e1tica da influ\u00eancia do manejo agr\u00edcola e da paisagem nas [&hellip;]<\/p>\n","protected":false},"author":5,"featured_media":7904,"comment_status":"closed","ping_status":"closed","sticky":false,"template":"","format":"standard","meta":{"footnotes":""},"categories":[19],"tags":[],"class_list":["post-7918","post","type-post","status-publish","format-standard","has-post-thumbnail","hentry","category-umc-acontece"],"blocksy_meta":[],"_links":{"self":[{"href":"https:\/\/www.umc.br\/stricto-sensu\/wp-json\/wp\/v2\/posts\/7918","targetHints":{"allow":["GET"]}}],"collection":[{"href":"https:\/\/www.umc.br\/stricto-sensu\/wp-json\/wp\/v2\/posts"}],"about":[{"href":"https:\/\/www.umc.br\/stricto-sensu\/wp-json\/wp\/v2\/types\/post"}],"author":[{"embeddable":true,"href":"https:\/\/www.umc.br\/stricto-sensu\/wp-json\/wp\/v2\/users\/5"}],"replies":[{"embeddable":true,"href":"https:\/\/www.umc.br\/stricto-sensu\/wp-json\/wp\/v2\/comments?post=7918"}],"version-history":[{"count":5,"href":"https:\/\/www.umc.br\/stricto-sensu\/wp-json\/wp\/v2\/posts\/7918\/revisions"}],"predecessor-version":[{"id":7923,"href":"https:\/\/www.umc.br\/stricto-sensu\/wp-json\/wp\/v2\/posts\/7918\/revisions\/7923"}],"wp:featuredmedia":[{"embeddable":true,"href":"https:\/\/www.umc.br\/stricto-sensu\/wp-json\/wp\/v2\/media\/7904"}],"wp:attachment":[{"href":"https:\/\/www.umc.br\/stricto-sensu\/wp-json\/wp\/v2\/media?parent=7918"}],"wp:term":[{"taxonomy":"category","embeddable":true,"href":"https:\/\/www.umc.br\/stricto-sensu\/wp-json\/wp\/v2\/categories?post=7918"},{"taxonomy":"post_tag","embeddable":true,"href":"https:\/\/www.umc.br\/stricto-sensu\/wp-json\/wp\/v2\/tags?post=7918"}],"curies":[{"name":"wp","href":"https:\/\/api.w.org\/{rel}","templated":true}]}}