{"id":7884,"date":"2025-05-07T14:27:02","date_gmt":"2025-05-07T14:27:02","guid":{"rendered":"https:\/\/www.umc.br\/stricto-sensu\/?p=7884"},"modified":"2025-05-07T15:21:08","modified_gmt":"2025-05-07T15:21:08","slug":"umc-acontece-edicao-127","status":"publish","type":"post","link":"https:\/\/www.umc.br\/stricto-sensu\/umc-acontece-edicao-127\/","title":{"rendered":"UMC Acontece &#8211; Edi\u00e7\u00e3o 172"},"content":{"rendered":"\t\t<div data-elementor-type=\"wp-post\" data-elementor-id=\"7884\" class=\"elementor elementor-7884\" data-elementor-settings=\"{&quot;ha_cmc_init_switcher&quot;:&quot;no&quot;}\" data-elementor-post-type=\"post\">\n\t\t\t\t<div class=\"elementor-element elementor-element-fdf0370 e-flex e-con-boxed e-con e-parent\" data-id=\"fdf0370\" data-element_type=\"container\" data-e-type=\"container\" data-settings=\"{&quot;_ha_eqh_enable&quot;:false}\">\n\t\t\t\t\t<div class=\"e-con-inner\">\n\t\t\t\t<div class=\"elementor-element elementor-element-e007b4e elementor-widget elementor-widget-text-editor\" data-id=\"e007b4e\" data-element_type=\"widget\" data-e-type=\"widget\" data-settings=\"{&quot;ekit_we_effect_on&quot;:&quot;none&quot;}\" data-widget_type=\"text-editor.default\">\n\t\t\t\t<div class=\"elementor-widget-container\">\n\t\t\t\t\t\t\t\t\t<p><strong>Edi\u00e7\u00e3o 172:<\/strong>Informa sobre o lan\u00e7amento do livro &#8220;Darwin e Mendel &#8211; Um Encontro Improv\u00e1vel&#8221; pelo Prof. Dr. Alexandre Hilsdorf, integrante do N\u00facleo Integrado de Biotecnologia da UMC, durante o 69\u00ba Congresso Brasileiro de Gen\u00e9tica. A obra, em formato de pe\u00e7a teatral, explora aspectos da vida dos dois naturalistas, contribuindo para a dissemina\u00e7\u00e3o do conhecimento cient\u00edfico de forma acess\u00edvel.\u200b <a href=\"https:\/\/www.umc.br\/muts\/acontece\/acontece_172.pdf\">https:\/\/www.umc.br\/muts\/acontece\/acontece_172.pdf<\/a><\/p>\t\t\t\t\t\t\t\t<\/div>\n\t\t\t\t<\/div>\n\t\t\t\t<div class=\"elementor-element elementor-element-f640e8a elementor-align-justify elementor-widget elementor-widget-button\" data-id=\"f640e8a\" data-element_type=\"widget\" data-e-type=\"widget\" data-settings=\"{&quot;ekit_we_effect_on&quot;:&quot;none&quot;}\" data-widget_type=\"button.default\">\n\t\t\t\t<div class=\"elementor-widget-container\">\n\t\t\t\t\t\t\t\t\t<div class=\"elementor-button-wrapper\">\n\t\t\t\t\t<a class=\"elementor-button elementor-button-link elementor-size-sm\" href=\"https:\/\/www.umc.br\/muts\/acontece\/acontece_172.pdf\" target=\"_blank\">\n\t\t\t\t\t\t<span class=\"elementor-button-content-wrapper\">\n\t\t\t\t\t\t<span class=\"elementor-button-icon\">\n\t\t\t\t<i aria-hidden=\"true\" class=\"huge huge-pdf-02\"><\/i>\t\t\t<\/span>\n\t\t\t\t\t\t\t\t\t<span class=\"elementor-button-text\">Edi\u00e7\u00e3o 124<\/span>\n\t\t\t\t\t<\/span>\n\t\t\t\t\t<\/a>\n\t\t\t\t<\/div>\n\t\t\t\t\t\t\t\t<\/div>\n\t\t\t\t<\/div>\n\t\t\t\t\t<\/div>\n\t\t\t\t<\/div>\n\t\t\t\t<\/div>\n\t\t","protected":false},"excerpt":{"rendered":"<p>Edi\u00e7\u00e3o 172:Informa sobre o lan\u00e7amento do livro &#8220;Darwin e Mendel &#8211; Um Encontro Improv\u00e1vel&#8221; pelo Prof. Dr. Alexandre Hilsdorf, integrante do N\u00facleo Integrado de Biotecnologia da UMC, durante o 69\u00ba Congresso Brasileiro de Gen\u00e9tica. A obra, em formato de pe\u00e7a teatral, explora aspectos da vida dos dois naturalistas, contribuindo para a dissemina\u00e7\u00e3o do conhecimento cient\u00edfico [&hellip;]<\/p>\n","protected":false},"author":5,"featured_media":7886,"comment_status":"closed","ping_status":"closed","sticky":false,"template":"","format":"standard","meta":{"footnotes":""},"categories":[19],"tags":[],"class_list":["post-7884","post","type-post","status-publish","format-standard","has-post-thumbnail","hentry","category-umc-acontece"],"blocksy_meta":[],"_links":{"self":[{"href":"https:\/\/www.umc.br\/stricto-sensu\/wp-json\/wp\/v2\/posts\/7884","targetHints":{"allow":["GET"]}}],"collection":[{"href":"https:\/\/www.umc.br\/stricto-sensu\/wp-json\/wp\/v2\/posts"}],"about":[{"href":"https:\/\/www.umc.br\/stricto-sensu\/wp-json\/wp\/v2\/types\/post"}],"author":[{"embeddable":true,"href":"https:\/\/www.umc.br\/stricto-sensu\/wp-json\/wp\/v2\/users\/5"}],"replies":[{"embeddable":true,"href":"https:\/\/www.umc.br\/stricto-sensu\/wp-json\/wp\/v2\/comments?post=7884"}],"version-history":[{"count":7,"href":"https:\/\/www.umc.br\/stricto-sensu\/wp-json\/wp\/v2\/posts\/7884\/revisions"}],"predecessor-version":[{"id":7912,"href":"https:\/\/www.umc.br\/stricto-sensu\/wp-json\/wp\/v2\/posts\/7884\/revisions\/7912"}],"wp:featuredmedia":[{"embeddable":true,"href":"https:\/\/www.umc.br\/stricto-sensu\/wp-json\/wp\/v2\/media\/7886"}],"wp:attachment":[{"href":"https:\/\/www.umc.br\/stricto-sensu\/wp-json\/wp\/v2\/media?parent=7884"}],"wp:term":[{"taxonomy":"category","embeddable":true,"href":"https:\/\/www.umc.br\/stricto-sensu\/wp-json\/wp\/v2\/categories?post=7884"},{"taxonomy":"post_tag","embeddable":true,"href":"https:\/\/www.umc.br\/stricto-sensu\/wp-json\/wp\/v2\/tags?post=7884"}],"curies":[{"name":"wp","href":"https:\/\/api.w.org\/{rel}","templated":true}]}}