{"id":7874,"date":"2025-05-07T14:17:10","date_gmt":"2025-05-07T14:17:10","guid":{"rendered":"https:\/\/www.umc.br\/stricto-sensu\/?p=7874"},"modified":"2025-05-07T14:24:27","modified_gmt":"2025-05-07T14:24:27","slug":"umc-acontece-edicao-152","status":"publish","type":"post","link":"https:\/\/www.umc.br\/stricto-sensu\/umc-acontece-edicao-152\/","title":{"rendered":"UMC Acontece &#8211; Edi\u00e7\u00e3o  152"},"content":{"rendered":"\t\t<div data-elementor-type=\"wp-post\" data-elementor-id=\"7874\" class=\"elementor elementor-7874\" data-elementor-settings=\"{&quot;ha_cmc_init_switcher&quot;:&quot;no&quot;}\" data-elementor-post-type=\"post\">\n\t\t\t\t<div class=\"elementor-element elementor-element-c5f27e1 e-flex e-con-boxed e-con e-parent\" data-id=\"c5f27e1\" data-element_type=\"container\" data-e-type=\"container\" data-settings=\"{&quot;_ha_eqh_enable&quot;:false}\">\n\t\t\t\t\t<div class=\"e-con-inner\">\n\t\t\t\t<div class=\"elementor-element elementor-element-e742963 elementor-widget elementor-widget-text-editor\" data-id=\"e742963\" data-element_type=\"widget\" data-e-type=\"widget\" data-settings=\"{&quot;ekit_we_effect_on&quot;:&quot;none&quot;}\" data-widget_type=\"text-editor.default\">\n\t\t\t\t<div class=\"elementor-widget-container\">\n\t\t\t\t\t\t\t\t\t<p><strong>Edi\u00e7\u00e3o 152:<\/strong> Durante os dias 19 e 20 de mar\u00e7o de 2023, as alunas de Doutorado em Biotecnologia, Maria Carolina Mariano C\u00e9sar e Juliana Machado Anast\u00e1cio, ambas orientadas da participaram Prof\u00aa. Dra. Denise Costa Arruda, tamb\u00e9m foram convidadas a participarem como avaliadoras da Feira Brasileira de Ci\u00eancias e Engenharia (FEBRACE). A FEBRACE, \u00e9 um evento cient\u00edfico que \u00e9 realizada na Universidade de S\u00e3o Paulo e tem por objetivo avaliar e selecionar projetos cient\u00edficos e tecnol\u00f3gicos de estudantes e professores da educa\u00e7\u00e3o b\u00e1sica e t\u00e9cnica de todo o Brasil. Os melhores trabalhos s\u00e3o selecionados e os estudantes participam de feiras de ci\u00eancias internacionais. O objetivo do programa \u00e9 estimular a ci\u00eancia, pesquisa, inova\u00e7\u00e3o e o empreendedorismo em jovens estudantes. <a href=\"https:\/\/www.umc.br\/muts\/acontece\/acontece_152.pdf\">https:\/\/www.umc.br\/muts\/acontece\/acontece_152.pdf<\/a><\/p>\t\t\t\t\t\t\t\t<\/div>\n\t\t\t\t<\/div>\n\t\t\t\t<div class=\"elementor-element elementor-element-dc4842d elementor-align-justify elementor-widget elementor-widget-button\" data-id=\"dc4842d\" data-element_type=\"widget\" data-e-type=\"widget\" data-settings=\"{&quot;ekit_we_effect_on&quot;:&quot;none&quot;}\" data-widget_type=\"button.default\">\n\t\t\t\t<div class=\"elementor-widget-container\">\n\t\t\t\t\t\t\t\t\t<div class=\"elementor-button-wrapper\">\n\t\t\t\t\t<a class=\"elementor-button elementor-button-link elementor-size-sm\" href=\"https:\/\/www.umc.br\/muts\/acontece\/acontece_152.pdf\" target=\"_blank\">\n\t\t\t\t\t\t<span class=\"elementor-button-content-wrapper\">\n\t\t\t\t\t\t<span class=\"elementor-button-icon\">\n\t\t\t\t<i aria-hidden=\"true\" class=\"huge huge-pdf-02\"><\/i>\t\t\t<\/span>\n\t\t\t\t\t\t\t\t\t<span class=\"elementor-button-text\">Edi\u00e7\u00e3o 124<\/span>\n\t\t\t\t\t<\/span>\n\t\t\t\t\t<\/a>\n\t\t\t\t<\/div>\n\t\t\t\t\t\t\t\t<\/div>\n\t\t\t\t<\/div>\n\t\t\t\t\t<\/div>\n\t\t\t\t<\/div>\n\t\t\t\t<\/div>\n\t\t","protected":false},"excerpt":{"rendered":"<p>Edi\u00e7\u00e3o 152: Durante os dias 19 e 20 de mar\u00e7o de 2023, as alunas de Doutorado em Biotecnologia, Maria Carolina Mariano C\u00e9sar e Juliana Machado Anast\u00e1cio, ambas orientadas da participaram Prof\u00aa. Dra. Denise Costa Arruda, tamb\u00e9m foram convidadas a participarem como avaliadoras da Feira Brasileira de Ci\u00eancias e Engenharia (FEBRACE). A FEBRACE, \u00e9 um evento [&hellip;]<\/p>\n","protected":false},"author":5,"featured_media":7878,"comment_status":"closed","ping_status":"closed","sticky":false,"template":"","format":"standard","meta":{"footnotes":""},"categories":[19],"tags":[],"class_list":["post-7874","post","type-post","status-publish","format-standard","has-post-thumbnail","hentry","category-umc-acontece"],"blocksy_meta":[],"_links":{"self":[{"href":"https:\/\/www.umc.br\/stricto-sensu\/wp-json\/wp\/v2\/posts\/7874","targetHints":{"allow":["GET"]}}],"collection":[{"href":"https:\/\/www.umc.br\/stricto-sensu\/wp-json\/wp\/v2\/posts"}],"about":[{"href":"https:\/\/www.umc.br\/stricto-sensu\/wp-json\/wp\/v2\/types\/post"}],"author":[{"embeddable":true,"href":"https:\/\/www.umc.br\/stricto-sensu\/wp-json\/wp\/v2\/users\/5"}],"replies":[{"embeddable":true,"href":"https:\/\/www.umc.br\/stricto-sensu\/wp-json\/wp\/v2\/comments?post=7874"}],"version-history":[{"count":8,"href":"https:\/\/www.umc.br\/stricto-sensu\/wp-json\/wp\/v2\/posts\/7874\/revisions"}],"predecessor-version":[{"id":7883,"href":"https:\/\/www.umc.br\/stricto-sensu\/wp-json\/wp\/v2\/posts\/7874\/revisions\/7883"}],"wp:featuredmedia":[{"embeddable":true,"href":"https:\/\/www.umc.br\/stricto-sensu\/wp-json\/wp\/v2\/media\/7878"}],"wp:attachment":[{"href":"https:\/\/www.umc.br\/stricto-sensu\/wp-json\/wp\/v2\/media?parent=7874"}],"wp:term":[{"taxonomy":"category","embeddable":true,"href":"https:\/\/www.umc.br\/stricto-sensu\/wp-json\/wp\/v2\/categories?post=7874"},{"taxonomy":"post_tag","embeddable":true,"href":"https:\/\/www.umc.br\/stricto-sensu\/wp-json\/wp\/v2\/tags?post=7874"}],"curies":[{"name":"wp","href":"https:\/\/api.w.org\/{rel}","templated":true}]}}