{"id":7676,"date":"2025-05-05T18:03:17","date_gmt":"2025-05-05T18:03:17","guid":{"rendered":"https:\/\/www.umc.br\/stricto-sensu\/?p=7676"},"modified":"2025-05-05T18:06:29","modified_gmt":"2025-05-05T18:06:29","slug":"umc-acontece-edicao-131","status":"publish","type":"post","link":"https:\/\/www.umc.br\/stricto-sensu\/umc-acontece-edicao-131\/","title":{"rendered":"UMC Acontece &#8211; Edi\u00e7\u00e3o 131"},"content":{"rendered":"\t\t<div data-elementor-type=\"wp-post\" data-elementor-id=\"7676\" class=\"elementor elementor-7676\" data-elementor-settings=\"{&quot;ha_cmc_init_switcher&quot;:&quot;no&quot;}\" data-elementor-post-type=\"post\">\n\t\t\t\t<div class=\"elementor-element elementor-element-fdf0370 e-flex e-con-boxed e-con e-parent\" data-id=\"fdf0370\" data-element_type=\"container\" data-e-type=\"container\" data-settings=\"{&quot;_ha_eqh_enable&quot;:false}\">\n\t\t\t\t\t<div class=\"e-con-inner\">\n\t\t\t\t<div class=\"elementor-element elementor-element-e007b4e elementor-widget elementor-widget-text-editor\" data-id=\"e007b4e\" data-element_type=\"widget\" data-e-type=\"widget\" data-settings=\"{&quot;ekit_we_effect_on&quot;:&quot;none&quot;}\" data-widget_type=\"text-editor.default\">\n\t\t\t\t<div class=\"elementor-widget-container\">\n\t\t\t\t\t\t\t\t\t<p><strong>Edi\u00e7\u00e3o 131:<\/strong>\u00a0Palestra que ocorreu em parceria com o CIGEX foi Gest\u00e3o de dados cient\u00edficos e os princ\u00edpios FAIR\u201d, ministrada pelo Professor da Universidade de Lisboa, Dr. Jorge Oliveira. O evento, realizado atrav\u00e9s da plataforma Microsoft Teams, \u00e9 parte integrante do &#8220;Ready for BioData Management?&#8221;, um programa de capacita\u00e7\u00e3o em gest\u00e3o de dados para as ci\u00eancias da vida para capacitar investigadores e institui\u00e7\u00f5es na gest\u00e3o dos seus dados de forma mais eficaz e eficiente.<\/p>\t\t\t\t\t\t\t\t<\/div>\n\t\t\t\t<\/div>\n\t\t\t\t<div class=\"elementor-element elementor-element-f640e8a elementor-align-justify elementor-widget elementor-widget-button\" data-id=\"f640e8a\" data-element_type=\"widget\" data-e-type=\"widget\" data-settings=\"{&quot;ekit_we_effect_on&quot;:&quot;none&quot;}\" data-widget_type=\"button.default\">\n\t\t\t\t<div class=\"elementor-widget-container\">\n\t\t\t\t\t\t\t\t\t<div class=\"elementor-button-wrapper\">\n\t\t\t\t\t<a class=\"elementor-button elementor-button-link elementor-size-sm\" href=\"https:\/\/www.umc.br\/muts\/acontece\/acontece_131.pdf\" target=\"_blank\">\n\t\t\t\t\t\t<span class=\"elementor-button-content-wrapper\">\n\t\t\t\t\t\t<span class=\"elementor-button-icon\">\n\t\t\t\t<i aria-hidden=\"true\" class=\"huge huge-pdf-02\"><\/i>\t\t\t<\/span>\n\t\t\t\t\t\t\t\t\t<span class=\"elementor-button-text\">Edi\u00e7\u00e3o 131<\/span>\n\t\t\t\t\t<\/span>\n\t\t\t\t\t<\/a>\n\t\t\t\t<\/div>\n\t\t\t\t\t\t\t\t<\/div>\n\t\t\t\t<\/div>\n\t\t\t\t\t<\/div>\n\t\t\t\t<\/div>\n\t\t\t\t<\/div>\n\t\t","protected":false},"excerpt":{"rendered":"<p>Edi\u00e7\u00e3o 131:\u00a0Palestra que ocorreu em parceria com o CIGEX foi Gest\u00e3o de dados cient\u00edficos e os princ\u00edpios FAIR\u201d, ministrada pelo Professor da Universidade de Lisboa, Dr. Jorge Oliveira. O evento, realizado atrav\u00e9s da plataforma Microsoft Teams, \u00e9 parte integrante do &#8220;Ready for BioData Management?&#8221;, um programa de capacita\u00e7\u00e3o em gest\u00e3o de dados para as ci\u00eancias [&hellip;]<\/p>\n","protected":false},"author":5,"featured_media":7681,"comment_status":"closed","ping_status":"closed","sticky":false,"template":"","format":"standard","meta":{"footnotes":""},"categories":[19],"tags":[],"class_list":["post-7676","post","type-post","status-publish","format-standard","has-post-thumbnail","hentry","category-umc-acontece"],"blocksy_meta":[],"_links":{"self":[{"href":"https:\/\/www.umc.br\/stricto-sensu\/wp-json\/wp\/v2\/posts\/7676","targetHints":{"allow":["GET"]}}],"collection":[{"href":"https:\/\/www.umc.br\/stricto-sensu\/wp-json\/wp\/v2\/posts"}],"about":[{"href":"https:\/\/www.umc.br\/stricto-sensu\/wp-json\/wp\/v2\/types\/post"}],"author":[{"embeddable":true,"href":"https:\/\/www.umc.br\/stricto-sensu\/wp-json\/wp\/v2\/users\/5"}],"replies":[{"embeddable":true,"href":"https:\/\/www.umc.br\/stricto-sensu\/wp-json\/wp\/v2\/comments?post=7676"}],"version-history":[{"count":5,"href":"https:\/\/www.umc.br\/stricto-sensu\/wp-json\/wp\/v2\/posts\/7676\/revisions"}],"predecessor-version":[{"id":7682,"href":"https:\/\/www.umc.br\/stricto-sensu\/wp-json\/wp\/v2\/posts\/7676\/revisions\/7682"}],"wp:featuredmedia":[{"embeddable":true,"href":"https:\/\/www.umc.br\/stricto-sensu\/wp-json\/wp\/v2\/media\/7681"}],"wp:attachment":[{"href":"https:\/\/www.umc.br\/stricto-sensu\/wp-json\/wp\/v2\/media?parent=7676"}],"wp:term":[{"taxonomy":"category","embeddable":true,"href":"https:\/\/www.umc.br\/stricto-sensu\/wp-json\/wp\/v2\/categories?post=7676"},{"taxonomy":"post_tag","embeddable":true,"href":"https:\/\/www.umc.br\/stricto-sensu\/wp-json\/wp\/v2\/tags?post=7676"}],"curies":[{"name":"wp","href":"https:\/\/api.w.org\/{rel}","templated":true}]}}