{"id":1967,"date":"2011-02-16T20:18:23","date_gmt":"2011-02-16T20:18:23","guid":{"rendered":"https:\/\/www4.umc.br\/projetosocial\/?p=1967"},"modified":"2022-07-27T20:20:36","modified_gmt":"2022-07-27T20:20:36","slug":"projeto-social-umc-faep-volta-as-aulas-no-proximo-dia-26-02","status":"publish","type":"post","link":"https:\/\/www.umc.br\/projetosocial\/projeto-social-umc-faep-volta-as-aulas-no-proximo-dia-26-02\/","title":{"rendered":"Projeto Social UMC\/Faep volta \u00e0s aulas no pr\u00f3ximo dia 26\/02"},"content":{"rendered":"\t\t<div data-elementor-type=\"wp-post\" data-elementor-id=\"1967\" class=\"elementor elementor-1967\" data-elementor-settings=\"{&quot;ha_cmc_init_switcher&quot;:&quot;no&quot;}\" data-elementor-post-type=\"post\">\n\t\t\t\t<div data-particle_enable=\"false\" data-particle-mobile-disabled=\"false\" class=\"elementor-element elementor-element-db1910c e-flex e-con-boxed wpr-particle-no wpr-jarallax-no wpr-parallax-no wpr-sticky-section-no wpr-equal-height-no e-con e-parent\" data-id=\"db1910c\" data-element_type=\"container\" data-e-type=\"container\" data-settings=\"{&quot;_ha_eqh_enable&quot;:false,&quot;ekit_has_onepagescroll_dot&quot;:&quot;yes&quot;}\">\n\t\t\t\t\t<div class=\"e-con-inner\">\n\t\t\t\t<div class=\"elementor-element elementor-element-56a0bd0 elementor-widget elementor-widget-text-editor\" data-id=\"56a0bd0\" data-element_type=\"widget\" data-e-type=\"widget\" data-settings=\"{&quot;ekit_we_effect_on&quot;:&quot;none&quot;}\" data-widget_type=\"text-editor.default\">\n\t\t\t\t<div class=\"elementor-widget-container\">\n\t\t\t\t\t\t\t\t\t<p>O Projeto Social de Inclus\u00e3o pelo Esporte e Cultura UMC\/Faep reinicia suas atividades, com a popula\u00e7\u00e3o, no pr\u00f3ximo dia 26\/02, \u00e0s 8 horas. No \u00faltimo s\u00e1bado (19\/02), foi realizada, no Gin\u00e1sio 1 do Centro Esportivo da UMC, a primeira reuni\u00e3o entre a coordena\u00e7\u00e3o, os respons\u00e1veis pelas crian\u00e7as participantes do projeto e a turma do Clube da Melhor Idade.<br \/><br \/>O objetivo do encontro foi garantir a vaga dos antigos participantes na iniciativa, que \u00e9 desenvolvida pela Universidade de Mogi das Cruzes em parceria com a Funda\u00e7\u00e3o de Amparo ao Ensino e Pesquisa (FAEP). Durante a reuni\u00e3o os respons\u00e1veis definiram as atividades que seus filhos desejam praticar este ano, receberam o calend\u00e1rio de aulas e as carteirinhas, al\u00e9m de terem entregado a documenta\u00e7\u00e3o necess\u00e1ria para participa\u00e7\u00e3o: atestado m\u00e9dico e declara\u00e7\u00e3o de escolaridade.<br \/><br \/>J\u00e1 os novos alunos dever\u00e3o levar, neste s\u00e1bado, dia 26, o comprovante de endere\u00e7o, duas fotos 3&#215;4, certid\u00e3o de nascimento ou RG e assinar termo autoriza\u00e7\u00e3o para participar. E estes poder\u00e3o, se toda documenta\u00e7\u00e3o estiver correta, come\u00e7ar as atividades no pr\u00f3prio s\u00e1bado, juntamente com os antigos alunos.<br \/><br \/>Entre as modalidades esportivas e culturais oferecidas pelo programa aos pequenos est\u00e3o atletismo, ballet, capoeira, futebol, gin\u00e1stica art\u00edstica, jud\u00f4, taekwondo e v\u00f4lei. J\u00e1 os pais ou respons\u00e1veis, que fazem parte do Clube da Melhor Idade, poder\u00e3o desfrutar de caminhadas, gin\u00e1stica e hidrogin\u00e1stica.<br \/><br \/>Este ano, a pr\u00e1tica de atletismo ser\u00e1 um pr\u00e9-requisito \u00e0 participa\u00e7\u00e3o em outras modalidades oferecidas pelo Projeto Social UMC\/FAEP. &#8220;A raz\u00e3o disso \u00e9 que o atletismo \u00e9 uma atividade b\u00e1sica, que auxilia no desenvolvimento de qualidades e capacidades como andar, correr, saltar, coordena\u00e7\u00e3o, for\u00e7a e flexibilidade, fundamentais \u00e0 pr\u00e1tica de qualquer outra atividade f\u00edsica&#8221;, explica Luiz Peruchi, educador f\u00edsico e coordenador pedag\u00f3gico do Projeto.<br \/><br \/>Segundo a coordenadora do projeto, Fl\u00e1via Francini Costa, o programa volta com tudo. &#8220;Este ano, estamos com novos professores\/volunt\u00e1rios, o que \u00e9 motivo de orgulho para toda a equipe da UMC, pois estamos cumprindo com uma de nossas principais miss\u00f5es, que \u00e9 formar o aluno, tamb\u00e9m, como cidad\u00e3o. E o trabalho volunt\u00e1rio \u00e9 isso, tornar-se um cidad\u00e3o mais completo.&#8221;<br \/><br \/>O Projeto de Inclus\u00e3o pelo Esporte e Cultura \u00e9 realizado todos os s\u00e1bados no Gin\u00e1sio 1 do Centro Esportivo da UMC, localizado na Rua Delphino Greg\u00f3rio, s\/n &#8211; no Mogilar.<br \/><br \/>&#8220;No momento n\u00e3o temos vagas dispon\u00edveis, mas os interessados em participar do Projeto podem se inscrever na lista de espera. Quando tivermos novas vagas, ligaremos para os que est\u00e3o aguardando&#8221;, explica Fl\u00e1via.<br \/><br \/>Saiba mais sobre o projeto social acessando\u00a0<a href=\"https:\/\/www4.umc.br\/projetosocial\/\" target=\"_blank\" rel=\"noopener\">http:\/\/www.umc.br\/esportesocial\/<\/a>\u00a0ou pelo telefone 4798-7239.<\/p>\t\t\t\t\t\t\t\t<\/div>\n\t\t\t\t<\/div>\n\t\t\t\t\t<\/div>\n\t\t\t\t<\/div>\n\t\t\t\t<\/div>\n\t\t","protected":false},"excerpt":{"rendered":"<p>O Projeto Social de Inclus\u00e3o pelo Esporte e Cultura UMC\/Faep reinicia suas atividades, com a popula\u00e7\u00e3o, no pr\u00f3ximo dia 26\/02, \u00e0s 8 horas. No \u00faltimo s\u00e1bado (19\/02), foi realizada, no Gin\u00e1sio 1 do Centro Esportivo da UMC, a primeira reuni\u00e3o entre a coordena\u00e7\u00e3o, os respons\u00e1veis pelas crian\u00e7as participantes do projeto e a turma do Clube da Melhor Idade. O objetivo do encontro foi garantir a vaga dos antigos participantes na iniciativa, que \u00e9 desenvolvida pela Universidade de Mogi das Cruzes em parceria com a Funda\u00e7\u00e3o de Amparo ao Ensino e Pesquisa (FAEP). Durante a reuni\u00e3o os respons\u00e1veis definiram as atividades que seus filhos desejam praticar este ano, receberam o calend\u00e1rio de aulas e as carteirinhas, al\u00e9m de terem entregado a documenta\u00e7\u00e3o necess\u00e1ria para participa\u00e7\u00e3o: atestado m\u00e9dico e declara\u00e7\u00e3o de escolaridade. J\u00e1 os novos alunos dever\u00e3o levar, neste s\u00e1bado, dia 26, o comprovante de endere\u00e7o, duas fotos 3&#215;4, certid\u00e3o de nascimento ou RG e assinar termo autoriza\u00e7\u00e3o para participar. E estes poder\u00e3o, se toda documenta\u00e7\u00e3o estiver correta, come\u00e7ar as atividades no pr\u00f3prio s\u00e1bado, juntamente com os antigos alunos. Entre as modalidades esportivas e culturais oferecidas pelo programa aos pequenos est\u00e3o atletismo, ballet, capoeira, futebol, gin\u00e1stica art\u00edstica, jud\u00f4, taekwondo e v\u00f4lei. J\u00e1 os pais ou respons\u00e1veis, que fazem parte do Clube da Melhor Idade, poder\u00e3o desfrutar de caminhadas, gin\u00e1stica e hidrogin\u00e1stica. Este ano, a pr\u00e1tica de atletismo ser\u00e1 um pr\u00e9-requisito \u00e0 participa\u00e7\u00e3o em outras modalidades oferecidas pelo Projeto Social UMC\/FAEP. &#8220;A raz\u00e3o disso \u00e9 que o atletismo \u00e9 uma atividade b\u00e1sica, que auxilia no desenvolvimento de qualidades e capacidades como andar, correr, saltar, coordena\u00e7\u00e3o, for\u00e7a e flexibilidade, fundamentais \u00e0 pr\u00e1tica de qualquer outra atividade f\u00edsica&#8221;, explica Luiz Peruchi, educador f\u00edsico e coordenador pedag\u00f3gico do Projeto. Segundo a coordenadora do projeto, Fl\u00e1via Francini Costa, o programa volta com tudo. &#8220;Este ano, estamos com novos professores\/volunt\u00e1rios, o que \u00e9 motivo de orgulho para toda a equipe da UMC, pois estamos cumprindo com uma de nossas principais miss\u00f5es, que \u00e9 formar o aluno, tamb\u00e9m, como cidad\u00e3o. E o trabalho volunt\u00e1rio \u00e9 isso, tornar-se um cidad\u00e3o mais completo.&#8221; O Projeto de Inclus\u00e3o pelo Esporte e Cultura \u00e9 realizado todos os s\u00e1bados no Gin\u00e1sio 1 do Centro Esportivo da UMC, localizado na Rua Delphino Greg\u00f3rio, s\/n &#8211; no Mogilar. &#8220;No momento n\u00e3o temos vagas dispon\u00edveis, mas os interessados em participar do Projeto podem se inscrever na lista de espera. Quando tivermos novas vagas, ligaremos para os que est\u00e3o aguardando&#8221;, explica Fl\u00e1via. Saiba mais sobre o projeto social acessando\u00a0http:\/\/www.umc.br\/esportesocial\/\u00a0ou pelo telefone 4798-7239.<\/p>\n","protected":false},"author":4,"featured_media":1903,"comment_status":"closed","ping_status":"closed","sticky":false,"template":"","format":"standard","meta":{"footnotes":""},"categories":[14],"tags":[],"class_list":["post-1967","post","type-post","status-publish","format-standard","has-post-thumbnail","hentry","category-noticias-de-2011"],"blocksy_meta":{"styles_descriptor":{"styles":{"desktop":"","tablet":"","mobile":""},"google_fonts":[],"version":6}},"_links":{"self":[{"href":"https:\/\/www.umc.br\/projetosocial\/wp-json\/wp\/v2\/posts\/1967","targetHints":{"allow":["GET"]}}],"collection":[{"href":"https:\/\/www.umc.br\/projetosocial\/wp-json\/wp\/v2\/posts"}],"about":[{"href":"https:\/\/www.umc.br\/projetosocial\/wp-json\/wp\/v2\/types\/post"}],"author":[{"embeddable":true,"href":"https:\/\/www.umc.br\/projetosocial\/wp-json\/wp\/v2\/users\/4"}],"replies":[{"embeddable":true,"href":"https:\/\/www.umc.br\/projetosocial\/wp-json\/wp\/v2\/comments?post=1967"}],"version-history":[{"count":4,"href":"https:\/\/www.umc.br\/projetosocial\/wp-json\/wp\/v2\/posts\/1967\/revisions"}],"predecessor-version":[{"id":1971,"href":"https:\/\/www.umc.br\/projetosocial\/wp-json\/wp\/v2\/posts\/1967\/revisions\/1971"}],"wp:featuredmedia":[{"embeddable":true,"href":"https:\/\/www.umc.br\/projetosocial\/wp-json\/wp\/v2\/media\/1903"}],"wp:attachment":[{"href":"https:\/\/www.umc.br\/projetosocial\/wp-json\/wp\/v2\/media?parent=1967"}],"wp:term":[{"taxonomy":"category","embeddable":true,"href":"https:\/\/www.umc.br\/projetosocial\/wp-json\/wp\/v2\/categories?post=1967"},{"taxonomy":"post_tag","embeddable":true,"href":"https:\/\/www.umc.br\/projetosocial\/wp-json\/wp\/v2\/tags?post=1967"}],"curies":[{"name":"wp","href":"https:\/\/api.w.org\/{rel}","templated":true}]}}