{"id":1950,"date":"2010-08-02T20:02:53","date_gmt":"2010-08-02T20:02:53","guid":{"rendered":"https:\/\/www4.umc.br\/projetosocial\/?p=1950"},"modified":"2022-07-27T20:08:20","modified_gmt":"2022-07-27T20:08:20","slug":"e-f-monte-cristo-umc-faep-e-campea-da-copa-mercosul","status":"publish","type":"post","link":"https:\/\/www.umc.br\/projetosocial\/e-f-monte-cristo-umc-faep-e-campea-da-copa-mercosul\/","title":{"rendered":"E.F Monte Cristo UMC\/Faep \u00e9 campe\u00e3 da Copa Mercosul"},"content":{"rendered":"\t\t<div data-elementor-type=\"wp-post\" data-elementor-id=\"1950\" class=\"elementor elementor-1950\" data-elementor-settings=\"{&quot;ha_cmc_init_switcher&quot;:&quot;no&quot;}\" data-elementor-post-type=\"post\">\n\t\t\t\t<div data-particle_enable=\"false\" data-particle-mobile-disabled=\"false\" class=\"elementor-element elementor-element-88a5057 e-flex e-con-boxed wpr-particle-no wpr-jarallax-no wpr-parallax-no wpr-sticky-section-no wpr-equal-height-no e-con e-parent\" data-id=\"88a5057\" data-element_type=\"container\" data-e-type=\"container\" data-settings=\"{&quot;_ha_eqh_enable&quot;:false,&quot;ekit_has_onepagescroll_dot&quot;:&quot;yes&quot;}\">\n\t\t\t\t\t<div class=\"e-con-inner\">\n\t\t\t\t<div class=\"elementor-element elementor-element-d246576 elementor-widget elementor-widget-text-editor\" data-id=\"d246576\" data-element_type=\"widget\" data-e-type=\"widget\" data-settings=\"{&quot;ekit_we_effect_on&quot;:&quot;none&quot;}\" data-widget_type=\"text-editor.default\">\n\t\t\t\t<div class=\"elementor-widget-container\">\n\t\t\t\t\t\t\t\t\t<p>Ligada ao Projeto Social Inclus\u00e3o pelo Esporte, a equipe sub-15 da Escola de Futebol Monte Cristo UMC\/Faep levou a ta\u00e7a da Copa Mercosul, campeonato que reuniu times do Uruguai, do Paraguai, do Chile e do Brasil.<br \/><br \/>A final, que ocorreu no \u00faltimo dia 31, foi contra o A.A. Flamengo. O jogo ocorreu no Est\u00e1dio Osvaldo de Carlos, Vila F\u00e1tima, na cidade de Guarulhos, casa do advers\u00e1rio do Monte Cristo, que foi campe\u00e3o com uma vit\u00f3ria de 2 a 0. Os gols foram marcados pelos atacantes William e Brandon, aos 14 e 22 minutos do primeiro tempo, respectivamente. O pr\u00eamio de jogador destaque ficou com o zagueiro Cainan da E. F Monte Cristo UMC\/Faep.<br \/><br \/>Para chegar \u00e0 final, o time campe\u00e3o enfrentou quatro equipes: o A.A Atlas, o A.A Flamengo, o Craques do Futebol, e o A.D.C Jardim Melena, tendo empatado com o primeiro em 1 a 1, e vencido os outros tr\u00eas por 2 a 0, 3 a 1 e 1 a 0, respectivamente.<br \/><br \/>&#8220;O Flamengo de Guarulhos \u00e9 um time forte, de alto n\u00edvel, que disputa o Paulista. Com a final perceberemos o que o Monte Cristo poder\u00e1 alcan\u00e7ar na Copa Paulista&#8221;, diz Joel Cordeiro, treinador da E. F Monte Cristo UMC\/Faep.<br \/><br \/><strong>Copa Mercosul<\/strong><br \/><br \/>A Copa Mercosul \u00e9 uma disputa de curta dura\u00e7\u00e3o, tendo se iniciado no dia 27 de julho. As oito equipes participantes foram divididas em dois grupos, e classificaram-se a primeira e a segunda colocadas de cada chave. A semifinal deu-se entre Elite Itaquerense (1\u00aa grupo A) e A.A Flamengo (2\u00aa grupo B), e E.F Monte Cristo (1\u00aa grupo B) e ADC. Jardim Melena (2\u00aa grupo A), passando para disputa do t\u00edtulo os times do grupo B.<br \/><br \/>N\u00e3o \u00e9 a primeira vez que a E. F. Monte Cristo UMC\/Faep chega \u00e0 final desse campeonato. Em 2009, a equipe sub-16 foi campe\u00e3 da Copa Mercosul.<br \/><br \/><\/p>\t\t\t\t\t\t\t\t<\/div>\n\t\t\t\t<\/div>\n\t\t\t\t\t<\/div>\n\t\t\t\t<\/div>\n\t\t\t\t<\/div>\n\t\t","protected":false},"excerpt":{"rendered":"<p>Ligada ao Projeto Social Inclus\u00e3o pelo Esporte, a equipe sub-15 da Escola de Futebol Monte Cristo UMC\/Faep levou a ta\u00e7a da Copa Mercosul, campeonato que reuniu times do Uruguai, do Paraguai, do Chile e do Brasil. A final, que ocorreu no \u00faltimo dia 31, foi contra o A.A. Flamengo. O jogo ocorreu no Est\u00e1dio Osvaldo de Carlos, Vila F\u00e1tima, na cidade de Guarulhos, casa do advers\u00e1rio do Monte Cristo, que foi campe\u00e3o com uma vit\u00f3ria de 2 a 0. Os gols foram marcados pelos atacantes William e Brandon, aos 14 e 22 minutos do primeiro tempo, respectivamente. O pr\u00eamio de jogador destaque ficou com o zagueiro Cainan da E. F Monte Cristo UMC\/Faep. Para chegar \u00e0 final, o time campe\u00e3o enfrentou quatro equipes: o A.A Atlas, o A.A Flamengo, o Craques do Futebol, e o A.D.C Jardim Melena, tendo empatado com o primeiro em 1 a 1, e vencido os outros tr\u00eas por 2 a 0, 3 a 1 e 1 a 0, respectivamente. &#8220;O Flamengo de Guarulhos \u00e9 um time forte, de alto n\u00edvel, que disputa o Paulista. Com a final perceberemos o que o Monte Cristo poder\u00e1 alcan\u00e7ar na Copa Paulista&#8221;, diz Joel Cordeiro, treinador da E. F Monte Cristo UMC\/Faep. Copa Mercosul A Copa Mercosul \u00e9 uma disputa de curta dura\u00e7\u00e3o, tendo se iniciado no dia 27 de julho. As oito equipes participantes foram divididas em dois grupos, e classificaram-se a primeira e a segunda colocadas de cada chave. A semifinal deu-se entre Elite Itaquerense (1\u00aa grupo A) e A.A Flamengo (2\u00aa grupo B), e E.F Monte Cristo (1\u00aa grupo B) e ADC. Jardim Melena (2\u00aa grupo A), passando para disputa do t\u00edtulo os times do grupo B. N\u00e3o \u00e9 a primeira vez que a E. F. Monte Cristo UMC\/Faep chega \u00e0 final desse campeonato. Em 2009, a equipe sub-16 foi campe\u00e3 da Copa Mercosul.<\/p>\n","protected":false},"author":4,"featured_media":1951,"comment_status":"closed","ping_status":"closed","sticky":false,"template":"","format":"standard","meta":{"footnotes":""},"categories":[12],"tags":[],"class_list":["post-1950","post","type-post","status-publish","format-standard","has-post-thumbnail","hentry","category-noticias-de-2010"],"blocksy_meta":{"styles_descriptor":{"styles":{"desktop":"","tablet":"","mobile":""},"google_fonts":[],"version":6}},"_links":{"self":[{"href":"https:\/\/www.umc.br\/projetosocial\/wp-json\/wp\/v2\/posts\/1950","targetHints":{"allow":["GET"]}}],"collection":[{"href":"https:\/\/www.umc.br\/projetosocial\/wp-json\/wp\/v2\/posts"}],"about":[{"href":"https:\/\/www.umc.br\/projetosocial\/wp-json\/wp\/v2\/types\/post"}],"author":[{"embeddable":true,"href":"https:\/\/www.umc.br\/projetosocial\/wp-json\/wp\/v2\/users\/4"}],"replies":[{"embeddable":true,"href":"https:\/\/www.umc.br\/projetosocial\/wp-json\/wp\/v2\/comments?post=1950"}],"version-history":[{"count":4,"href":"https:\/\/www.umc.br\/projetosocial\/wp-json\/wp\/v2\/posts\/1950\/revisions"}],"predecessor-version":[{"id":1955,"href":"https:\/\/www.umc.br\/projetosocial\/wp-json\/wp\/v2\/posts\/1950\/revisions\/1955"}],"wp:featuredmedia":[{"embeddable":true,"href":"https:\/\/www.umc.br\/projetosocial\/wp-json\/wp\/v2\/media\/1951"}],"wp:attachment":[{"href":"https:\/\/www.umc.br\/projetosocial\/wp-json\/wp\/v2\/media?parent=1950"}],"wp:term":[{"taxonomy":"category","embeddable":true,"href":"https:\/\/www.umc.br\/projetosocial\/wp-json\/wp\/v2\/categories?post=1950"},{"taxonomy":"post_tag","embeddable":true,"href":"https:\/\/www.umc.br\/projetosocial\/wp-json\/wp\/v2\/tags?post=1950"}],"curies":[{"name":"wp","href":"https:\/\/api.w.org\/{rel}","templated":true}]}}