{"id":1939,"date":"2010-07-23T19:56:04","date_gmt":"2010-07-23T19:56:04","guid":{"rendered":"https:\/\/www4.umc.br\/projetosocial\/?p=1939"},"modified":"2022-07-27T19:57:22","modified_gmt":"2022-07-27T19:57:22","slug":"e-f-monte-cristo-umc-faep-disputa-copa-mercosul","status":"publish","type":"post","link":"https:\/\/www.umc.br\/projetosocial\/e-f-monte-cristo-umc-faep-disputa-copa-mercosul\/","title":{"rendered":"E.F Monte Cristo\/UMC\/Faep disputa Copa Mercosul"},"content":{"rendered":"\t\t<div data-elementor-type=\"wp-post\" data-elementor-id=\"1939\" class=\"elementor elementor-1939\" data-elementor-settings=\"{&quot;ha_cmc_init_switcher&quot;:&quot;no&quot;}\" data-elementor-post-type=\"post\">\n\t\t\t\t<div data-particle_enable=\"false\" data-particle-mobile-disabled=\"false\" class=\"elementor-element elementor-element-05c56be e-flex e-con-boxed wpr-particle-no wpr-jarallax-no wpr-parallax-no wpr-sticky-section-no wpr-equal-height-no e-con e-parent\" data-id=\"05c56be\" data-element_type=\"container\" data-e-type=\"container\" data-settings=\"{&quot;_ha_eqh_enable&quot;:false,&quot;ekit_has_onepagescroll_dot&quot;:&quot;yes&quot;}\">\n\t\t\t\t\t<div class=\"e-con-inner\">\n\t\t\t\t<div class=\"elementor-element elementor-element-b80dd6a elementor-widget elementor-widget-text-editor\" data-id=\"b80dd6a\" data-element_type=\"widget\" data-e-type=\"widget\" data-settings=\"{&quot;ekit_we_effect_on&quot;:&quot;none&quot;}\" data-widget_type=\"text-editor.default\">\n\t\t\t\t<div class=\"elementor-widget-container\">\n\t\t\t\t\t\t\t\t\t<p>A equipe da categoria sub-15 da Escola de Futebol Monte Cristo UMC\/Faep, ligada ao Projeto Social Inclus\u00e3o pelo Esporte e Cultura, disputar\u00e1 a Copa Mercosul que tem in\u00edcio no pr\u00f3ximo dia 26. Pelo fato da equipe ter sido campe\u00e3 ano passado a escola recebeu um convite a participar do campeonato deste ano.<br \/><br \/>Participam da Copa Mercosul equipes do Uruguai, do Paraguai e do Chile, al\u00e9m de times de v\u00e1rios estados brasileiros. A estr\u00e9ia do Monte Cristo ser\u00e1 contra o Atlas no Est\u00e1dio Lauro Mengalli, no dia 27 de julho (ter\u00e7a-feira), \u00e0s 9 horas.<br \/><br \/><strong>T\u00edtulos Monte Cristo<\/strong><br \/>V\u00e1rias categorias da Escola de Futebol Monte Cristo UMC\/Faep alcan\u00e7aram t\u00edtulos no ano passado. A equipe Sub-12 foi campe\u00e3 da Copa S\u00e3o Paulo, competi\u00e7\u00e3o realizada pela Associa\u00e7\u00e3o Paulista de Futebol. A equipe Sub-11 conquistou pela terceira vez a Liga Municipal de Futebol de Suzano. E a equipe sub-16 foi campe\u00e3 da Copa Mercosul em janeiro do ano passado.<\/p>\t\t\t\t\t\t\t\t<\/div>\n\t\t\t\t<\/div>\n\t\t\t\t\t<\/div>\n\t\t\t\t<\/div>\n\t\t\t\t<\/div>\n\t\t","protected":false},"excerpt":{"rendered":"<p>A equipe da categoria sub-15 da Escola de Futebol Monte Cristo UMC\/Faep, ligada ao Projeto Social Inclus\u00e3o pelo Esporte e Cultura, disputar\u00e1 a Copa Mercosul que tem in\u00edcio no pr\u00f3ximo dia 26. Pelo fato da equipe ter sido campe\u00e3 ano passado a escola recebeu um convite a participar do campeonato deste ano. Participam da Copa Mercosul equipes do Uruguai, do Paraguai e do Chile, al\u00e9m de times de v\u00e1rios estados brasileiros. A estr\u00e9ia do Monte Cristo ser\u00e1 contra o Atlas no Est\u00e1dio Lauro Mengalli, no dia 27 de julho (ter\u00e7a-feira), \u00e0s 9 horas. T\u00edtulos Monte CristoV\u00e1rias categorias da Escola de Futebol Monte Cristo UMC\/Faep alcan\u00e7aram t\u00edtulos no ano passado. A equipe Sub-12 foi campe\u00e3 da Copa S\u00e3o Paulo, competi\u00e7\u00e3o realizada pela Associa\u00e7\u00e3o Paulista de Futebol. A equipe Sub-11 conquistou pela terceira vez a Liga Municipal de Futebol de Suzano. E a equipe sub-16 foi campe\u00e3 da Copa Mercosul em janeiro do ano passado.<\/p>\n","protected":false},"author":4,"featured_media":1903,"comment_status":"closed","ping_status":"closed","sticky":false,"template":"","format":"standard","meta":{"footnotes":""},"categories":[12],"tags":[],"class_list":["post-1939","post","type-post","status-publish","format-standard","has-post-thumbnail","hentry","category-noticias-de-2010"],"blocksy_meta":{"styles_descriptor":{"styles":{"desktop":"","tablet":"","mobile":""},"google_fonts":[],"version":6}},"_links":{"self":[{"href":"https:\/\/www.umc.br\/projetosocial\/wp-json\/wp\/v2\/posts\/1939","targetHints":{"allow":["GET"]}}],"collection":[{"href":"https:\/\/www.umc.br\/projetosocial\/wp-json\/wp\/v2\/posts"}],"about":[{"href":"https:\/\/www.umc.br\/projetosocial\/wp-json\/wp\/v2\/types\/post"}],"author":[{"embeddable":true,"href":"https:\/\/www.umc.br\/projetosocial\/wp-json\/wp\/v2\/users\/4"}],"replies":[{"embeddable":true,"href":"https:\/\/www.umc.br\/projetosocial\/wp-json\/wp\/v2\/comments?post=1939"}],"version-history":[{"count":4,"href":"https:\/\/www.umc.br\/projetosocial\/wp-json\/wp\/v2\/posts\/1939\/revisions"}],"predecessor-version":[{"id":1943,"href":"https:\/\/www.umc.br\/projetosocial\/wp-json\/wp\/v2\/posts\/1939\/revisions\/1943"}],"wp:featuredmedia":[{"embeddable":true,"href":"https:\/\/www.umc.br\/projetosocial\/wp-json\/wp\/v2\/media\/1903"}],"wp:attachment":[{"href":"https:\/\/www.umc.br\/projetosocial\/wp-json\/wp\/v2\/media?parent=1939"}],"wp:term":[{"taxonomy":"category","embeddable":true,"href":"https:\/\/www.umc.br\/projetosocial\/wp-json\/wp\/v2\/categories?post=1939"},{"taxonomy":"post_tag","embeddable":true,"href":"https:\/\/www.umc.br\/projetosocial\/wp-json\/wp\/v2\/tags?post=1939"}],"curies":[{"name":"wp","href":"https:\/\/api.w.org\/{rel}","templated":true}]}}