{"id":1920,"date":"2010-06-22T19:44:23","date_gmt":"2010-06-22T19:44:23","guid":{"rendered":"https:\/\/www4.umc.br\/projetosocial\/?p=1920"},"modified":"2022-07-27T19:46:45","modified_gmt":"2022-07-27T19:46:45","slug":"alunas-de-ballet-do-projeto-social-se-apresentam-em-mostra-de-danca","status":"publish","type":"post","link":"https:\/\/www.umc.br\/projetosocial\/alunas-de-ballet-do-projeto-social-se-apresentam-em-mostra-de-danca\/","title":{"rendered":"Alunas de ballet do Projeto Social se apresentam em mostra de dan\u00e7a"},"content":{"rendered":"\t\t<div data-elementor-type=\"wp-post\" data-elementor-id=\"1920\" class=\"elementor elementor-1920\" data-elementor-settings=\"{&quot;ha_cmc_init_switcher&quot;:&quot;no&quot;}\" data-elementor-post-type=\"post\">\n\t\t\t\t<div data-particle_enable=\"false\" data-particle-mobile-disabled=\"false\" class=\"elementor-element elementor-element-8c74192 e-flex e-con-boxed wpr-particle-no wpr-jarallax-no wpr-parallax-no wpr-sticky-section-no wpr-equal-height-no e-con e-parent\" data-id=\"8c74192\" data-element_type=\"container\" data-e-type=\"container\" data-settings=\"{&quot;_ha_eqh_enable&quot;:false,&quot;ekit_has_onepagescroll_dot&quot;:&quot;yes&quot;}\">\n\t\t\t\t\t<div class=\"e-con-inner\">\n\t\t\t\t<div class=\"elementor-element elementor-element-68c02b9 elementor-widget elementor-widget-text-editor\" data-id=\"68c02b9\" data-element_type=\"widget\" data-e-type=\"widget\" data-settings=\"{&quot;ekit_we_effect_on&quot;:&quot;none&quot;}\" data-widget_type=\"text-editor.default\">\n\t\t\t\t<div class=\"elementor-widget-container\">\n\t\t\t\t\t\t\t\t\t<p>Firmeza de movimentos, gestos elegantes e delicados. Esses s\u00e3o alguns dos ensinamentos do bal\u00e9 &#8211; modalidade contemplada pelo Projeto Social Inclus\u00e3o Pelo Esporte e Cultura da Universidade de Mogi das Cruzes. No pr\u00f3ximo dia 26 (s\u00e1bado), as alunas do projeto aplicar\u00e3o esses e outros princ\u00edpios da dan\u00e7a cl\u00e1ssica em uma apresenta\u00e7\u00e3o na Mostra &#8220;Unidos Pela Dan\u00e7a&#8221;. O evento acontece no Teatro Municipal Dr. Armando de R\u00e9, em Suzano, \u00e0s 15 horas.<br \/><br \/>A mostra tem o objetivo de promover as iniciativas art\u00edsticas da regi\u00e3o e arrecadar fundos para o grupo Unidos Pela Dan\u00e7a, que depende da contribui\u00e7\u00e3o para participar de um encontro nacional de dan\u00e7a, a ser realizado em Bras\u00edlia, no final deste ano.<br \/><br \/>Para as alunas do projeto, essa \u00e9 uma oportunidade de treinar a apresenta\u00e7\u00e3o em p\u00fablico. Quem diz isso \u00e9 Thaiane Soares, a professora de bal\u00e9 do Projeto Social. &#8220;Durante as aulas, elas aprendem tudo em etapas. Com a coreografia, juntam v\u00e1rios princ\u00edpios em uma apresenta\u00e7\u00e3o. \u00c9 importante que elas possam mostrar essa evolu\u00e7\u00e3o em cima de um palco, com muitos expectadores&#8221;, explicou.<br \/><br \/>A apresenta\u00e7\u00e3o ser\u00e1 realizada por alunas da primeira turma do Projeto, na faixa et\u00e1ria de 12 a 16 anos. &#8220;Al\u00e9m de uma oportunidade de expor o trabalho desenvolvido, essa \u00e9 uma chance de conhecer outras pessoas e grupos de dan\u00e7a, profissionais da \u00e1rea, entre outros. \u00c9 importante tamb\u00e9m observar o trabalho desses grupos, e incorporar dicas para nossos treinos&#8221;, comentou a professora.<br \/><br \/>&#8220;Para as crian\u00e7as, \u00e9 uma oportunidade. Para os pais, \u00e9 emocionante ver os filhos se apresentarem. Para a institui\u00e7\u00e3o, \u00e9 um prazer acompanhar os frutos dessa iniciativa, sabendo que fomos respons\u00e1veis pelo incentivo \u00e0 arte, e que criamos os meios para o desenvolvimento dessas meninas&#8221;, finalizou a coordenadora do Projeto Social, Fl\u00e1via Francini Costa.<\/p>\t\t\t\t\t\t\t\t<\/div>\n\t\t\t\t<\/div>\n\t\t\t\t\t<\/div>\n\t\t\t\t<\/div>\n\t\t\t\t<\/div>\n\t\t","protected":false},"excerpt":{"rendered":"<p>Firmeza de movimentos, gestos elegantes e delicados. Esses s\u00e3o alguns dos ensinamentos do bal\u00e9 &#8211; modalidade contemplada pelo Projeto Social Inclus\u00e3o Pelo Esporte e Cultura da Universidade de Mogi das Cruzes. No pr\u00f3ximo dia 26 (s\u00e1bado), as alunas do projeto aplicar\u00e3o esses e outros princ\u00edpios da dan\u00e7a cl\u00e1ssica em uma apresenta\u00e7\u00e3o na Mostra &#8220;Unidos Pela Dan\u00e7a&#8221;. O evento acontece no Teatro Municipal Dr. Armando de R\u00e9, em Suzano, \u00e0s 15 horas. A mostra tem o objetivo de promover as iniciativas art\u00edsticas da regi\u00e3o e arrecadar fundos para o grupo Unidos Pela Dan\u00e7a, que depende da contribui\u00e7\u00e3o para participar de um encontro nacional de dan\u00e7a, a ser realizado em Bras\u00edlia, no final deste ano. Para as alunas do projeto, essa \u00e9 uma oportunidade de treinar a apresenta\u00e7\u00e3o em p\u00fablico. Quem diz isso \u00e9 Thaiane Soares, a professora de bal\u00e9 do Projeto Social. &#8220;Durante as aulas, elas aprendem tudo em etapas. Com a coreografia, juntam v\u00e1rios princ\u00edpios em uma apresenta\u00e7\u00e3o. \u00c9 importante que elas possam mostrar essa evolu\u00e7\u00e3o em cima de um palco, com muitos expectadores&#8221;, explicou. A apresenta\u00e7\u00e3o ser\u00e1 realizada por alunas da primeira turma do Projeto, na faixa et\u00e1ria de 12 a 16 anos. &#8220;Al\u00e9m de uma oportunidade de expor o trabalho desenvolvido, essa \u00e9 uma chance de conhecer outras pessoas e grupos de dan\u00e7a, profissionais da \u00e1rea, entre outros. \u00c9 importante tamb\u00e9m observar o trabalho desses grupos, e incorporar dicas para nossos treinos&#8221;, comentou a professora. &#8220;Para as crian\u00e7as, \u00e9 uma oportunidade. Para os pais, \u00e9 emocionante ver os filhos se apresentarem. Para a institui\u00e7\u00e3o, \u00e9 um prazer acompanhar os frutos dessa iniciativa, sabendo que fomos respons\u00e1veis pelo incentivo \u00e0 arte, e que criamos os meios para o desenvolvimento dessas meninas&#8221;, finalizou a coordenadora do Projeto Social, Fl\u00e1via Francini Costa.<\/p>\n","protected":false},"author":4,"featured_media":1903,"comment_status":"closed","ping_status":"closed","sticky":false,"template":"","format":"standard","meta":{"footnotes":""},"categories":[12],"tags":[],"class_list":["post-1920","post","type-post","status-publish","format-standard","has-post-thumbnail","hentry","category-noticias-de-2010"],"blocksy_meta":{"styles_descriptor":{"styles":{"desktop":"","tablet":"","mobile":""},"google_fonts":[],"version":6}},"_links":{"self":[{"href":"https:\/\/www.umc.br\/projetosocial\/wp-json\/wp\/v2\/posts\/1920","targetHints":{"allow":["GET"]}}],"collection":[{"href":"https:\/\/www.umc.br\/projetosocial\/wp-json\/wp\/v2\/posts"}],"about":[{"href":"https:\/\/www.umc.br\/projetosocial\/wp-json\/wp\/v2\/types\/post"}],"author":[{"embeddable":true,"href":"https:\/\/www.umc.br\/projetosocial\/wp-json\/wp\/v2\/users\/4"}],"replies":[{"embeddable":true,"href":"https:\/\/www.umc.br\/projetosocial\/wp-json\/wp\/v2\/comments?post=1920"}],"version-history":[{"count":4,"href":"https:\/\/www.umc.br\/projetosocial\/wp-json\/wp\/v2\/posts\/1920\/revisions"}],"predecessor-version":[{"id":1924,"href":"https:\/\/www.umc.br\/projetosocial\/wp-json\/wp\/v2\/posts\/1920\/revisions\/1924"}],"wp:featuredmedia":[{"embeddable":true,"href":"https:\/\/www.umc.br\/projetosocial\/wp-json\/wp\/v2\/media\/1903"}],"wp:attachment":[{"href":"https:\/\/www.umc.br\/projetosocial\/wp-json\/wp\/v2\/media?parent=1920"}],"wp:term":[{"taxonomy":"category","embeddable":true,"href":"https:\/\/www.umc.br\/projetosocial\/wp-json\/wp\/v2\/categories?post=1920"},{"taxonomy":"post_tag","embeddable":true,"href":"https:\/\/www.umc.br\/projetosocial\/wp-json\/wp\/v2\/tags?post=1920"}],"curies":[{"name":"wp","href":"https:\/\/api.w.org\/{rel}","templated":true}]}}