{"id":1901,"date":"2010-01-27T19:07:22","date_gmt":"2010-01-27T19:07:22","guid":{"rendered":"https:\/\/www4.umc.br\/projetosocial\/?p=1901"},"modified":"2022-07-27T19:11:53","modified_gmt":"2022-07-27T19:11:53","slug":"reuniao-do-projeto-social-inclusao-pelo-esporte-e-dia-20-de-fevereiro","status":"publish","type":"post","link":"https:\/\/www.umc.br\/projetosocial\/reuniao-do-projeto-social-inclusao-pelo-esporte-e-dia-20-de-fevereiro\/","title":{"rendered":"Reuni\u00e3o do Projeto Social Inclus\u00e3o pelo Esporte \u00e9 dia 20 de fevereiro"},"content":{"rendered":"\t\t<div data-elementor-type=\"wp-post\" data-elementor-id=\"1901\" class=\"elementor elementor-1901\" data-elementor-settings=\"{&quot;ha_cmc_init_switcher&quot;:&quot;no&quot;}\" data-elementor-post-type=\"post\">\n\t\t\t\t<div data-particle_enable=\"false\" data-particle-mobile-disabled=\"false\" class=\"elementor-element elementor-element-5ccbbf9 e-flex e-con-boxed wpr-particle-no wpr-jarallax-no wpr-parallax-no wpr-sticky-section-no wpr-equal-height-no e-con e-parent\" data-id=\"5ccbbf9\" data-element_type=\"container\" data-e-type=\"container\" data-settings=\"{&quot;_ha_eqh_enable&quot;:false,&quot;ekit_has_onepagescroll_dot&quot;:&quot;yes&quot;}\">\n\t\t\t\t\t<div class=\"e-con-inner\">\n\t\t\t\t<div class=\"elementor-element elementor-element-4115eb5 elementor-widget elementor-widget-text-editor\" data-id=\"4115eb5\" data-element_type=\"widget\" data-e-type=\"widget\" data-settings=\"{&quot;ekit_we_effect_on&quot;:&quot;none&quot;}\" data-widget_type=\"text-editor.default\">\n\t\t\t\t<div class=\"elementor-widget-container\">\n\t\t\t\t\t\t\t\t\t<p>Alunos e monitores do Projeto Social Inclus\u00e3o pelo Esporte e Cultura retornar\u00e3o \u00e0s atividades no dia 27 de fevereiro. Por\u00e9m, uma semana antes, \u00e0s 9 horas, os pais e respons\u00e1veis pelas 200 crian\u00e7as dos n\u00facleos de Mogi das Cruzes e Suzano dever\u00e3o participar da reuni\u00e3o com a coordena\u00e7\u00e3o, para que possam garantir sua vaga na iniciativa, que \u00e9 pela Universidade de Mogi das Cruzes e pela Faep (Funda\u00e7\u00e3o de Amparo ao Ensino e Pesquisa).<br \/><br \/>No dia 20, no Centro Esportivo da UMC, os respons\u00e1veis definir\u00e3o as atividades que os filhos querem fazer neste ano, receber\u00e3o o calend\u00e1rio de aulas e as carteirinhas e dever\u00e3o entregar a documenta\u00e7\u00e3o necess\u00e1ria para participa\u00e7\u00e3o: atestado m\u00e9dico e declara\u00e7\u00e3o de escolaridade. J\u00e1 os alunos novos tamb\u00e9m dever\u00e3o levar comprovante de endere\u00e7o, duas fotos 3&#215;4, certid\u00e3o de nascimento ou RG e assinar termo autoriza\u00e7\u00e3o de participa\u00e7\u00e3o.<br \/><br \/>A iniciativa, que j\u00e1 oferece diversas modalidades esportivas e culturais aos pequenos e tamb\u00e9m aos seus pais, vem com novidades. \u201cNeste ano, vamos incluir a capoeira e estamos procurando volunt\u00e1rios para que possamos oferecer tamb\u00e9m dan\u00e7a de sal\u00e3o\u201d, informou Fl\u00e1via Francini Costa, coordenadora do Projeto.<br \/><br \/>Vagas<br \/>Todas as vagas dispon\u00edveis j\u00e1 foram preenchidas, mas os interessados em participar do Projeto podem se inscrever na lista de espera. \u201cQuando tivermos novas vagas, ligaremos para os que est\u00e3o aguardando\u201d, explicou Fl\u00e1via. O telefone \u00e9 o 4798-7239.<br \/><br \/>O Inclus\u00e3o pelo Esporte e Cultura \u00e9 realizado todos os s\u00e1bados no Centro Esportivo da UMC, no Mogilar, e durante a semana no n\u00facleo de futebol do Monte Cristo, em Suzano. As crian\u00e7as podem praticar atletismo, nata\u00e7\u00e3o, jud\u00f4, bal\u00e9, futebol e v\u00f4lei. Os pais e respons\u00e1veis fazem parte do Clube da Melhor Idade, na qual \u00e9 poss\u00edvel fazer atividades aer\u00f3bicas e recreativas, caminhada e hidrogin\u00e1stica.<br \/>Saiba mais sobre o projeto social no\u00a0<a href=\"https:\/\/www4.umc.br\/projetosocial\/\" target=\"_blank\" rel=\"noopener\">http:\/\/www.umc.br\/esportesocial\/<\/a>.<\/p>\t\t\t\t\t\t\t\t<\/div>\n\t\t\t\t<\/div>\n\t\t\t\t\t<\/div>\n\t\t\t\t<\/div>\n\t\t\t\t<\/div>\n\t\t","protected":false},"excerpt":{"rendered":"<p>Alunos e monitores do Projeto Social Inclus\u00e3o pelo Esporte e Cultura retornar\u00e3o \u00e0s atividades no dia 27 de fevereiro. Por\u00e9m, uma semana antes, \u00e0s 9 horas, os pais e respons\u00e1veis pelas 200 crian\u00e7as dos n\u00facleos de Mogi das Cruzes e Suzano dever\u00e3o participar da reuni\u00e3o com a coordena\u00e7\u00e3o, para que possam garantir sua vaga na iniciativa, que \u00e9 pela Universidade de Mogi das Cruzes e pela Faep (Funda\u00e7\u00e3o de Amparo ao Ensino e Pesquisa). No dia 20, no Centro Esportivo da UMC, os respons\u00e1veis definir\u00e3o as atividades que os filhos querem fazer neste ano, receber\u00e3o o calend\u00e1rio de aulas e as carteirinhas e dever\u00e3o entregar a documenta\u00e7\u00e3o necess\u00e1ria para participa\u00e7\u00e3o: atestado m\u00e9dico e declara\u00e7\u00e3o de escolaridade. J\u00e1 os alunos novos tamb\u00e9m dever\u00e3o levar comprovante de endere\u00e7o, duas fotos 3&#215;4, certid\u00e3o de nascimento ou RG e assinar termo autoriza\u00e7\u00e3o de participa\u00e7\u00e3o. A iniciativa, que j\u00e1 oferece diversas modalidades esportivas e culturais aos pequenos e tamb\u00e9m aos seus pais, vem com novidades. \u201cNeste ano, vamos incluir a capoeira e estamos procurando volunt\u00e1rios para que possamos oferecer tamb\u00e9m dan\u00e7a de sal\u00e3o\u201d, informou Fl\u00e1via Francini Costa, coordenadora do Projeto. Vagas Todas as vagas dispon\u00edveis j\u00e1 foram preenchidas, mas os interessados em participar do Projeto podem se inscrever na lista de espera. \u201cQuando tivermos novas vagas, ligaremos para os que est\u00e3o aguardando\u201d, explicou Fl\u00e1via. O telefone \u00e9 o 4798-7239. O Inclus\u00e3o pelo Esporte e Cultura \u00e9 realizado todos os s\u00e1bados no Centro Esportivo da UMC, no Mogilar, e durante a semana no n\u00facleo de futebol do Monte Cristo, em Suzano. As crian\u00e7as podem praticar atletismo, nata\u00e7\u00e3o, jud\u00f4, bal\u00e9, futebol e v\u00f4lei. Os pais e respons\u00e1veis fazem parte do Clube da Melhor Idade, na qual \u00e9 poss\u00edvel fazer atividades aer\u00f3bicas e recreativas, caminhada e hidrogin\u00e1stica. Saiba mais sobre o projeto social no\u00a0http:\/\/www.umc.br\/esportesocial\/.<\/p>\n","protected":false},"author":4,"featured_media":1903,"comment_status":"closed","ping_status":"closed","sticky":false,"template":"","format":"quote","meta":{"footnotes":""},"categories":[12],"tags":[],"class_list":["post-1901","post","type-post","status-publish","format-quote","has-post-thumbnail","hentry","category-noticias-de-2010","post_format-post-format-quote"],"blocksy_meta":{"styles_descriptor":{"styles":{"desktop":"","tablet":"","mobile":""},"google_fonts":[],"version":6}},"_links":{"self":[{"href":"https:\/\/www.umc.br\/projetosocial\/wp-json\/wp\/v2\/posts\/1901","targetHints":{"allow":["GET"]}}],"collection":[{"href":"https:\/\/www.umc.br\/projetosocial\/wp-json\/wp\/v2\/posts"}],"about":[{"href":"https:\/\/www.umc.br\/projetosocial\/wp-json\/wp\/v2\/types\/post"}],"author":[{"embeddable":true,"href":"https:\/\/www.umc.br\/projetosocial\/wp-json\/wp\/v2\/users\/4"}],"replies":[{"embeddable":true,"href":"https:\/\/www.umc.br\/projetosocial\/wp-json\/wp\/v2\/comments?post=1901"}],"version-history":[{"count":5,"href":"https:\/\/www.umc.br\/projetosocial\/wp-json\/wp\/v2\/posts\/1901\/revisions"}],"predecessor-version":[{"id":1907,"href":"https:\/\/www.umc.br\/projetosocial\/wp-json\/wp\/v2\/posts\/1901\/revisions\/1907"}],"wp:featuredmedia":[{"embeddable":true,"href":"https:\/\/www.umc.br\/projetosocial\/wp-json\/wp\/v2\/media\/1903"}],"wp:attachment":[{"href":"https:\/\/www.umc.br\/projetosocial\/wp-json\/wp\/v2\/media?parent=1901"}],"wp:term":[{"taxonomy":"category","embeddable":true,"href":"https:\/\/www.umc.br\/projetosocial\/wp-json\/wp\/v2\/categories?post=1901"},{"taxonomy":"post_tag","embeddable":true,"href":"https:\/\/www.umc.br\/projetosocial\/wp-json\/wp\/v2\/tags?post=1901"}],"curies":[{"name":"wp","href":"https:\/\/api.w.org\/{rel}","templated":true}]}}