{"id":8187,"date":"2019-02-07T15:43:56","date_gmt":"2019-02-07T15:43:56","guid":{"rendered":"https:\/\/www.umc.br\/nucleodeacessibilidade\/?p=8187"},"modified":"2023-03-21T15:47:13","modified_gmt":"2023-03-21T15:47:13","slug":"receptividade-convivio-e-respeito-a-pessoas-com-deficiencia","status":"publish","type":"post","link":"https:\/\/www.umc.br\/nucleodeacessibilidade\/receptividade-convivio-e-respeito-a-pessoas-com-deficiencia\/","title":{"rendered":"Receptividade, conv\u00edvio e respeito \u00e0 pessoas com defici\u00eancia"},"content":{"rendered":"\t\t<div data-elementor-type=\"wp-post\" data-elementor-id=\"8187\" class=\"elementor elementor-8187\" data-elementor-settings=\"{&quot;ha_cmc_init_switcher&quot;:&quot;no&quot;}\" data-elementor-post-type=\"post\">\n\t\t\t\t<div class=\"elementor-element elementor-element-9302fd2 e-flex e-con-boxed e-con e-parent\" data-id=\"9302fd2\" data-element_type=\"container\" data-e-type=\"container\" data-settings=\"{&quot;_ha_eqh_enable&quot;:false,&quot;ekit_has_onepagescroll_dot&quot;:&quot;yes&quot;}\">\n\t\t\t\t\t<div class=\"e-con-inner\">\n\t\t\t\t<div class=\"elementor-element elementor-element-e6b678e elementor-widget elementor-widget-image\" data-id=\"e6b678e\" data-element_type=\"widget\" data-e-type=\"widget\" data-settings=\"{&quot;ekit_we_effect_on&quot;:&quot;none&quot;}\" data-widget_type=\"image.default\">\n\t\t\t\t<div class=\"elementor-widget-container\">\n\t\t\t\t\t\t\t\t\t\t\t\t\t\t\t<img fetchpriority=\"high\" decoding=\"async\" width=\"1024\" height=\"578\" src=\"https:\/\/www.umc.br\/nucleodeacessibilidade\/wp-content\/uploads\/2023\/03\/ri-1024x578.jpg\" class=\"attachment-large size-large wp-image-8188\" alt=\"\" srcset=\"https:\/\/www.umc.br\/nucleodeacessibilidade\/wp-content\/uploads\/2023\/03\/ri-1024x578.jpg 1024w, https:\/\/www.umc.br\/nucleodeacessibilidade\/wp-content\/uploads\/2023\/03\/ri-300x169.jpg 300w, https:\/\/www.umc.br\/nucleodeacessibilidade\/wp-content\/uploads\/2023\/03\/ri-768x433.jpg 768w, https:\/\/www.umc.br\/nucleodeacessibilidade\/wp-content\/uploads\/2023\/03\/ri.jpg 1200w\" sizes=\"(max-width: 1024px) 100vw, 1024px\" \/>\t\t\t\t\t\t\t\t\t\t\t\t\t\t\t<\/div>\n\t\t\t\t<\/div>\n\t\t\t\t<div class=\"elementor-element elementor-element-249abd9 elementor-widget elementor-widget-text-editor\" data-id=\"249abd9\" data-element_type=\"widget\" data-e-type=\"widget\" data-settings=\"{&quot;ekit_we_effect_on&quot;:&quot;none&quot;}\" data-widget_type=\"text-editor.default\">\n\t\t\t\t<div class=\"elementor-widget-container\">\n\t\t\t\t\t\t\t\t\tCurso: Receptividade, conv\u00edvio e respeito \u00e0 pessoas com defici\u00eancia<\/br>\nRealiza\u00e7\u00e3o: Departamento de Recursos Humanos \/ Campus Sede<\/br>\nRespons\u00e1vel: Paloma Ferreira da Silva<\/br>\nData: 07\/02\/2019<\/br>\nHor\u00e1rio: 09h \u00e0s 11h e das 14h \u00e0s 16h<\/br>\nLocal: Sala 1T-03<\/br>\t\t\t\t\t\t\t\t<\/div>\n\t\t\t\t<\/div>\n\t\t\t\t\t<\/div>\n\t\t\t\t<\/div>\n\t\t\t\t<\/div>\n\t\t","protected":false},"excerpt":{"rendered":"<p>Curso: Receptividade, conv\u00edvio e respeito \u00e0 pessoas com defici\u00eancia Realiza\u00e7\u00e3o: Departamento de Recursos Humanos \/ Campus Sede Respons\u00e1vel: Paloma Ferreira da Silva Data: 07\/02\/2019 Hor\u00e1rio: 09h \u00e0s 11h e das 14h \u00e0s 16h Local: Sala 1T-03<\/p>\n","protected":false},"author":990011,"featured_media":8188,"comment_status":"closed","ping_status":"closed","sticky":false,"template":"","format":"standard","meta":{"footnotes":""},"categories":[1],"tags":[],"class_list":["post-8187","post","type-post","status-publish","format-standard","has-post-thumbnail","hentry","category-acoes-da-umc"],"blocksy_meta":{"styles_descriptor":{"styles":{"desktop":"","tablet":"","mobile":""},"google_fonts":[],"version":6}},"_links":{"self":[{"href":"https:\/\/www.umc.br\/nucleodeacessibilidade\/wp-json\/wp\/v2\/posts\/8187","targetHints":{"allow":["GET"]}}],"collection":[{"href":"https:\/\/www.umc.br\/nucleodeacessibilidade\/wp-json\/wp\/v2\/posts"}],"about":[{"href":"https:\/\/www.umc.br\/nucleodeacessibilidade\/wp-json\/wp\/v2\/types\/post"}],"author":[{"embeddable":true,"href":"https:\/\/www.umc.br\/nucleodeacessibilidade\/wp-json\/wp\/v2\/users\/990011"}],"replies":[{"embeddable":true,"href":"https:\/\/www.umc.br\/nucleodeacessibilidade\/wp-json\/wp\/v2\/comments?post=8187"}],"version-history":[{"count":4,"href":"https:\/\/www.umc.br\/nucleodeacessibilidade\/wp-json\/wp\/v2\/posts\/8187\/revisions"}],"predecessor-version":[{"id":8192,"href":"https:\/\/www.umc.br\/nucleodeacessibilidade\/wp-json\/wp\/v2\/posts\/8187\/revisions\/8192"}],"wp:featuredmedia":[{"embeddable":true,"href":"https:\/\/www.umc.br\/nucleodeacessibilidade\/wp-json\/wp\/v2\/media\/8188"}],"wp:attachment":[{"href":"https:\/\/www.umc.br\/nucleodeacessibilidade\/wp-json\/wp\/v2\/media?parent=8187"}],"wp:term":[{"taxonomy":"category","embeddable":true,"href":"https:\/\/www.umc.br\/nucleodeacessibilidade\/wp-json\/wp\/v2\/categories?post=8187"},{"taxonomy":"post_tag","embeddable":true,"href":"https:\/\/www.umc.br\/nucleodeacessibilidade\/wp-json\/wp\/v2\/tags?post=8187"}],"curies":[{"name":"wp","href":"https:\/\/api.w.org\/{rel}","templated":true}]}}