{"id":8111,"date":"2019-03-21T14:17:02","date_gmt":"2019-03-21T14:17:02","guid":{"rendered":"https:\/\/www.umc.br\/nucleodeacessibilidade\/?p=8111"},"modified":"2023-03-21T14:18:14","modified_gmt":"2023-03-21T14:18:14","slug":"projeto-de-identificacao-candidato-pcd-no-vestibular","status":"publish","type":"post","link":"https:\/\/www.umc.br\/nucleodeacessibilidade\/projeto-de-identificacao-candidato-pcd-no-vestibular\/","title":{"rendered":"PROJETO DE IDENTIFICA\u00c7\u00c3O CANDIDATO PCD NO VESTIBULAR"},"content":{"rendered":"\t\t<div data-elementor-type=\"wp-post\" data-elementor-id=\"8111\" class=\"elementor elementor-8111\" data-elementor-settings=\"{&quot;ha_cmc_init_switcher&quot;:&quot;no&quot;}\" data-elementor-post-type=\"post\">\n\t\t\t\t<div class=\"elementor-element elementor-element-1b3a921 e-flex e-con-boxed e-con e-parent\" data-id=\"1b3a921\" data-element_type=\"container\" data-e-type=\"container\" data-settings=\"{&quot;_ha_eqh_enable&quot;:false,&quot;ekit_has_onepagescroll_dot&quot;:&quot;yes&quot;}\">\n\t\t\t\t\t<div class=\"e-con-inner\">\n\t\t\t\t<div class=\"elementor-element elementor-element-29cfc3e elementor-widget elementor-widget-image\" data-id=\"29cfc3e\" data-element_type=\"widget\" data-e-type=\"widget\" data-settings=\"{&quot;ekit_we_effect_on&quot;:&quot;none&quot;}\" data-widget_type=\"image.default\">\n\t\t\t\t<div class=\"elementor-widget-container\">\n\t\t\t\t\t\t\t\t\t\t\t\t\t\t\t<img fetchpriority=\"high\" decoding=\"async\" width=\"1024\" height=\"683\" src=\"https:\/\/www.umc.br\/nucleodeacessibilidade\/wp-content\/uploads\/2023\/03\/umc-1024x683-1.jpg\" class=\"attachment-large size-large wp-image-7839\" alt=\"\" srcset=\"https:\/\/www.umc.br\/nucleodeacessibilidade\/wp-content\/uploads\/2023\/03\/umc-1024x683-1.jpg 1024w, https:\/\/www.umc.br\/nucleodeacessibilidade\/wp-content\/uploads\/2023\/03\/umc-1024x683-1-300x200.jpg 300w, https:\/\/www.umc.br\/nucleodeacessibilidade\/wp-content\/uploads\/2023\/03\/umc-1024x683-1-768x512.jpg 768w\" sizes=\"(max-width: 1024px) 100vw, 1024px\" \/>\t\t\t\t\t\t\t\t\t\t\t\t\t\t\t<\/div>\n\t\t\t\t<\/div>\n\t\t\t\t<div class=\"elementor-element elementor-element-c4363c0 elementor-widget elementor-widget-text-editor\" data-id=\"c4363c0\" data-element_type=\"widget\" data-e-type=\"widget\" data-settings=\"{&quot;ekit_we_effect_on&quot;:&quot;none&quot;}\" data-widget_type=\"text-editor.default\">\n\t\t\t\t<div class=\"elementor-widget-container\">\n\t\t\t\t\t\t\t\t\t<p>A UMC implementou um sistema de alerta que notifica os coordenadores quando um candidato PCD se inscreve no vestibular de algum curso. Dessa maneira, h\u00e1 como a IES analisar a situa\u00e7\u00e3o e entrar em contato com os novos alunos para entender as suas necessidades e adotar alguma a\u00e7\u00e3o necess\u00e1ria o mais breve poss\u00edvel.<\/p><p>Realiza\u00e7\u00e3o de provas adaptadas \u00e0 alunos com necessidades especiais.<\/p><p>Os coordenadores de curso, em conjunto com o N\u00facleo de Acessibilidade, analisam e desenvolvem provas adaptadas para os alunos com necessidades especiais, adotando crit\u00e9rios compat\u00edveis com a situa\u00e7\u00e3o de cada discente.<\/p>\t\t\t\t\t\t\t\t<\/div>\n\t\t\t\t<\/div>\n\t\t\t\t\t<\/div>\n\t\t\t\t<\/div>\n\t\t\t\t<\/div>\n\t\t","protected":false},"excerpt":{"rendered":"<p>A UMC implementou um sistema de alerta que notifica os coordenadores quando um candidato PCD se inscreve no vestibular de algum curso. Dessa maneira, h\u00e1 como a IES analisar a situa\u00e7\u00e3o e entrar em contato com os novos alunos para entender as suas necessidades e adotar alguma a\u00e7\u00e3o necess\u00e1ria o mais breve poss\u00edvel. Realiza\u00e7\u00e3o de [&hellip;]<\/p>\n","protected":false},"author":990011,"featured_media":7839,"comment_status":"closed","ping_status":"closed","sticky":false,"template":"","format":"standard","meta":{"footnotes":""},"categories":[1],"tags":[],"class_list":["post-8111","post","type-post","status-publish","format-standard","has-post-thumbnail","hentry","category-acoes-da-umc"],"blocksy_meta":{"styles_descriptor":{"styles":{"desktop":"","tablet":"","mobile":""},"google_fonts":[],"version":6}},"_links":{"self":[{"href":"https:\/\/www.umc.br\/nucleodeacessibilidade\/wp-json\/wp\/v2\/posts\/8111","targetHints":{"allow":["GET"]}}],"collection":[{"href":"https:\/\/www.umc.br\/nucleodeacessibilidade\/wp-json\/wp\/v2\/posts"}],"about":[{"href":"https:\/\/www.umc.br\/nucleodeacessibilidade\/wp-json\/wp\/v2\/types\/post"}],"author":[{"embeddable":true,"href":"https:\/\/www.umc.br\/nucleodeacessibilidade\/wp-json\/wp\/v2\/users\/990011"}],"replies":[{"embeddable":true,"href":"https:\/\/www.umc.br\/nucleodeacessibilidade\/wp-json\/wp\/v2\/comments?post=8111"}],"version-history":[{"count":4,"href":"https:\/\/www.umc.br\/nucleodeacessibilidade\/wp-json\/wp\/v2\/posts\/8111\/revisions"}],"predecessor-version":[{"id":8115,"href":"https:\/\/www.umc.br\/nucleodeacessibilidade\/wp-json\/wp\/v2\/posts\/8111\/revisions\/8115"}],"wp:featuredmedia":[{"embeddable":true,"href":"https:\/\/www.umc.br\/nucleodeacessibilidade\/wp-json\/wp\/v2\/media\/7839"}],"wp:attachment":[{"href":"https:\/\/www.umc.br\/nucleodeacessibilidade\/wp-json\/wp\/v2\/media?parent=8111"}],"wp:term":[{"taxonomy":"category","embeddable":true,"href":"https:\/\/www.umc.br\/nucleodeacessibilidade\/wp-json\/wp\/v2\/categories?post=8111"},{"taxonomy":"post_tag","embeddable":true,"href":"https:\/\/www.umc.br\/nucleodeacessibilidade\/wp-json\/wp\/v2\/tags?post=8111"}],"curies":[{"name":"wp","href":"https:\/\/api.w.org\/{rel}","templated":true}]}}