{"id":8059,"date":"2021-10-22T13:12:57","date_gmt":"2021-10-22T13:12:57","guid":{"rendered":"https:\/\/www.umc.br\/nucleodeacessibilidade\/?p=8059"},"modified":"2023-03-21T13:14:44","modified_gmt":"2023-03-21T13:14:44","slug":"resultados-da-pesquisa-por-odontologia-da-umc-estara-presente-neste-sabado-em-acao-da-prefeitura","status":"publish","type":"post","link":"https:\/\/www.umc.br\/nucleodeacessibilidade\/resultados-da-pesquisa-por-odontologia-da-umc-estara-presente-neste-sabado-em-acao-da-prefeitura\/","title":{"rendered":"Resultados da pesquisa por Odontologia da UMC estar\u00e1 presente, neste s\u00e1bado, em a\u00e7\u00e3o da Prefeitura"},"content":{"rendered":"\t\t<div data-elementor-type=\"wp-post\" data-elementor-id=\"8059\" class=\"elementor elementor-8059\" data-elementor-settings=\"{&quot;ha_cmc_init_switcher&quot;:&quot;no&quot;}\" data-elementor-post-type=\"post\">\n\t\t\t\t<div class=\"elementor-element elementor-element-a943325 e-flex e-con-boxed e-con e-parent\" data-id=\"a943325\" data-element_type=\"container\" data-e-type=\"container\" data-settings=\"{&quot;_ha_eqh_enable&quot;:false,&quot;ekit_has_onepagescroll_dot&quot;:&quot;yes&quot;}\">\n\t\t\t\t\t<div class=\"e-con-inner\">\n\t\t\t\t<div class=\"elementor-element elementor-element-eeb1381 elementor-widget elementor-widget-image\" data-id=\"eeb1381\" data-element_type=\"widget\" data-e-type=\"widget\" data-settings=\"{&quot;ekit_we_effect_on&quot;:&quot;none&quot;}\" data-widget_type=\"image.default\">\n\t\t\t\t<div class=\"elementor-widget-container\">\n\t\t\t\t\t\t\t\t\t\t\t\t\t\t\t<img fetchpriority=\"high\" decoding=\"async\" width=\"784\" height=\"454\" src=\"https:\/\/www.umc.br\/nucleodeacessibilidade\/wp-content\/uploads\/2023\/03\/Parque-Centenario-recebera-evento-com-apoio-da-UMC.jpg\" class=\"attachment-large size-large wp-image-7971\" alt=\"\" srcset=\"https:\/\/www.umc.br\/nucleodeacessibilidade\/wp-content\/uploads\/2023\/03\/Parque-Centenario-recebera-evento-com-apoio-da-UMC.jpg 784w, https:\/\/www.umc.br\/nucleodeacessibilidade\/wp-content\/uploads\/2023\/03\/Parque-Centenario-recebera-evento-com-apoio-da-UMC-300x174.jpg 300w, https:\/\/www.umc.br\/nucleodeacessibilidade\/wp-content\/uploads\/2023\/03\/Parque-Centenario-recebera-evento-com-apoio-da-UMC-768x445.jpg 768w\" sizes=\"(max-width: 784px) 100vw, 784px\" \/>\t\t\t\t\t\t\t\t\t\t\t\t\t\t\t<\/div>\n\t\t\t\t<\/div>\n\t\t\t\t<div class=\"elementor-element elementor-element-233a777 elementor-widget elementor-widget-text-editor\" data-id=\"233a777\" data-element_type=\"widget\" data-e-type=\"widget\" data-settings=\"{&quot;ekit_we_effect_on&quot;:&quot;none&quot;}\" data-widget_type=\"text-editor.default\">\n\t\t\t\t<div class=\"elementor-widget-container\">\n\t\t\t\t\t\t\t\t\t<p>Alunos de Odontologia v\u00e3o estar no Parque Centen\u00e1rio, em Mogi das Cruzes, neste s\u00e1bado<\/p><p>Neste s\u00e1bado (23\/10), a Secretaria Municipal de Sa\u00fade de Mogi das Cruzes inicia atividades da 19\u00aa Semana Municipal de Preven\u00e7\u00e3o do C\u00e2ncer de Boca, que ocorre anualmente no m\u00eas de outubro. Cirurgi\u00f5es-dentistas da Rede Municipal estar\u00e3o atendendo \u00e0 popula\u00e7\u00e3o para avalia\u00e7\u00e3o e detec\u00e7\u00e3o precoce de les\u00f5es suspeitas, al\u00e9m de orienta\u00e7\u00f5es sobre autoexame e preven\u00e7\u00e3o. Os alunos do curso de Odontologia da UMC participar\u00e3o dessas atividades no Parque Centen\u00e1rio, em Mogi das Cruzes, que vai acontecer das 9 horas \u00e0s 15 horas.<\/p><p>Tamb\u00e9m ser\u00e3o realizadas orienta\u00e7\u00f5es de sa\u00fade bucal como o ensino de t\u00e9cnicas de escova\u00e7\u00e3o para crian\u00e7as e adolescentes, al\u00e9m de exames para ver a necessidade de tratamento bucal.<\/p><p>Para a professora do curso de Odontologia da UMC, Anal\u00facia Marangoni, essas interven\u00e7\u00f5es s\u00e3o importantes para alunos e popula\u00e7\u00e3o. \u201cNestas a\u00e7\u00f5es os alunos conseguem ter uma vis\u00e3o de como est\u00e1 a sa\u00fade bucal da popula\u00e7\u00e3o e para os pacientes \u00e9 uma \u00f3tima forma de se prevenir e ter orienta\u00e7\u00f5es sobre a sa\u00fade bucal\u201d, ressalta.<\/p><p>A coordenadora do curso de Odontologia da UMC, Tatiana Mello, ressalta a import\u00e2ncia da parceria entre a Universidade e a Prefeitura Municipal de Mogi das Cruzes. \u201cA Semana Municipal de Preven\u00e7\u00e3o do C\u00e2ncer de Boca \u00e9 uma a\u00e7\u00e3o important\u00edssima na luta contra essa doen\u00e7a e a parceria com a universidade permite que essas a\u00e7\u00f5es sejam ampliadas. Quem ganha \u00e9 a popula\u00e7\u00e3o\u201d, ressalta.<\/p>\t\t\t\t\t\t\t\t<\/div>\n\t\t\t\t<\/div>\n\t\t\t\t\t<\/div>\n\t\t\t\t<\/div>\n\t\t\t\t<\/div>\n\t\t","protected":false},"excerpt":{"rendered":"<p>Alunos de Odontologia v\u00e3o estar no Parque Centen\u00e1rio, em Mogi das Cruzes, neste s\u00e1bado Neste s\u00e1bado (23\/10), a Secretaria Municipal de Sa\u00fade de Mogi das Cruzes inicia atividades da 19\u00aa Semana Municipal de Preven\u00e7\u00e3o do C\u00e2ncer de Boca, que ocorre anualmente no m\u00eas de outubro. Cirurgi\u00f5es-dentistas da Rede Municipal estar\u00e3o atendendo \u00e0 popula\u00e7\u00e3o para avalia\u00e7\u00e3o [&hellip;]<\/p>\n","protected":false},"author":990011,"featured_media":7971,"comment_status":"closed","ping_status":"closed","sticky":false,"template":"","format":"standard","meta":{"footnotes":""},"categories":[1],"tags":[],"class_list":["post-8059","post","type-post","status-publish","format-standard","has-post-thumbnail","hentry","category-acoes-da-umc"],"blocksy_meta":{"styles_descriptor":{"styles":{"desktop":"","tablet":"","mobile":""},"google_fonts":[],"version":6}},"_links":{"self":[{"href":"https:\/\/www.umc.br\/nucleodeacessibilidade\/wp-json\/wp\/v2\/posts\/8059","targetHints":{"allow":["GET"]}}],"collection":[{"href":"https:\/\/www.umc.br\/nucleodeacessibilidade\/wp-json\/wp\/v2\/posts"}],"about":[{"href":"https:\/\/www.umc.br\/nucleodeacessibilidade\/wp-json\/wp\/v2\/types\/post"}],"author":[{"embeddable":true,"href":"https:\/\/www.umc.br\/nucleodeacessibilidade\/wp-json\/wp\/v2\/users\/990011"}],"replies":[{"embeddable":true,"href":"https:\/\/www.umc.br\/nucleodeacessibilidade\/wp-json\/wp\/v2\/comments?post=8059"}],"version-history":[{"count":4,"href":"https:\/\/www.umc.br\/nucleodeacessibilidade\/wp-json\/wp\/v2\/posts\/8059\/revisions"}],"predecessor-version":[{"id":8063,"href":"https:\/\/www.umc.br\/nucleodeacessibilidade\/wp-json\/wp\/v2\/posts\/8059\/revisions\/8063"}],"wp:featuredmedia":[{"embeddable":true,"href":"https:\/\/www.umc.br\/nucleodeacessibilidade\/wp-json\/wp\/v2\/media\/7971"}],"wp:attachment":[{"href":"https:\/\/www.umc.br\/nucleodeacessibilidade\/wp-json\/wp\/v2\/media?parent=8059"}],"wp:term":[{"taxonomy":"category","embeddable":true,"href":"https:\/\/www.umc.br\/nucleodeacessibilidade\/wp-json\/wp\/v2\/categories?post=8059"},{"taxonomy":"post_tag","embeddable":true,"href":"https:\/\/www.umc.br\/nucleodeacessibilidade\/wp-json\/wp\/v2\/tags?post=8059"}],"curies":[{"name":"wp","href":"https:\/\/api.w.org\/{rel}","templated":true}]}}