{"id":9827,"date":"2024-10-31T14:14:44","date_gmt":"2024-10-31T14:14:44","guid":{"rendered":"https:\/\/www.umc.br\/noticias\/?p=9827"},"modified":"2024-10-31T14:17:23","modified_gmt":"2024-10-31T14:17:23","slug":"umc-promove-simposio-de-pedagogia-para-discutir-desafios-atuais-da-educacao","status":"publish","type":"post","link":"https:\/\/www.umc.br\/noticias\/umc-promove-simposio-de-pedagogia-para-discutir-desafios-atuais-da-educacao\/","title":{"rendered":"UMC promove Simp\u00f3sio de Pedagogia para discutir desafios atuais da educa\u00e7\u00e3o"},"content":{"rendered":"\t\t<div data-elementor-type=\"wp-post\" data-elementor-id=\"9827\" class=\"elementor elementor-9827\" data-elementor-settings=\"{&quot;ha_cmc_init_switcher&quot;:&quot;no&quot;}\" data-elementor-post-type=\"post\">\n\t\t\t\t<div data-particle_enable=\"false\" data-particle-mobile-disabled=\"false\" class=\"elementor-element elementor-element-20dddd3 e-flex e-con-boxed e-con e-parent\" data-id=\"20dddd3\" data-element_type=\"container\" data-e-type=\"container\" data-settings=\"{&quot;_ha_eqh_enable&quot;:false,&quot;ekit_has_onepagescroll_dot&quot;:&quot;yes&quot;}\">\n\t\t\t\t\t<div class=\"e-con-inner\">\n\t\t\t\t<div class=\"elementor-element elementor-element-afdeeb8 elementor-widget elementor-widget-text-editor\" data-id=\"afdeeb8\" data-element_type=\"widget\" data-e-type=\"widget\" data-settings=\"{&quot;ekit_we_effect_on&quot;:&quot;none&quot;}\" data-widget_type=\"text-editor.default\">\n\t\t\t\t<div class=\"elementor-widget-container\">\n\t\t\t\t\t\t\t\t\t<p>Nos dias 13 e 14 de novembro, \u00e0s 18h30, a UMC realiza o Simp\u00f3sio de Pedagogia, para os alunos do curso de Licenciatura, no Anfiteatro Manoel Bezerra de Melo. O evento \u00e9 organizado pela Professora Coordenadora \u00c9rica Venturini, professores e alunos do curso. O tema \u201cPerspectivas da a\u00e7\u00e3o do Pedagogo nos diferentes cen\u00e1rios de atua\u00e7\u00e3o\u201d, prop\u00f5e uma discuss\u00e3o diferenciada sobre os desafios atuais da educa\u00e7\u00e3o e contar\u00e1 com palestras e debates com profissionais renomados da \u00e1rea. A participa\u00e7\u00e3o vale como horas complementares. As inscri\u00e7\u00f5es podem ser feitas gratuitamente pelo Portal do Aluno.<\/p>\t\t\t\t\t\t\t\t<\/div>\n\t\t\t\t<\/div>\n\t\t\t\t<div class=\"elementor-element elementor-element-966b289 elementor-widget elementor-widget-text-editor\" data-id=\"966b289\" data-element_type=\"widget\" data-e-type=\"widget\" data-settings=\"{&quot;ekit_we_effect_on&quot;:&quot;none&quot;}\" data-widget_type=\"text-editor.default\">\n\t\t\t\t<div class=\"elementor-widget-container\">\n\t\t\t\t\t\t\t\t\t<div><b><img fetchpriority=\"high\" decoding=\"async\" class=\"size-medium wp-image-9830 alignleft\" src=\"https:\/\/www.umc.br\/noticias\/wp-content\/uploads\/2024\/10\/Design-sem-nome-29-1-300x300.jpg\" alt=\"\" width=\"300\" height=\"300\" srcset=\"https:\/\/www.umc.br\/noticias\/wp-content\/uploads\/2024\/10\/Design-sem-nome-29-1-300x300.jpg 300w, https:\/\/www.umc.br\/noticias\/wp-content\/uploads\/2024\/10\/Design-sem-nome-29-1-150x150.jpg 150w, https:\/\/www.umc.br\/noticias\/wp-content\/uploads\/2024\/10\/Design-sem-nome-29-1.jpg 500w\" sizes=\"(max-width: 300px) 100vw, 300px\" \/>Simp\u00f3sio de Pedagogia<\/b><b><br \/><\/b><\/div><div>\u00a0<\/div><div><b>Data:<\/b>\u00a013 e 14 de novembro<\/div><div><b>Hor\u00e1rio:<\/b>\u00a019h<\/div><div><b>Local:\u00a0<\/b>Anfiteatro Manoel Bezerra de Melo<\/div><div><b>Inscri\u00e7\u00f5es:\u00a0<\/b>Portal do Aluno<\/div><div>\u00a0<\/div><div><b>Programa\u00e7\u00e3o:<\/b><b><br \/><\/b><\/div><div>\u00a0<\/div><div><b>13 de novembro<\/b><b><br \/><\/b><\/div><div>\u00a0<\/div><div><b>Tema:\u00a0<\/b>Possibilidades e Desafios na EJA \u2013 Educa\u00e7\u00e3o de Jovens e Adultos<\/div><div><b>Palestrantes<\/b>: Professora Serly Garcia Silva, Professor Edno Candido da Cunha\u00a0 e Professora Camyla Sequeira.<\/div><div>\u00a0<\/div><div><b>Tema:<\/b>\u00a0A\u00e7\u00f5es da Pedagogia junto \u00e0 Psicologia Educacional<\/div><div>Palestrante: Psic\u00f3loga e Pedagoga Maricy Lamounier de Oliveira<\/div><div><br \/><b>14 de novembro<\/b><b><br \/><\/b><\/div><div>\u00a0<\/div><div><b>Tema:\u00a0<\/b>Desenvolvimento e Implementa\u00e7\u00e3o de Projetos Sociais e Educacionais que<\/div><div>promovam mudan\u00e7as reais na vida dos benefici\u00e1rios e da Comunidade Local \u2013<\/div><div>Empresa J\u00falio Sim\u00f5es<\/div><div><b>Palestrantes:<\/b>\u00a0Ana Beatriz Urbano Andari, Gerente do Instituto J\u00falio Sim\u00f5es<\/div><div>e Geruza de Lourdes Belebecha Oliveira<\/div><div>\u00a0<\/div><div><b>Tema:\u00a0<\/b>Atua\u00e7\u00e3o do Pedagogo no 3\u00b0 setor e no SUAS (Sistema \u00danico de Assist\u00eancia Social)<\/div><div><b>Palestrante:\u00a0<\/b>Psic\u00f3logo \u00c9diler Piter Castilho<\/div>\t\t\t\t\t\t\t\t<\/div>\n\t\t\t\t<\/div>\n\t\t\t\t\t<\/div>\n\t\t\t\t<\/div>\n\t\t\t\t<\/div>\n\t\t","protected":false},"excerpt":{"rendered":"<p>Nos dias 13 e 14 de novembro, \u00e0s 18h30, a UMC realiza o Simp\u00f3sio de Pedagogia, para os alunos do curso de Licenciatura, no Anfiteatro Manoel Bezerra de Melo. O evento \u00e9 organizado pela Professora Coordenadora \u00c9rica Venturini, professores e alunos do curso. O tema \u201cPerspectivas da a\u00e7\u00e3o do Pedagogo nos diferentes cen\u00e1rios de atua\u00e7\u00e3o\u201d, [&hellip;]<\/p>\n","protected":false},"author":990011,"featured_media":9828,"comment_status":"open","ping_status":"open","sticky":false,"template":"","format":"standard","meta":{"_eb_attr":"","footnotes":""},"categories":[1],"tags":[],"class_list":["post-9827","post","type-post","status-publish","format-standard","has-post-thumbnail","hentry","category-noticias-umc"],"blocksy_meta":[],"rttpg_featured_image_url":{"full":["https:\/\/www.umc.br\/noticias\/wp-content\/uploads\/2024\/10\/Design-sem-nome-29.jpg",500,500,false],"landscape":["https:\/\/www.umc.br\/noticias\/wp-content\/uploads\/2024\/10\/Design-sem-nome-29.jpg",500,500,false],"portraits":["https:\/\/www.umc.br\/noticias\/wp-content\/uploads\/2024\/10\/Design-sem-nome-29.jpg",500,500,false],"thumbnail":["https:\/\/www.umc.br\/noticias\/wp-content\/uploads\/2024\/10\/Design-sem-nome-29-150x150.jpg",150,150,true],"medium":["https:\/\/www.umc.br\/noticias\/wp-content\/uploads\/2024\/10\/Design-sem-nome-29-300x300.jpg",300,300,true],"large":["https:\/\/www.umc.br\/noticias\/wp-content\/uploads\/2024\/10\/Design-sem-nome-29.jpg",500,500,false],"1536x1536":["https:\/\/www.umc.br\/noticias\/wp-content\/uploads\/2024\/10\/Design-sem-nome-29.jpg",500,500,false],"2048x2048":["https:\/\/www.umc.br\/noticias\/wp-content\/uploads\/2024\/10\/Design-sem-nome-29.jpg",500,500,false],"tp-image-grid":["https:\/\/www.umc.br\/noticias\/wp-content\/uploads\/2024\/10\/Design-sem-nome-29.jpg",500,500,false],"bdfe-large-thumb":["https:\/\/www.umc.br\/noticias\/wp-content\/uploads\/2024\/10\/Design-sem-nome-29.jpg",500,500,false],"bdfe-hero-slider-thumb":["https:\/\/www.umc.br\/noticias\/wp-content\/uploads\/2024\/10\/Design-sem-nome-29.jpg",500,500,false]},"rttpg_author":{"display_name":"Marcelo Augusto","author_link":"https:\/\/www.umc.br\/noticias\/author\/marcelo\/"},"rttpg_comment":0,"rttpg_category":"<a href=\"https:\/\/www.umc.br\/noticias\/category\/noticias-umc\/\" rel=\"category tag\">Not\u00edcias UMC<\/a>","rttpg_excerpt":"Nos dias 13 e 14 de novembro, \u00e0s 18h30, a UMC realiza o Simp\u00f3sio de Pedagogia, para os alunos do curso de Licenciatura, no Anfiteatro Manoel Bezerra de Melo. O evento \u00e9 organizado pela Professora Coordenadora \u00c9rica Venturini, professores e alunos do curso. O tema \u201cPerspectivas da a\u00e7\u00e3o do Pedagogo nos diferentes cen\u00e1rios de atua\u00e7\u00e3o\u201d,&hellip;","_links":{"self":[{"href":"https:\/\/www.umc.br\/noticias\/wp-json\/wp\/v2\/posts\/9827","targetHints":{"allow":["GET"]}}],"collection":[{"href":"https:\/\/www.umc.br\/noticias\/wp-json\/wp\/v2\/posts"}],"about":[{"href":"https:\/\/www.umc.br\/noticias\/wp-json\/wp\/v2\/types\/post"}],"author":[{"embeddable":true,"href":"https:\/\/www.umc.br\/noticias\/wp-json\/wp\/v2\/users\/990011"}],"replies":[{"embeddable":true,"href":"https:\/\/www.umc.br\/noticias\/wp-json\/wp\/v2\/comments?post=9827"}],"version-history":[{"count":4,"href":"https:\/\/www.umc.br\/noticias\/wp-json\/wp\/v2\/posts\/9827\/revisions"}],"predecessor-version":[{"id":9833,"href":"https:\/\/www.umc.br\/noticias\/wp-json\/wp\/v2\/posts\/9827\/revisions\/9833"}],"wp:featuredmedia":[{"embeddable":true,"href":"https:\/\/www.umc.br\/noticias\/wp-json\/wp\/v2\/media\/9828"}],"wp:attachment":[{"href":"https:\/\/www.umc.br\/noticias\/wp-json\/wp\/v2\/media?parent=9827"}],"wp:term":[{"taxonomy":"category","embeddable":true,"href":"https:\/\/www.umc.br\/noticias\/wp-json\/wp\/v2\/categories?post=9827"},{"taxonomy":"post_tag","embeddable":true,"href":"https:\/\/www.umc.br\/noticias\/wp-json\/wp\/v2\/tags?post=9827"}],"curies":[{"name":"wp","href":"https:\/\/api.w.org\/{rel}","templated":true}]}}