{"id":9127,"date":"2024-03-05T20:27:25","date_gmt":"2024-03-05T20:27:25","guid":{"rendered":"https:\/\/www4.umc.br\/noticias\/?p=9127"},"modified":"2024-03-05T20:29:51","modified_gmt":"2024-03-05T20:29:51","slug":"nucleo-de-biotecnologia-umc-participa-de-congresso-brasileiro-de-micologia","status":"publish","type":"post","link":"https:\/\/www.umc.br\/noticias\/nucleo-de-biotecnologia-umc-participa-de-congresso-brasileiro-de-micologia\/","title":{"rendered":"N\u00facleo de Biotecnologia UMC participa de Congresso Brasileiro de Micologia"},"content":{"rendered":"\t\t<div data-elementor-type=\"wp-post\" data-elementor-id=\"9127\" class=\"elementor elementor-9127\" data-elementor-settings=\"{&quot;ha_cmc_init_switcher&quot;:&quot;no&quot;}\" data-elementor-post-type=\"post\">\n\t\t\t\t<div data-particle_enable=\"false\" data-particle-mobile-disabled=\"false\" class=\"elementor-element elementor-element-d173944 e-flex e-con-boxed e-con e-parent\" data-id=\"d173944\" data-element_type=\"container\" data-e-type=\"container\" data-settings=\"{&quot;_ha_eqh_enable&quot;:false,&quot;ekit_has_onepagescroll_dot&quot;:&quot;yes&quot;}\">\n\t\t\t\t\t<div class=\"e-con-inner\">\n\t\t\t\t<div class=\"elementor-element elementor-element-cce0f20 elementor-widget elementor-widget-text-editor\" data-id=\"cce0f20\" data-element_type=\"widget\" data-e-type=\"widget\" data-settings=\"{&quot;ekit_we_effect_on&quot;:&quot;none&quot;}\" data-widget_type=\"text-editor.default\">\n\t\t\t\t<div class=\"elementor-widget-container\">\n\t\t\t\t\t\t\t\t\t<p style=\"font-weight: 400;\">O Laborat\u00f3rio de Gen\u00f4mica Estrutural e Funcional do N\u00facleo Integrado de Biotecnologia da UMC (NIB-UMC), representado pela Profa. Dra. Daniela Leite e sua aluna de mestrado em Biotecnologia Maria Vit\u00f3ria C. Berlofa, apresentou tr\u00eas trabalhos cient\u00edficos no\u00a0\u201cX Congresso Brasileiro de Micologia\u201d, ocorrido entre 19 e 23 de fevereiro\/24 na Universidade Federal de Minas Gerais (UFMG), Belo Horizonte-MG.<\/p><p style=\"font-weight: 400;\">O evento, que reuniu especialistas no estudo dos fungos, discutiu, em suas mais diversas \u00e1reas, as principais pesquisas cient\u00edficas atuais do setor. Os trabalhos submetidos pelo grupo de pesquisa da UMC versavam sobre gen\u00f4mica (FungOmics), diagn\u00f3stico molecular e\u00a0 est\u00edmulo \u00e0 preserva\u00e7\u00e3o da biodiversidade f\u00fangica.<\/p>\t\t\t\t\t\t\t\t<\/div>\n\t\t\t\t<\/div>\n\t\t\t\t\t<\/div>\n\t\t\t\t<\/div>\n\t\t\t\t<\/div>\n\t\t","protected":false},"excerpt":{"rendered":"<p>O Laborat\u00f3rio de Gen\u00f4mica Estrutural e Funcional do N\u00facleo Integrado de Biotecnologia da UMC (NIB-UMC), representado pela Profa. Dra. Daniela Leite e sua aluna de mestrado em Biotecnologia Maria Vit\u00f3ria C. Berlofa, apresentou tr\u00eas trabalhos cient\u00edficos no\u00a0\u201cX Congresso Brasileiro de Micologia\u201d, ocorrido entre 19 e 23 de fevereiro\/24 na Universidade Federal de Minas Gerais (UFMG), [&hellip;]<\/p>\n","protected":false},"author":990015,"featured_media":9131,"comment_status":"open","ping_status":"open","sticky":false,"template":"","format":"standard","meta":{"_eb_attr":"","footnotes":""},"categories":[1],"tags":[],"class_list":["post-9127","post","type-post","status-publish","format-standard","has-post-thumbnail","hentry","category-noticias-umc"],"blocksy_meta":[],"rttpg_featured_image_url":{"full":["https:\/\/www.umc.br\/noticias\/wp-content\/uploads\/2024\/03\/Micologia-Dani-Mavi.jpg",1600,770,false],"landscape":["https:\/\/www.umc.br\/noticias\/wp-content\/uploads\/2024\/03\/Micologia-Dani-Mavi.jpg",1600,770,false],"portraits":["https:\/\/www.umc.br\/noticias\/wp-content\/uploads\/2024\/03\/Micologia-Dani-Mavi.jpg",1600,770,false],"thumbnail":["https:\/\/www.umc.br\/noticias\/wp-content\/uploads\/2024\/03\/Micologia-Dani-Mavi-150x150.jpg",150,150,true],"medium":["https:\/\/www.umc.br\/noticias\/wp-content\/uploads\/2024\/03\/Micologia-Dani-Mavi-300x144.jpg",300,144,true],"large":["https:\/\/www.umc.br\/noticias\/wp-content\/uploads\/2024\/03\/Micologia-Dani-Mavi-1024x493.jpg",1024,493,true],"1536x1536":["https:\/\/www.umc.br\/noticias\/wp-content\/uploads\/2024\/03\/Micologia-Dani-Mavi-1536x739.jpg",1536,739,true],"2048x2048":["https:\/\/www.umc.br\/noticias\/wp-content\/uploads\/2024\/03\/Micologia-Dani-Mavi.jpg",1600,770,false],"tp-image-grid":["https:\/\/www.umc.br\/noticias\/wp-content\/uploads\/2024\/03\/Micologia-Dani-Mavi-700x700.jpg",700,700,true],"bdfe-large-thumb":["https:\/\/www.umc.br\/noticias\/wp-content\/uploads\/2024\/03\/Micologia-Dani-Mavi-600x289.jpg",600,289,true],"bdfe-hero-slider-thumb":["https:\/\/www.umc.br\/noticias\/wp-content\/uploads\/2024\/03\/Micologia-Dani-Mavi-1349x649.jpg",1349,649,true]},"rttpg_author":{"display_name":"Renato Nascimento","author_link":"https:\/\/www.umc.br\/noticias\/author\/renato\/"},"rttpg_comment":0,"rttpg_category":"<a href=\"https:\/\/www.umc.br\/noticias\/category\/noticias-umc\/\" rel=\"category tag\">Not\u00edcias UMC<\/a>","rttpg_excerpt":"O Laborat\u00f3rio de Gen\u00f4mica Estrutural e Funcional do N\u00facleo Integrado de Biotecnologia da UMC (NIB-UMC), representado pela Profa. Dra. Daniela Leite e sua aluna de mestrado em Biotecnologia Maria Vit\u00f3ria C. Berlofa, apresentou tr\u00eas trabalhos cient\u00edficos no\u00a0\u201cX Congresso Brasileiro de Micologia\u201d, ocorrido entre 19 e 23 de fevereiro\/24 na Universidade Federal de Minas Gerais (UFMG),&hellip;","_links":{"self":[{"href":"https:\/\/www.umc.br\/noticias\/wp-json\/wp\/v2\/posts\/9127","targetHints":{"allow":["GET"]}}],"collection":[{"href":"https:\/\/www.umc.br\/noticias\/wp-json\/wp\/v2\/posts"}],"about":[{"href":"https:\/\/www.umc.br\/noticias\/wp-json\/wp\/v2\/types\/post"}],"author":[{"embeddable":true,"href":"https:\/\/www.umc.br\/noticias\/wp-json\/wp\/v2\/users\/990015"}],"replies":[{"embeddable":true,"href":"https:\/\/www.umc.br\/noticias\/wp-json\/wp\/v2\/comments?post=9127"}],"version-history":[{"count":4,"href":"https:\/\/www.umc.br\/noticias\/wp-json\/wp\/v2\/posts\/9127\/revisions"}],"predecessor-version":[{"id":9132,"href":"https:\/\/www.umc.br\/noticias\/wp-json\/wp\/v2\/posts\/9127\/revisions\/9132"}],"wp:featuredmedia":[{"embeddable":true,"href":"https:\/\/www.umc.br\/noticias\/wp-json\/wp\/v2\/media\/9131"}],"wp:attachment":[{"href":"https:\/\/www.umc.br\/noticias\/wp-json\/wp\/v2\/media?parent=9127"}],"wp:term":[{"taxonomy":"category","embeddable":true,"href":"https:\/\/www.umc.br\/noticias\/wp-json\/wp\/v2\/categories?post=9127"},{"taxonomy":"post_tag","embeddable":true,"href":"https:\/\/www.umc.br\/noticias\/wp-json\/wp\/v2\/tags?post=9127"}],"curies":[{"name":"wp","href":"https:\/\/api.w.org\/{rel}","templated":true}]}}