{"id":9077,"date":"2024-02-15T13:34:38","date_gmt":"2024-02-15T13:34:38","guid":{"rendered":"https:\/\/www4.umc.br\/noticias\/?p=9077"},"modified":"2024-02-15T14:21:58","modified_gmt":"2024-02-15T14:21:58","slug":"nota-de-pesar-9","status":"publish","type":"post","link":"https:\/\/www.umc.br\/noticias\/nota-de-pesar-9\/","title":{"rendered":"NOTA DE PESAR"},"content":{"rendered":"\t\t<div data-elementor-type=\"wp-post\" data-elementor-id=\"9077\" class=\"elementor elementor-9077\" data-elementor-settings=\"{&quot;ha_cmc_init_switcher&quot;:&quot;no&quot;}\" data-elementor-post-type=\"post\">\n\t\t\t\t<div data-particle_enable=\"false\" data-particle-mobile-disabled=\"false\" class=\"elementor-element elementor-element-3ef1f89 e-flex e-con-boxed e-con e-parent\" data-id=\"3ef1f89\" data-element_type=\"container\" data-e-type=\"container\" data-settings=\"{&quot;_ha_eqh_enable&quot;:false,&quot;ekit_has_onepagescroll_dot&quot;:&quot;yes&quot;}\">\n\t\t\t\t\t<div class=\"e-con-inner\">\n\t\t<div data-particle_enable=\"false\" data-particle-mobile-disabled=\"false\" class=\"elementor-element elementor-element-7b1e45e e-con-full e-flex e-con e-child\" data-id=\"7b1e45e\" data-element_type=\"container\" data-e-type=\"container\" data-settings=\"{&quot;_ha_eqh_enable&quot;:false,&quot;ekit_has_onepagescroll_dot&quot;:&quot;yes&quot;}\">\n\t\t\t\t<div class=\"elementor-element elementor-element-fa76abf elementor-widget elementor-widget-image\" data-id=\"fa76abf\" data-element_type=\"widget\" data-e-type=\"widget\" data-settings=\"{&quot;ekit_we_effect_on&quot;:&quot;none&quot;}\" data-widget_type=\"image.default\">\n\t\t\t\t<div class=\"elementor-widget-container\">\n\t\t\t\t\t\t\t\t\t\t\t\t\t\t\t<img fetchpriority=\"high\" decoding=\"async\" width=\"1024\" height=\"1024\" src=\"https:\/\/www.umc.br\/noticias\/wp-content\/uploads\/2024\/02\/Nota-de-pesar-feed-Professor-Ivarne-1-1024x1024.png\" class=\"attachment-large size-large wp-image-9088\" alt=\"\" srcset=\"https:\/\/www.umc.br\/noticias\/wp-content\/uploads\/2024\/02\/Nota-de-pesar-feed-Professor-Ivarne-1-1024x1024.png 1024w, https:\/\/www.umc.br\/noticias\/wp-content\/uploads\/2024\/02\/Nota-de-pesar-feed-Professor-Ivarne-1-300x300.png 300w, https:\/\/www.umc.br\/noticias\/wp-content\/uploads\/2024\/02\/Nota-de-pesar-feed-Professor-Ivarne-1-150x150.png 150w, https:\/\/www.umc.br\/noticias\/wp-content\/uploads\/2024\/02\/Nota-de-pesar-feed-Professor-Ivarne-1-768x768.png 768w, https:\/\/www.umc.br\/noticias\/wp-content\/uploads\/2024\/02\/Nota-de-pesar-feed-Professor-Ivarne-1-700x700.png 700w, https:\/\/www.umc.br\/noticias\/wp-content\/uploads\/2024\/02\/Nota-de-pesar-feed-Professor-Ivarne-1-600x600.png 600w, https:\/\/www.umc.br\/noticias\/wp-content\/uploads\/2024\/02\/Nota-de-pesar-feed-Professor-Ivarne-1-649x649.png 649w, https:\/\/www.umc.br\/noticias\/wp-content\/uploads\/2024\/02\/Nota-de-pesar-feed-Professor-Ivarne-1.png 1080w\" sizes=\"(max-width: 1024px) 100vw, 1024px\" \/>\t\t\t\t\t\t\t\t\t\t\t\t\t\t\t<\/div>\n\t\t\t\t<\/div>\n\t\t\t\t<\/div>\n\t\t<div data-particle_enable=\"false\" data-particle-mobile-disabled=\"false\" class=\"elementor-element elementor-element-52aaddc e-con-full e-flex e-con e-child\" data-id=\"52aaddc\" data-element_type=\"container\" data-e-type=\"container\" data-settings=\"{&quot;_ha_eqh_enable&quot;:false,&quot;ekit_has_onepagescroll_dot&quot;:&quot;yes&quot;}\">\n\t\t\t\t<div class=\"elementor-element elementor-element-2b5b1f1 elementor-widget elementor-widget-text-editor\" data-id=\"2b5b1f1\" data-element_type=\"widget\" data-e-type=\"widget\" data-settings=\"{&quot;ekit_we_effect_on&quot;:&quot;none&quot;}\" data-widget_type=\"text-editor.default\">\n\t\t\t\t<div class=\"elementor-widget-container\">\n\t\t\t\t\t\t\t\t\t<p>\u00c9 com enorme tristeza e grande consterna\u00e7\u00e3o que a UMC manifesta todo pesar pelo falecimento precoce do Professor Dr. Celso Abdon Lopes de Mello, aos 48 anos, ocorrido ontem, dia 14\/02\/2024. O Professor Dr. Celso lecionava a disciplina de Oncologia na UMC e fazia parte do quadro de professores desde 2009.<\/p><p>A UMC expressa suas sinceras condol\u00eancias \u00e0 fam\u00edlia, amigos, colegas e alunos neste momento, destacando que seu exemplo de dedica\u00e7\u00e3o, humildade e simpatia ficar\u00e1 como lembran\u00e7a para todos que tiveram a honra de conviver com ele.<\/p><p>O vel\u00f3rio estar\u00e1 acontecendo no Anfiteatro do ACCAMARGO, no hor\u00e1rio das 13:00 \u00e0s 15:00 e o sepultamento ocorrer\u00e1 na cidade de Delfin\u00f3polis\/MG.<\/p>\t\t\t\t\t\t\t\t<\/div>\n\t\t\t\t<\/div>\n\t\t\t\t<\/div>\n\t\t\t\t\t<\/div>\n\t\t\t\t<\/div>\n\t\t\t\t<\/div>\n\t\t","protected":false},"excerpt":{"rendered":"<p>\u00c9 com enorme tristeza e grande consterna\u00e7\u00e3o que a UMC manifesta todo pesar pelo falecimento precoce do Professor Dr. Celso Abdon Lopes de Mello, aos 48 anos, ocorrido ontem, dia 14\/02\/2024. O Professor Dr. Celso lecionava a disciplina de Oncologia na UMC e fazia parte do quadro de professores desde 2009. A UMC expressa suas [&hellip;]<\/p>\n","protected":false},"author":990015,"featured_media":9088,"comment_status":"open","ping_status":"open","sticky":false,"template":"","format":"standard","meta":{"_eb_attr":"","footnotes":""},"categories":[1],"tags":[],"class_list":["post-9077","post","type-post","status-publish","format-standard","has-post-thumbnail","hentry","category-noticias-umc"],"blocksy_meta":[],"rttpg_featured_image_url":{"full":["https:\/\/www.umc.br\/noticias\/wp-content\/uploads\/2024\/02\/Nota-de-pesar-feed-Professor-Ivarne-1.png",1080,1080,false],"landscape":["https:\/\/www.umc.br\/noticias\/wp-content\/uploads\/2024\/02\/Nota-de-pesar-feed-Professor-Ivarne-1.png",1080,1080,false],"portraits":["https:\/\/www.umc.br\/noticias\/wp-content\/uploads\/2024\/02\/Nota-de-pesar-feed-Professor-Ivarne-1.png",1080,1080,false],"thumbnail":["https:\/\/www.umc.br\/noticias\/wp-content\/uploads\/2024\/02\/Nota-de-pesar-feed-Professor-Ivarne-1-150x150.png",150,150,true],"medium":["https:\/\/www.umc.br\/noticias\/wp-content\/uploads\/2024\/02\/Nota-de-pesar-feed-Professor-Ivarne-1-300x300.png",300,300,true],"large":["https:\/\/www.umc.br\/noticias\/wp-content\/uploads\/2024\/02\/Nota-de-pesar-feed-Professor-Ivarne-1-1024x1024.png",1024,1024,true],"1536x1536":["https:\/\/www.umc.br\/noticias\/wp-content\/uploads\/2024\/02\/Nota-de-pesar-feed-Professor-Ivarne-1.png",1080,1080,false],"2048x2048":["https:\/\/www.umc.br\/noticias\/wp-content\/uploads\/2024\/02\/Nota-de-pesar-feed-Professor-Ivarne-1.png",1080,1080,false],"tp-image-grid":["https:\/\/www.umc.br\/noticias\/wp-content\/uploads\/2024\/02\/Nota-de-pesar-feed-Professor-Ivarne-1-700x700.png",700,700,true],"bdfe-large-thumb":["https:\/\/www.umc.br\/noticias\/wp-content\/uploads\/2024\/02\/Nota-de-pesar-feed-Professor-Ivarne-1-600x600.png",600,600,true],"bdfe-hero-slider-thumb":["https:\/\/www.umc.br\/noticias\/wp-content\/uploads\/2024\/02\/Nota-de-pesar-feed-Professor-Ivarne-1-649x649.png",649,649,true]},"rttpg_author":{"display_name":"Renato Nascimento","author_link":"https:\/\/www.umc.br\/noticias\/author\/renato\/"},"rttpg_comment":0,"rttpg_category":"<a href=\"https:\/\/www.umc.br\/noticias\/category\/noticias-umc\/\" rel=\"category tag\">Not\u00edcias UMC<\/a>","rttpg_excerpt":"\u00c9 com enorme tristeza e grande consterna\u00e7\u00e3o que a UMC manifesta todo pesar pelo falecimento precoce do Professor Dr. Celso Abdon Lopes de Mello, aos 48 anos, ocorrido ontem, dia 14\/02\/2024. O Professor Dr. Celso lecionava a disciplina de Oncologia na UMC e fazia parte do quadro de professores desde 2009. A UMC expressa suas&hellip;","_links":{"self":[{"href":"https:\/\/www.umc.br\/noticias\/wp-json\/wp\/v2\/posts\/9077","targetHints":{"allow":["GET"]}}],"collection":[{"href":"https:\/\/www.umc.br\/noticias\/wp-json\/wp\/v2\/posts"}],"about":[{"href":"https:\/\/www.umc.br\/noticias\/wp-json\/wp\/v2\/types\/post"}],"author":[{"embeddable":true,"href":"https:\/\/www.umc.br\/noticias\/wp-json\/wp\/v2\/users\/990015"}],"replies":[{"embeddable":true,"href":"https:\/\/www.umc.br\/noticias\/wp-json\/wp\/v2\/comments?post=9077"}],"version-history":[{"count":12,"href":"https:\/\/www.umc.br\/noticias\/wp-json\/wp\/v2\/posts\/9077\/revisions"}],"predecessor-version":[{"id":9094,"href":"https:\/\/www.umc.br\/noticias\/wp-json\/wp\/v2\/posts\/9077\/revisions\/9094"}],"wp:featuredmedia":[{"embeddable":true,"href":"https:\/\/www.umc.br\/noticias\/wp-json\/wp\/v2\/media\/9088"}],"wp:attachment":[{"href":"https:\/\/www.umc.br\/noticias\/wp-json\/wp\/v2\/media?parent=9077"}],"wp:term":[{"taxonomy":"category","embeddable":true,"href":"https:\/\/www.umc.br\/noticias\/wp-json\/wp\/v2\/categories?post=9077"},{"taxonomy":"post_tag","embeddable":true,"href":"https:\/\/www.umc.br\/noticias\/wp-json\/wp\/v2\/tags?post=9077"}],"curies":[{"name":"wp","href":"https:\/\/api.w.org\/{rel}","templated":true}]}}