{"id":9065,"date":"2024-01-26T12:29:18","date_gmt":"2024-01-26T12:29:18","guid":{"rendered":"https:\/\/www4.umc.br\/noticias\/?p=9065"},"modified":"2024-01-26T12:39:03","modified_gmt":"2024-01-26T12:39:03","slug":"professores-da-umc-iniciam-o-ano-com-palestras-de-capacitacao","status":"publish","type":"post","link":"https:\/\/www.umc.br\/noticias\/professores-da-umc-iniciam-o-ano-com-palestras-de-capacitacao\/","title":{"rendered":"Professores da UMC iniciam o ano com palestras de capacita\u00e7\u00e3o"},"content":{"rendered":"\t\t<div data-elementor-type=\"wp-post\" data-elementor-id=\"9065\" class=\"elementor elementor-9065\" data-elementor-settings=\"{&quot;ha_cmc_init_switcher&quot;:&quot;no&quot;}\" data-elementor-post-type=\"post\">\n\t\t\t\t<div data-particle_enable=\"false\" data-particle-mobile-disabled=\"false\" class=\"elementor-element elementor-element-e19716b e-flex e-con-boxed e-con e-parent\" data-id=\"e19716b\" data-element_type=\"container\" data-e-type=\"container\" data-settings=\"{&quot;_ha_eqh_enable&quot;:false,&quot;ekit_has_onepagescroll_dot&quot;:&quot;yes&quot;}\">\n\t\t\t\t\t<div class=\"e-con-inner\">\n\t\t\t\t<div class=\"elementor-element elementor-element-8989d02 elementor-widget elementor-widget-text-editor\" data-id=\"8989d02\" data-element_type=\"widget\" data-e-type=\"widget\" data-settings=\"{&quot;ekit_we_effect_on&quot;:&quot;none&quot;}\" data-widget_type=\"text-editor.default\">\n\t\t\t\t<div class=\"elementor-widget-container\">\n\t\t\t\t\t\t\t\t\t<p class=\"cvGsUA direction-ltr align-justify para-style-body\"><span class=\"OYPEnA text-decoration-none text-strikethrough-none\">Nos dias 24 e 25 de janeiro, a UMC promoveu uma rodada de palestras de capacita\u00e7\u00e3o para os professores da Gradua\u00e7\u00e3o e P\u00f3s-gradua\u00e7\u00e3o visando o<\/span> <span class=\"OYPEnA text-decoration-none text-strikethrough-none\">in\u00edcio do ano letivo de 2024. No evento, as professoras Marina Reis de Moura Campos e a Coordenadora de Pesquisa e P\u00f3s-gradua\u00e7\u00e3o,<\/span> <span class=\"OYPEnA text-decoration-none text-strikethrough-none\">Tatiana Ribeiro de Campos Mello abordaram os temas \u201cNeuroci\u00eancia na Educa\u00e7\u00e3o\u201d e \u201cO Papel do Professor Universit\u00e1rio no Avan\u00e7o da Ci\u00eancia\u201d, respectivamente.<\/span><\/p><p class=\"cvGsUA direction-ltr align-justify para-style-body\"><span class=\"OYPEnA text-decoration-none text-strikethrough-none\">O Pr\u00f3-Reitor Acad\u00eamico e Diretor de Pesquisa, P\u00f3s-Gradua\u00e7\u00e3o e Extens\u00e3o, Prof. Dr. Cl\u00e1udio Jos\u00e9 Alves de Brito, destacou a relev\u00e2ncia e import\u00e2ncia da capacita\u00e7\u00e3o como diferencial para os professores da UMC.<\/span><\/p><p class=\"cvGsUA direction-ltr align-justify para-style-body\"><span class=\"OYPEnA text-decoration-none text-strikethrough-none\">\u201cA UMC tem como princ\u00edpio a forma\u00e7\u00e3o n\u00e3o s\u00f3 dos alunos, mas tamb\u00e9m a capacita\u00e7\u00e3o de nossos professores, visando um aprimoramento profissional constante. Esse preparo \u00e9 fundamental para nosso corpo docente e estamos ansiosos com o retorno \u00e0s aulas, desejando um \u00f3timo ano a todos\u201d, completou.<\/span><\/p>\t\t\t\t\t\t\t\t<\/div>\n\t\t\t\t<\/div>\n\t\t\t\t\t<\/div>\n\t\t\t\t<\/div>\n\t\t<div data-particle_enable=\"false\" data-particle-mobile-disabled=\"false\" class=\"elementor-element elementor-element-60ad88b e-flex e-con-boxed e-con e-parent\" data-id=\"60ad88b\" data-element_type=\"container\" data-e-type=\"container\" data-settings=\"{&quot;_ha_eqh_enable&quot;:false,&quot;ekit_has_onepagescroll_dot&quot;:&quot;yes&quot;}\">\n\t\t\t\t\t<div class=\"e-con-inner\">\n\t\t\t\t<div class=\"elementor-element elementor-element-a6c2c0b elementor-widget elementor-widget-image\" data-id=\"a6c2c0b\" data-element_type=\"widget\" data-e-type=\"widget\" data-settings=\"{&quot;ekit_we_effect_on&quot;:&quot;none&quot;}\" data-widget_type=\"image.default\">\n\t\t\t\t<div class=\"elementor-widget-container\">\n\t\t\t\t\t\t\t\t\t\t\t\t\t\t\t<img fetchpriority=\"high\" decoding=\"async\" width=\"768\" height=\"576\" src=\"https:\/\/www.umc.br\/noticias\/wp-content\/uploads\/2024\/01\/dia-1-768x576.jpg\" class=\"attachment-medium_large size-medium_large wp-image-9067\" alt=\"\" srcset=\"https:\/\/www.umc.br\/noticias\/wp-content\/uploads\/2024\/01\/dia-1-768x576.jpg 768w, https:\/\/www.umc.br\/noticias\/wp-content\/uploads\/2024\/01\/dia-1-300x225.jpg 300w, https:\/\/www.umc.br\/noticias\/wp-content\/uploads\/2024\/01\/dia-1-1024x768.jpg 1024w, https:\/\/www.umc.br\/noticias\/wp-content\/uploads\/2024\/01\/dia-1-1536x1152.jpg 1536w, https:\/\/www.umc.br\/noticias\/wp-content\/uploads\/2024\/01\/dia-1-600x450.jpg 600w, https:\/\/www.umc.br\/noticias\/wp-content\/uploads\/2024\/01\/dia-1-865x649.jpg 865w, https:\/\/www.umc.br\/noticias\/wp-content\/uploads\/2024\/01\/dia-1.jpg 1600w\" sizes=\"(max-width: 768px) 100vw, 768px\" \/>\t\t\t\t\t\t\t\t\t\t\t\t\t\t\t<\/div>\n\t\t\t\t<\/div>\n\t\t\t\t\t<\/div>\n\t\t\t\t<\/div>\n\t\t<div data-particle_enable=\"false\" data-particle-mobile-disabled=\"false\" class=\"elementor-element elementor-element-f6e700b e-flex e-con-boxed e-con e-parent\" data-id=\"f6e700b\" data-element_type=\"container\" data-e-type=\"container\" data-settings=\"{&quot;_ha_eqh_enable&quot;:false,&quot;ekit_has_onepagescroll_dot&quot;:&quot;yes&quot;}\">\n\t\t\t\t\t<div class=\"e-con-inner\">\n\t\t\t\t<div class=\"elementor-element elementor-element-528875b elementor-widget elementor-widget-image\" data-id=\"528875b\" data-element_type=\"widget\" data-e-type=\"widget\" data-settings=\"{&quot;ekit_we_effect_on&quot;:&quot;none&quot;}\" data-widget_type=\"image.default\">\n\t\t\t\t<div class=\"elementor-widget-container\">\n\t\t\t\t\t\t\t\t\t\t\t\t\t\t\t<img decoding=\"async\" width=\"768\" height=\"1024\" src=\"https:\/\/www.umc.br\/noticias\/wp-content\/uploads\/2024\/01\/dia-1_2-768x1024.jpg\" class=\"attachment-medium_large size-medium_large wp-image-9068\" alt=\"\" srcset=\"https:\/\/www.umc.br\/noticias\/wp-content\/uploads\/2024\/01\/dia-1_2-768x1024.jpg 768w, https:\/\/www.umc.br\/noticias\/wp-content\/uploads\/2024\/01\/dia-1_2-225x300.jpg 225w, https:\/\/www.umc.br\/noticias\/wp-content\/uploads\/2024\/01\/dia-1_2-1152x1536.jpg 1152w, https:\/\/www.umc.br\/noticias\/wp-content\/uploads\/2024\/01\/dia-1_2-600x800.jpg 600w, https:\/\/www.umc.br\/noticias\/wp-content\/uploads\/2024\/01\/dia-1_2-487x649.jpg 487w, https:\/\/www.umc.br\/noticias\/wp-content\/uploads\/2024\/01\/dia-1_2.jpg 1200w\" sizes=\"(max-width: 768px) 100vw, 768px\" \/>\t\t\t\t\t\t\t\t\t\t\t\t\t\t\t<\/div>\n\t\t\t\t<\/div>\n\t\t\t\t\t<\/div>\n\t\t\t\t<\/div>\n\t\t<div data-particle_enable=\"false\" data-particle-mobile-disabled=\"false\" class=\"elementor-element elementor-element-b3f64aa e-flex e-con-boxed e-con e-parent\" data-id=\"b3f64aa\" data-element_type=\"container\" data-e-type=\"container\" data-settings=\"{&quot;_ha_eqh_enable&quot;:false,&quot;ekit_has_onepagescroll_dot&quot;:&quot;yes&quot;}\">\n\t\t\t\t\t<div class=\"e-con-inner\">\n\t\t\t\t<div class=\"elementor-element elementor-element-bee24eb elementor-widget elementor-widget-image\" data-id=\"bee24eb\" data-element_type=\"widget\" data-e-type=\"widget\" data-settings=\"{&quot;ekit_we_effect_on&quot;:&quot;none&quot;}\" data-widget_type=\"image.default\">\n\t\t\t\t<div class=\"elementor-widget-container\">\n\t\t\t\t\t\t\t\t\t\t\t\t\t\t\t<img decoding=\"async\" width=\"768\" height=\"576\" src=\"https:\/\/www.umc.br\/noticias\/wp-content\/uploads\/2024\/01\/4-768x576.jpg\" class=\"attachment-medium_large size-medium_large wp-image-9069\" alt=\"\" srcset=\"https:\/\/www.umc.br\/noticias\/wp-content\/uploads\/2024\/01\/4-768x576.jpg 768w, https:\/\/www.umc.br\/noticias\/wp-content\/uploads\/2024\/01\/4-300x225.jpg 300w, https:\/\/www.umc.br\/noticias\/wp-content\/uploads\/2024\/01\/4-1024x768.jpg 1024w, https:\/\/www.umc.br\/noticias\/wp-content\/uploads\/2024\/01\/4-1536x1152.jpg 1536w, https:\/\/www.umc.br\/noticias\/wp-content\/uploads\/2024\/01\/4-600x450.jpg 600w, https:\/\/www.umc.br\/noticias\/wp-content\/uploads\/2024\/01\/4-865x649.jpg 865w, https:\/\/www.umc.br\/noticias\/wp-content\/uploads\/2024\/01\/4.jpg 1600w\" sizes=\"(max-width: 768px) 100vw, 768px\" \/>\t\t\t\t\t\t\t\t\t\t\t\t\t\t\t<\/div>\n\t\t\t\t<\/div>\n\t\t\t\t\t<\/div>\n\t\t\t\t<\/div>\n\t\t<div data-particle_enable=\"false\" data-particle-mobile-disabled=\"false\" class=\"elementor-element elementor-element-b5d3a25 e-flex e-con-boxed e-con e-parent\" data-id=\"b5d3a25\" data-element_type=\"container\" data-e-type=\"container\" data-settings=\"{&quot;_ha_eqh_enable&quot;:false,&quot;ekit_has_onepagescroll_dot&quot;:&quot;yes&quot;}\">\n\t\t\t\t\t<div class=\"e-con-inner\">\n\t\t\t\t<div class=\"elementor-element elementor-element-6e369e0 elementor-widget elementor-widget-image\" data-id=\"6e369e0\" data-element_type=\"widget\" data-e-type=\"widget\" data-settings=\"{&quot;ekit_we_effect_on&quot;:&quot;none&quot;}\" data-widget_type=\"image.default\">\n\t\t\t\t<div class=\"elementor-widget-container\">\n\t\t\t\t\t\t\t\t\t\t\t\t\t\t\t<img loading=\"lazy\" decoding=\"async\" width=\"768\" height=\"1024\" src=\"https:\/\/www.umc.br\/noticias\/wp-content\/uploads\/2024\/01\/2-768x1024.jpg\" class=\"attachment-medium_large size-medium_large wp-image-9070\" alt=\"\" srcset=\"https:\/\/www.umc.br\/noticias\/wp-content\/uploads\/2024\/01\/2-768x1024.jpg 768w, https:\/\/www.umc.br\/noticias\/wp-content\/uploads\/2024\/01\/2-225x300.jpg 225w, https:\/\/www.umc.br\/noticias\/wp-content\/uploads\/2024\/01\/2-1152x1536.jpg 1152w, https:\/\/www.umc.br\/noticias\/wp-content\/uploads\/2024\/01\/2-600x800.jpg 600w, https:\/\/www.umc.br\/noticias\/wp-content\/uploads\/2024\/01\/2-487x649.jpg 487w, https:\/\/www.umc.br\/noticias\/wp-content\/uploads\/2024\/01\/2.jpg 1200w\" sizes=\"(max-width: 768px) 100vw, 768px\" \/>\t\t\t\t\t\t\t\t\t\t\t\t\t\t\t<\/div>\n\t\t\t\t<\/div>\n\t\t\t\t\t<\/div>\n\t\t\t\t<\/div>\n\t\t\t\t<\/div>\n\t\t","protected":false},"excerpt":{"rendered":"<p>Nos dias 24 e 25 de janeiro, a UMC promoveu uma rodada de palestras de capacita\u00e7\u00e3o para os professores da Gradua\u00e7\u00e3o e P\u00f3s-gradua\u00e7\u00e3o visando o in\u00edcio do ano letivo de 2024. No evento, as professoras Marina Reis de Moura Campos e a Coordenadora de Pesquisa e P\u00f3s-gradua\u00e7\u00e3o, Tatiana Ribeiro de Campos Mello abordaram os temas [&hellip;]<\/p>\n","protected":false},"author":990015,"featured_media":9066,"comment_status":"open","ping_status":"open","sticky":false,"template":"","format":"standard","meta":{"_eb_attr":"","footnotes":""},"categories":[1],"tags":[],"class_list":["post-9065","post","type-post","status-publish","format-standard","has-post-thumbnail","hentry","category-noticias-umc"],"blocksy_meta":[],"rttpg_featured_image_url":{"full":["https:\/\/www.umc.br\/noticias\/wp-content\/uploads\/2024\/01\/1.jpg",1600,1200,false],"landscape":["https:\/\/www.umc.br\/noticias\/wp-content\/uploads\/2024\/01\/1.jpg",1600,1200,false],"portraits":["https:\/\/www.umc.br\/noticias\/wp-content\/uploads\/2024\/01\/1.jpg",1600,1200,false],"thumbnail":["https:\/\/www.umc.br\/noticias\/wp-content\/uploads\/2024\/01\/1-150x150.jpg",150,150,true],"medium":["https:\/\/www.umc.br\/noticias\/wp-content\/uploads\/2024\/01\/1-300x225.jpg",300,225,true],"large":["https:\/\/www.umc.br\/noticias\/wp-content\/uploads\/2024\/01\/1-1024x768.jpg",1024,768,true],"1536x1536":["https:\/\/www.umc.br\/noticias\/wp-content\/uploads\/2024\/01\/1-1536x1152.jpg",1536,1152,true],"2048x2048":["https:\/\/www.umc.br\/noticias\/wp-content\/uploads\/2024\/01\/1.jpg",1600,1200,false],"tp-image-grid":["https:\/\/www.umc.br\/noticias\/wp-content\/uploads\/2024\/01\/1-700x700.jpg",700,700,true],"bdfe-large-thumb":["https:\/\/www.umc.br\/noticias\/wp-content\/uploads\/2024\/01\/1-600x450.jpg",600,450,true],"bdfe-hero-slider-thumb":["https:\/\/www.umc.br\/noticias\/wp-content\/uploads\/2024\/01\/1-865x649.jpg",865,649,true]},"rttpg_author":{"display_name":"Renato Nascimento","author_link":"https:\/\/www.umc.br\/noticias\/author\/renato\/"},"rttpg_comment":0,"rttpg_category":"<a href=\"https:\/\/www.umc.br\/noticias\/category\/noticias-umc\/\" rel=\"category tag\">Not\u00edcias UMC<\/a>","rttpg_excerpt":"Nos dias 24 e 25 de janeiro, a UMC promoveu uma rodada de palestras de capacita\u00e7\u00e3o para os professores da Gradua\u00e7\u00e3o e P\u00f3s-gradua\u00e7\u00e3o visando o in\u00edcio do ano letivo de 2024. No evento, as professoras Marina Reis de Moura Campos e a Coordenadora de Pesquisa e P\u00f3s-gradua\u00e7\u00e3o, Tatiana Ribeiro de Campos Mello abordaram os temas&hellip;","_links":{"self":[{"href":"https:\/\/www.umc.br\/noticias\/wp-json\/wp\/v2\/posts\/9065","targetHints":{"allow":["GET"]}}],"collection":[{"href":"https:\/\/www.umc.br\/noticias\/wp-json\/wp\/v2\/posts"}],"about":[{"href":"https:\/\/www.umc.br\/noticias\/wp-json\/wp\/v2\/types\/post"}],"author":[{"embeddable":true,"href":"https:\/\/www.umc.br\/noticias\/wp-json\/wp\/v2\/users\/990015"}],"replies":[{"embeddable":true,"href":"https:\/\/www.umc.br\/noticias\/wp-json\/wp\/v2\/comments?post=9065"}],"version-history":[{"count":4,"href":"https:\/\/www.umc.br\/noticias\/wp-json\/wp\/v2\/posts\/9065\/revisions"}],"predecessor-version":[{"id":9074,"href":"https:\/\/www.umc.br\/noticias\/wp-json\/wp\/v2\/posts\/9065\/revisions\/9074"}],"wp:featuredmedia":[{"embeddable":true,"href":"https:\/\/www.umc.br\/noticias\/wp-json\/wp\/v2\/media\/9066"}],"wp:attachment":[{"href":"https:\/\/www.umc.br\/noticias\/wp-json\/wp\/v2\/media?parent=9065"}],"wp:term":[{"taxonomy":"category","embeddable":true,"href":"https:\/\/www.umc.br\/noticias\/wp-json\/wp\/v2\/categories?post=9065"},{"taxonomy":"post_tag","embeddable":true,"href":"https:\/\/www.umc.br\/noticias\/wp-json\/wp\/v2\/tags?post=9065"}],"curies":[{"name":"wp","href":"https:\/\/api.w.org\/{rel}","templated":true}]}}