{"id":9057,"date":"2024-01-25T12:41:39","date_gmt":"2024-01-25T12:41:39","guid":{"rendered":"https:\/\/www4.umc.br\/noticias\/?p=9057"},"modified":"2024-01-25T12:43:21","modified_gmt":"2024-01-25T12:43:21","slug":"aquario-de-sp-e-umc-focados-na-conservacao-de-especies-do-rio-tiete","status":"publish","type":"post","link":"https:\/\/www.umc.br\/noticias\/aquario-de-sp-e-umc-focados-na-conservacao-de-especies-do-rio-tiete\/","title":{"rendered":"Aqu\u00e1rio de SP e UMC focados na conserva\u00e7\u00e3o de esp\u00e9cies do Rio Tiet\u00ea"},"content":{"rendered":"\t\t<div data-elementor-type=\"wp-post\" data-elementor-id=\"9057\" class=\"elementor elementor-9057\" data-elementor-settings=\"{&quot;ha_cmc_init_switcher&quot;:&quot;no&quot;}\" data-elementor-post-type=\"post\">\n\t\t\t\t<div data-particle_enable=\"false\" data-particle-mobile-disabled=\"false\" class=\"elementor-element elementor-element-0346699 e-flex e-con-boxed e-con e-parent\" data-id=\"0346699\" data-element_type=\"container\" data-e-type=\"container\" data-settings=\"{&quot;_ha_eqh_enable&quot;:false,&quot;ekit_has_onepagescroll_dot&quot;:&quot;yes&quot;}\">\n\t\t\t\t\t<div class=\"e-con-inner\">\n\t\t\t\t<div class=\"elementor-element elementor-element-551f28a elementor-widget elementor-widget-text-editor\" data-id=\"551f28a\" data-element_type=\"widget\" data-e-type=\"widget\" data-settings=\"{&quot;ekit_we_effect_on&quot;:&quot;none&quot;}\" data-widget_type=\"text-editor.default\">\n\t\t\t\t<div class=\"elementor-widget-container\">\n\t\t\t\t\t\t\t\t\t<p>O Aqu\u00e1rio de S\u00e3o Paulo e a Universidade de Mogi das Cruzes (UMC) firmaram um termo de coopera\u00e7\u00e3o t\u00e9cnico-cient\u00edfico para a conserva\u00e7\u00e3o das esp\u00e9cies de peixes do alto do rio Tiet\u00ea. Nessa parceria, a UMC, atrav\u00e9s do\u00a0 Laborat\u00f3rio de Gen\u00e9tica de Organismos Aqu\u00e1ticos e Aquicultura\u00a0 (LAGOAA), participar\u00e1 da estrat\u00e9gia tra\u00e7ada para realiza\u00e7\u00e3o do repovoamento das esp\u00e9cies de peixes no Tiet\u00ea, trabalho este realizado desde 2003 e important\u00edssimo para a preserva\u00e7\u00e3o e manuten\u00e7\u00e3o das esp\u00e9cies da bacia do Alto Tiet\u00ea. Por sua vez, o Aqu\u00e1rio de S\u00e3o Paulo que tem como um de seus pilares trabalhar a educa\u00e7\u00e3o ambiental e a import\u00e2ncia desse emblem\u00e1tico rio, fortalecer\u00e1 essa premissa.<\/p><p>O primeiro recinto de percurso do Aqu\u00e1rio \u00e9 uma representa\u00e7\u00e3o da nascente do Tiet\u00ea que est\u00e1 localizada na cidade de Sales\u00f3polis, onde ainda \u00e9 poss\u00edvel encontrar um rio preservado e com diversas esp\u00e9cies de peixes. Com essa parceria ser\u00e1 poss\u00edvel desenvolver iniciativas por meio de um programa de manejo ex-situ integrado, incluindo a\u00e7\u00f5es conjuntas de educa\u00e7\u00e3o ambiental e divulga\u00e7\u00e3o cient\u00edfica.<\/p><p>Em comemora\u00e7\u00e3o ao anivers\u00e1rio da cidade de S\u00e3o Paulo, o Aqu\u00e1rio de S\u00e3o Paulo est\u00e1 desenvolvendo uma a\u00e7\u00e3o de educa\u00e7\u00e3o ambiental, com o objetivo de demonstrar a import\u00e2ncia do rio Tiet\u00ea, apresentar sua linha hist\u00f3rica e conscientizar sobre a problem\u00e1tica de descarte do lixo no rio, fortalecendo os pilares educacionais de miss\u00e3o e valores das institui\u00e7\u00f5es envolvidas.<\/p>\t\t\t\t\t\t\t\t<\/div>\n\t\t\t\t<\/div>\n\t\t\t\t\t<\/div>\n\t\t\t\t<\/div>\n\t\t<div data-particle_enable=\"false\" data-particle-mobile-disabled=\"false\" class=\"elementor-element elementor-element-0291455 e-flex e-con-boxed e-con e-parent\" data-id=\"0291455\" data-element_type=\"container\" data-e-type=\"container\" data-settings=\"{&quot;_ha_eqh_enable&quot;:false,&quot;ekit_has_onepagescroll_dot&quot;:&quot;yes&quot;}\">\n\t\t\t\t\t<div class=\"e-con-inner\">\n\t\t\t\t<div class=\"elementor-element elementor-element-e70cfc5 elementor-widget elementor-widget-image\" data-id=\"e70cfc5\" data-element_type=\"widget\" data-e-type=\"widget\" data-settings=\"{&quot;ekit_we_effect_on&quot;:&quot;none&quot;}\" data-widget_type=\"image.default\">\n\t\t\t\t<div class=\"elementor-widget-container\">\n\t\t\t\t\t\t\t\t\t\t\t\t\t\t\t<img fetchpriority=\"high\" decoding=\"async\" width=\"1024\" height=\"554\" src=\"https:\/\/www.umc.br\/noticias\/wp-content\/uploads\/2024\/01\/f3401049-439d-4838-aaa0-3e83d91afa31-1024x554.jpg\" class=\"attachment-large size-large wp-image-9058\" alt=\"\" srcset=\"https:\/\/www.umc.br\/noticias\/wp-content\/uploads\/2024\/01\/f3401049-439d-4838-aaa0-3e83d91afa31-1024x554.jpg 1024w, https:\/\/www.umc.br\/noticias\/wp-content\/uploads\/2024\/01\/f3401049-439d-4838-aaa0-3e83d91afa31-300x162.jpg 300w, https:\/\/www.umc.br\/noticias\/wp-content\/uploads\/2024\/01\/f3401049-439d-4838-aaa0-3e83d91afa31-768x415.jpg 768w, https:\/\/www.umc.br\/noticias\/wp-content\/uploads\/2024\/01\/f3401049-439d-4838-aaa0-3e83d91afa31-600x325.jpg 600w, https:\/\/www.umc.br\/noticias\/wp-content\/uploads\/2024\/01\/f3401049-439d-4838-aaa0-3e83d91afa31-1200x649.jpg 1200w, https:\/\/www.umc.br\/noticias\/wp-content\/uploads\/2024\/01\/f3401049-439d-4838-aaa0-3e83d91afa31.jpg 1429w\" sizes=\"(max-width: 1024px) 100vw, 1024px\" \/>\t\t\t\t\t\t\t\t\t\t\t\t\t\t\t<\/div>\n\t\t\t\t<\/div>\n\t\t\t\t\t<\/div>\n\t\t\t\t<\/div>\n\t\t\t\t<\/div>\n\t\t","protected":false},"excerpt":{"rendered":"<p>O Aqu\u00e1rio de S\u00e3o Paulo e a Universidade de Mogi das Cruzes (UMC) firmaram um termo de coopera\u00e7\u00e3o t\u00e9cnico-cient\u00edfico para a conserva\u00e7\u00e3o das esp\u00e9cies de peixes do alto do rio Tiet\u00ea. Nessa parceria, a UMC, atrav\u00e9s do\u00a0 Laborat\u00f3rio de Gen\u00e9tica de Organismos Aqu\u00e1ticos e Aquicultura\u00a0 (LAGOAA), participar\u00e1 da estrat\u00e9gia tra\u00e7ada para realiza\u00e7\u00e3o do repovoamento das [&hellip;]<\/p>\n","protected":false},"author":990015,"featured_media":9058,"comment_status":"open","ping_status":"open","sticky":false,"template":"","format":"standard","meta":{"_eb_attr":"","footnotes":""},"categories":[1],"tags":[],"class_list":["post-9057","post","type-post","status-publish","format-standard","has-post-thumbnail","hentry","category-noticias-umc"],"blocksy_meta":[],"rttpg_featured_image_url":{"full":["https:\/\/www.umc.br\/noticias\/wp-content\/uploads\/2024\/01\/f3401049-439d-4838-aaa0-3e83d91afa31.jpg",1429,773,false],"landscape":["https:\/\/www.umc.br\/noticias\/wp-content\/uploads\/2024\/01\/f3401049-439d-4838-aaa0-3e83d91afa31.jpg",1429,773,false],"portraits":["https:\/\/www.umc.br\/noticias\/wp-content\/uploads\/2024\/01\/f3401049-439d-4838-aaa0-3e83d91afa31.jpg",1429,773,false],"thumbnail":["https:\/\/www.umc.br\/noticias\/wp-content\/uploads\/2024\/01\/f3401049-439d-4838-aaa0-3e83d91afa31-150x150.jpg",150,150,true],"medium":["https:\/\/www.umc.br\/noticias\/wp-content\/uploads\/2024\/01\/f3401049-439d-4838-aaa0-3e83d91afa31-300x162.jpg",300,162,true],"large":["https:\/\/www.umc.br\/noticias\/wp-content\/uploads\/2024\/01\/f3401049-439d-4838-aaa0-3e83d91afa31-1024x554.jpg",1024,554,true],"1536x1536":["https:\/\/www.umc.br\/noticias\/wp-content\/uploads\/2024\/01\/f3401049-439d-4838-aaa0-3e83d91afa31.jpg",1429,773,false],"2048x2048":["https:\/\/www.umc.br\/noticias\/wp-content\/uploads\/2024\/01\/f3401049-439d-4838-aaa0-3e83d91afa31.jpg",1429,773,false],"tp-image-grid":["https:\/\/www.umc.br\/noticias\/wp-content\/uploads\/2024\/01\/f3401049-439d-4838-aaa0-3e83d91afa31-700x700.jpg",700,700,true],"bdfe-large-thumb":["https:\/\/www.umc.br\/noticias\/wp-content\/uploads\/2024\/01\/f3401049-439d-4838-aaa0-3e83d91afa31-600x325.jpg",600,325,true],"bdfe-hero-slider-thumb":["https:\/\/www.umc.br\/noticias\/wp-content\/uploads\/2024\/01\/f3401049-439d-4838-aaa0-3e83d91afa31-1200x649.jpg",1200,649,true]},"rttpg_author":{"display_name":"Renato Nascimento","author_link":"https:\/\/www.umc.br\/noticias\/author\/renato\/"},"rttpg_comment":0,"rttpg_category":"<a href=\"https:\/\/www.umc.br\/noticias\/category\/noticias-umc\/\" rel=\"category tag\">Not\u00edcias UMC<\/a>","rttpg_excerpt":"O Aqu\u00e1rio de S\u00e3o Paulo e a Universidade de Mogi das Cruzes (UMC) firmaram um termo de coopera\u00e7\u00e3o t\u00e9cnico-cient\u00edfico para a conserva\u00e7\u00e3o das esp\u00e9cies de peixes do alto do rio Tiet\u00ea. Nessa parceria, a UMC, atrav\u00e9s do\u00a0 Laborat\u00f3rio de Gen\u00e9tica de Organismos Aqu\u00e1ticos e Aquicultura\u00a0 (LAGOAA), participar\u00e1 da estrat\u00e9gia tra\u00e7ada para realiza\u00e7\u00e3o do repovoamento das&hellip;","_links":{"self":[{"href":"https:\/\/www.umc.br\/noticias\/wp-json\/wp\/v2\/posts\/9057","targetHints":{"allow":["GET"]}}],"collection":[{"href":"https:\/\/www.umc.br\/noticias\/wp-json\/wp\/v2\/posts"}],"about":[{"href":"https:\/\/www.umc.br\/noticias\/wp-json\/wp\/v2\/types\/post"}],"author":[{"embeddable":true,"href":"https:\/\/www.umc.br\/noticias\/wp-json\/wp\/v2\/users\/990015"}],"replies":[{"embeddable":true,"href":"https:\/\/www.umc.br\/noticias\/wp-json\/wp\/v2\/comments?post=9057"}],"version-history":[{"count":4,"href":"https:\/\/www.umc.br\/noticias\/wp-json\/wp\/v2\/posts\/9057\/revisions"}],"predecessor-version":[{"id":9064,"href":"https:\/\/www.umc.br\/noticias\/wp-json\/wp\/v2\/posts\/9057\/revisions\/9064"}],"wp:featuredmedia":[{"embeddable":true,"href":"https:\/\/www.umc.br\/noticias\/wp-json\/wp\/v2\/media\/9058"}],"wp:attachment":[{"href":"https:\/\/www.umc.br\/noticias\/wp-json\/wp\/v2\/media?parent=9057"}],"wp:term":[{"taxonomy":"category","embeddable":true,"href":"https:\/\/www.umc.br\/noticias\/wp-json\/wp\/v2\/categories?post=9057"},{"taxonomy":"post_tag","embeddable":true,"href":"https:\/\/www.umc.br\/noticias\/wp-json\/wp\/v2\/tags?post=9057"}],"curies":[{"name":"wp","href":"https:\/\/api.w.org\/{rel}","templated":true}]}}