{"id":9042,"date":"2024-01-18T17:58:10","date_gmt":"2024-01-18T17:58:10","guid":{"rendered":"https:\/\/www4.umc.br\/noticias\/?p=9042"},"modified":"2024-01-18T19:18:21","modified_gmt":"2024-01-18T19:18:21","slug":"aluna-mestranda-da-umc-e-destaque-no-dia-da-universidade","status":"publish","type":"post","link":"https:\/\/www.umc.br\/noticias\/aluna-mestranda-da-umc-e-destaque-no-dia-da-universidade\/","title":{"rendered":"Mestranda da UMC \u00e9 destaque no Dia da Universidade"},"content":{"rendered":"\t\t<div data-elementor-type=\"wp-post\" data-elementor-id=\"9042\" class=\"elementor elementor-9042\" data-elementor-settings=\"{&quot;ha_cmc_init_switcher&quot;:&quot;no&quot;}\" data-elementor-post-type=\"post\">\n\t\t\t\t<div data-particle_enable=\"false\" data-particle-mobile-disabled=\"false\" class=\"elementor-element elementor-element-20a40ae e-flex e-con-boxed e-con e-parent\" data-id=\"20a40ae\" data-element_type=\"container\" data-e-type=\"container\" data-settings=\"{&quot;_ha_eqh_enable&quot;:false,&quot;ekit_has_onepagescroll_dot&quot;:&quot;yes&quot;}\">\n\t\t\t\t\t<div class=\"e-con-inner\">\n\t\t\t\t<div class=\"elementor-element elementor-element-c66ab10 elementor-widget elementor-widget-image\" data-id=\"c66ab10\" data-element_type=\"widget\" data-e-type=\"widget\" data-settings=\"{&quot;ekit_we_effect_on&quot;:&quot;none&quot;}\" data-widget_type=\"image.default\">\n\t\t\t\t<div class=\"elementor-widget-container\">\n\t\t\t\t\t\t\t\t\t\t\t\t\t\t\t<img decoding=\"async\" src=\"https:\/\/www.umc.br\/noticias\/wp-content\/uploads\/elementor\/thumbs\/WhatsApp-Image-2024-01-12-at-11.31.33-qii3yom9ca32qnf1fyw1mrihg66atc0qb03ukv81f4.jpeg\" title=\"WhatsApp Image 2024-01-12 at 11.31.33\" alt=\"WhatsApp Image 2024-01-12 at 11.31.33\" loading=\"lazy\" \/>\t\t\t\t\t\t\t\t\t\t\t\t\t\t\t<\/div>\n\t\t\t\t<\/div>\n\t\t\t\t\t<\/div>\n\t\t\t\t<\/div>\n\t\t<div data-particle_enable=\"false\" data-particle-mobile-disabled=\"false\" class=\"elementor-element elementor-element-3c343277 e-flex e-con-boxed e-con e-parent\" data-id=\"3c343277\" data-element_type=\"container\" data-e-type=\"container\" data-settings=\"{&quot;_ha_eqh_enable&quot;:false,&quot;ekit_has_onepagescroll_dot&quot;:&quot;yes&quot;}\">\n\t\t\t\t\t<div class=\"e-con-inner\">\n\t\t\t\t<div class=\"elementor-element elementor-element-163a4c74 elementor-widget elementor-widget-text-editor\" data-id=\"163a4c74\" data-element_type=\"widget\" data-e-type=\"widget\" data-settings=\"{&quot;ekit_we_effect_on&quot;:&quot;none&quot;}\" data-widget_type=\"text-editor.default\">\n\t\t\t\t<div class=\"elementor-widget-container\">\n\t\t\t\t\t\t\t\t\t<p>C\u00ednthia Mara, Mestranda da Universidade de Mogi das Cruzes, foi destaque em mat\u00e9ria do CAPES para o Dia da Universidade (18\/01), abordando o tema de P\u00f3s-gradua\u00e7\u00e3o e sustentabilidade no pa\u00eds. A aluna apresenta sua pesquisa que analisa a percep\u00e7\u00e3o socioambiental de moradores da regi\u00e3o e outras partes interessadas na Reserva Particular do Patrim\u00f4nio Natural (RPPN) Botujuru \u2013 Serra do Itapety, localizado no munic\u00edpio de Mogi das Cruzes (SP).<\/p><p>A inten\u00e7\u00e3o de Cintia \u00e9 destacar a import\u00e2ncia da participa\u00e7\u00e3o social nos di\u00e1logos sobre a biodiversidade, bem como fortalecer pol\u00edticas p\u00fablicas relacionadas ao manejo e gest\u00e3o da unidade de conserva\u00e7\u00e3o. Acesse o link <a href=\"https:\/\/www.gov.br\/capes\/pt-br\/assuntos\/noticias\/pos-graduacao-atua-pela-sustentabilidade-do-pais?fbclid=PAAaaH2UzIsXOO-BhIwWNEGsYEA2UAa8EqezkhR9FiNGCoSu0ECmhYiAfGRKs\">https:\/\/www.gov.br\/capes\/pt-br\/assuntos\/noticias\/pos-graduacao-atua-pela-sustentabilidade-do-pais?fbclid=PAAaaH2UzIsXOO-BhIwWNEGsYEA2UAa8EqezkhR9FiNGCoSu0ECmhYiAfGRKs<\/a>\u00a0e confira o especial na \u00edntegra.<\/p>\t\t\t\t\t\t\t\t<\/div>\n\t\t\t\t<\/div>\n\t\t\t\t\t<\/div>\n\t\t\t\t<\/div>\n\t\t<div data-particle_enable=\"false\" data-particle-mobile-disabled=\"false\" class=\"elementor-element elementor-element-a908aca e-flex e-con-boxed e-con e-parent\" data-id=\"a908aca\" data-element_type=\"container\" data-e-type=\"container\" data-settings=\"{&quot;_ha_eqh_enable&quot;:false,&quot;ekit_has_onepagescroll_dot&quot;:&quot;yes&quot;}\">\n\t\t\t\t\t<div class=\"e-con-inner\">\n\t\t\t\t\t<\/div>\n\t\t\t\t<\/div>\n\t\t\t\t<\/div>\n\t\t","protected":false},"excerpt":{"rendered":"<p>C\u00ednthia Mara, Mestranda da Universidade de Mogi das Cruzes, foi destaque em mat\u00e9ria do CAPES para o Dia da Universidade (18\/01), abordando o tema de P\u00f3s-gradua\u00e7\u00e3o e sustentabilidade no pa\u00eds. A aluna apresenta sua pesquisa que analisa a percep\u00e7\u00e3o socioambiental de moradores da regi\u00e3o e outras partes interessadas na Reserva Particular do Patrim\u00f4nio Natural (RPPN) [&hellip;]<\/p>\n","protected":false},"author":990015,"featured_media":9047,"comment_status":"open","ping_status":"open","sticky":false,"template":"","format":"standard","meta":{"_eb_attr":"","footnotes":""},"categories":[1],"tags":[],"class_list":["post-9042","post","type-post","status-publish","format-standard","has-post-thumbnail","hentry","category-noticias-umc"],"blocksy_meta":[],"rttpg_featured_image_url":{"full":["https:\/\/www.umc.br\/noticias\/wp-content\/uploads\/2024\/01\/WhatsApp-Image-2024-01-12-at-11.31.33.jpeg",900,1600,false],"landscape":["https:\/\/www.umc.br\/noticias\/wp-content\/uploads\/2024\/01\/WhatsApp-Image-2024-01-12-at-11.31.33.jpeg",900,1600,false],"portraits":["https:\/\/www.umc.br\/noticias\/wp-content\/uploads\/2024\/01\/WhatsApp-Image-2024-01-12-at-11.31.33.jpeg",900,1600,false],"thumbnail":["https:\/\/www.umc.br\/noticias\/wp-content\/uploads\/2024\/01\/WhatsApp-Image-2024-01-12-at-11.31.33-150x150.jpeg",150,150,true],"medium":["https:\/\/www.umc.br\/noticias\/wp-content\/uploads\/2024\/01\/WhatsApp-Image-2024-01-12-at-11.31.33-169x300.jpeg",169,300,true],"large":["https:\/\/www.umc.br\/noticias\/wp-content\/uploads\/2024\/01\/WhatsApp-Image-2024-01-12-at-11.31.33-576x1024.jpeg",576,1024,true],"1536x1536":["https:\/\/www.umc.br\/noticias\/wp-content\/uploads\/2024\/01\/WhatsApp-Image-2024-01-12-at-11.31.33-864x1536.jpeg",864,1536,true],"2048x2048":["https:\/\/www.umc.br\/noticias\/wp-content\/uploads\/2024\/01\/WhatsApp-Image-2024-01-12-at-11.31.33.jpeg",900,1600,false],"tp-image-grid":["https:\/\/www.umc.br\/noticias\/wp-content\/uploads\/2024\/01\/WhatsApp-Image-2024-01-12-at-11.31.33-700x700.jpeg",700,700,true],"bdfe-large-thumb":["https:\/\/www.umc.br\/noticias\/wp-content\/uploads\/2024\/01\/WhatsApp-Image-2024-01-12-at-11.31.33-450x800.jpeg",450,800,true],"bdfe-hero-slider-thumb":["https:\/\/www.umc.br\/noticias\/wp-content\/uploads\/2024\/01\/WhatsApp-Image-2024-01-12-at-11.31.33-365x649.jpeg",365,649,true]},"rttpg_author":{"display_name":"Renato Nascimento","author_link":"https:\/\/www.umc.br\/noticias\/author\/renato\/"},"rttpg_comment":0,"rttpg_category":"<a href=\"https:\/\/www.umc.br\/noticias\/category\/noticias-umc\/\" rel=\"category tag\">Not\u00edcias UMC<\/a>","rttpg_excerpt":"C\u00ednthia Mara, Mestranda da Universidade de Mogi das Cruzes, foi destaque em mat\u00e9ria do CAPES para o Dia da Universidade (18\/01), abordando o tema de P\u00f3s-gradua\u00e7\u00e3o e sustentabilidade no pa\u00eds. A aluna apresenta sua pesquisa que analisa a percep\u00e7\u00e3o socioambiental de moradores da regi\u00e3o e outras partes interessadas na Reserva Particular do Patrim\u00f4nio Natural (RPPN)&hellip;","_links":{"self":[{"href":"https:\/\/www.umc.br\/noticias\/wp-json\/wp\/v2\/posts\/9042","targetHints":{"allow":["GET"]}}],"collection":[{"href":"https:\/\/www.umc.br\/noticias\/wp-json\/wp\/v2\/posts"}],"about":[{"href":"https:\/\/www.umc.br\/noticias\/wp-json\/wp\/v2\/types\/post"}],"author":[{"embeddable":true,"href":"https:\/\/www.umc.br\/noticias\/wp-json\/wp\/v2\/users\/990015"}],"replies":[{"embeddable":true,"href":"https:\/\/www.umc.br\/noticias\/wp-json\/wp\/v2\/comments?post=9042"}],"version-history":[{"count":11,"href":"https:\/\/www.umc.br\/noticias\/wp-json\/wp\/v2\/posts\/9042\/revisions"}],"predecessor-version":[{"id":9056,"href":"https:\/\/www.umc.br\/noticias\/wp-json\/wp\/v2\/posts\/9042\/revisions\/9056"}],"wp:featuredmedia":[{"embeddable":true,"href":"https:\/\/www.umc.br\/noticias\/wp-json\/wp\/v2\/media\/9047"}],"wp:attachment":[{"href":"https:\/\/www.umc.br\/noticias\/wp-json\/wp\/v2\/media?parent=9042"}],"wp:term":[{"taxonomy":"category","embeddable":true,"href":"https:\/\/www.umc.br\/noticias\/wp-json\/wp\/v2\/categories?post=9042"},{"taxonomy":"post_tag","embeddable":true,"href":"https:\/\/www.umc.br\/noticias\/wp-json\/wp\/v2\/tags?post=9042"}],"curies":[{"name":"wp","href":"https:\/\/api.w.org\/{rel}","templated":true}]}}