{"id":8729,"date":"2023-09-14T13:45:27","date_gmt":"2023-09-14T13:45:27","guid":{"rendered":"https:\/\/www4.umc.br\/noticias\/?p=8729"},"modified":"2023-09-21T20:48:17","modified_gmt":"2023-09-21T20:48:17","slug":"umc-promove-xl-jornada-de-biomedicina","status":"publish","type":"post","link":"https:\/\/www.umc.br\/noticias\/umc-promove-xl-jornada-de-biomedicina\/","title":{"rendered":"UMC promove XL Jornada de Biomedicina"},"content":{"rendered":"\t\t<div data-elementor-type=\"wp-post\" data-elementor-id=\"8729\" class=\"elementor elementor-8729\" data-elementor-settings=\"{&quot;ha_cmc_init_switcher&quot;:&quot;no&quot;}\" data-elementor-post-type=\"post\">\n\t\t\t\t<div data-particle_enable=\"false\" data-particle-mobile-disabled=\"false\" class=\"elementor-element elementor-element-31afee1 e-flex e-con-boxed e-con e-parent\" data-id=\"31afee1\" data-element_type=\"container\" data-e-type=\"container\" data-settings=\"{&quot;_ha_eqh_enable&quot;:false,&quot;ekit_has_onepagescroll_dot&quot;:&quot;yes&quot;}\">\n\t\t\t\t\t<div class=\"e-con-inner\">\n\t\t\t\t<div class=\"elementor-element elementor-element-94b6603 elementor-widget elementor-widget-text-editor\" data-id=\"94b6603\" data-element_type=\"widget\" data-e-type=\"widget\" data-settings=\"{&quot;ekit_we_effect_on&quot;:&quot;none&quot;}\" data-widget_type=\"text-editor.default\">\n\t\t\t\t<div class=\"elementor-widget-container\">\n\t\t\t\t\t\t\t\t\t<blockquote><p>Nos dias 9, 10 e 11 de outubro, das 08h \u00e0s 11h e das 19h \u00e0s 22h, os alunos do curso de Biomedicina da UMC realizam a XL Jornada de Biomedicina. \u00a0<\/p><p>O evento\u00a0visa enriquecer o conhecimento dos estudantes, promover o interc\u00e2mbio de informa\u00e7\u00f5es e experi\u00eancias, al\u00e9m de proporcionar momentos de integra\u00e7\u00e3o entre os participantes.\u00a0<\/p><p>As atividades ser\u00e3o realizadas no\u00a0Teatro Manoel Bezerra de Melo e contar\u00e1 com diversas palestras nas \u00e1reas de Biomedicina Administrativa, Per\u00edcia Criminal, Embriologia, Acupuntura, Biotecnologia, Farmacologia, entre outros temas.<\/p><p>Para realizar a inscri\u00e7\u00e3o do evento \u00e9 necess\u00e1rio acessar este <a href=\"https:\/\/cheersapp.com.br\/evento\/xl-jornada-academica-de-biomedicina-10123\">link<\/a>.<\/p><\/blockquote>\t\t\t\t\t\t\t\t<\/div>\n\t\t\t\t<\/div>\n\t\t\t\t\t<\/div>\n\t\t\t\t<\/div>\n\t\t\t\t<\/div>\n\t\t","protected":false},"excerpt":{"rendered":"<p>Nos dias 9, 10 e 11 de outubro, das 08h \u00e0s 11h e das 19h \u00e0s 22h, os alunos do curso de Biomedicina da UMC realizam a XL Jornada de Biomedicina. O evento\u00a0visa enriquecer o conhecimento dos estudantes, promover o interc\u00e2mbio de informa\u00e7\u00f5es e experi\u00eancias, al\u00e9m de proporcionar momentos de integra\u00e7\u00e3o entre os participantes. As [&hellip;]<\/p>\n","protected":false},"author":990015,"featured_media":8762,"comment_status":"open","ping_status":"open","sticky":false,"template":"","format":"standard","meta":{"_eb_attr":"","footnotes":""},"categories":[1],"tags":[],"class_list":["post-8729","post","type-post","status-publish","format-standard","has-post-thumbnail","hentry","category-noticias-umc"],"blocksy_meta":[],"rttpg_featured_image_url":{"full":["https:\/\/www.umc.br\/noticias\/wp-content\/uploads\/2023\/09\/JORNADA-MEDICINA-1080x1080-versao-final.png",1080,1080,false],"landscape":["https:\/\/www.umc.br\/noticias\/wp-content\/uploads\/2023\/09\/JORNADA-MEDICINA-1080x1080-versao-final.png",1080,1080,false],"portraits":["https:\/\/www.umc.br\/noticias\/wp-content\/uploads\/2023\/09\/JORNADA-MEDICINA-1080x1080-versao-final.png",1080,1080,false],"thumbnail":["https:\/\/www.umc.br\/noticias\/wp-content\/uploads\/2023\/09\/JORNADA-MEDICINA-1080x1080-versao-final-150x150.png",150,150,true],"medium":["https:\/\/www.umc.br\/noticias\/wp-content\/uploads\/2023\/09\/JORNADA-MEDICINA-1080x1080-versao-final-300x300.png",300,300,true],"large":["https:\/\/www.umc.br\/noticias\/wp-content\/uploads\/2023\/09\/JORNADA-MEDICINA-1080x1080-versao-final-1024x1024.png",1024,1024,true],"1536x1536":["https:\/\/www.umc.br\/noticias\/wp-content\/uploads\/2023\/09\/JORNADA-MEDICINA-1080x1080-versao-final.png",1080,1080,false],"2048x2048":["https:\/\/www.umc.br\/noticias\/wp-content\/uploads\/2023\/09\/JORNADA-MEDICINA-1080x1080-versao-final.png",1080,1080,false],"tp-image-grid":["https:\/\/www.umc.br\/noticias\/wp-content\/uploads\/2023\/09\/JORNADA-MEDICINA-1080x1080-versao-final-700x700.png",700,700,true],"bdfe-large-thumb":["https:\/\/www.umc.br\/noticias\/wp-content\/uploads\/2023\/09\/JORNADA-MEDICINA-1080x1080-versao-final-600x600.png",600,600,true],"bdfe-hero-slider-thumb":["https:\/\/www.umc.br\/noticias\/wp-content\/uploads\/2023\/09\/JORNADA-MEDICINA-1080x1080-versao-final-649x649.png",649,649,true]},"rttpg_author":{"display_name":"Renato Nascimento","author_link":"https:\/\/www.umc.br\/noticias\/author\/renato\/"},"rttpg_comment":0,"rttpg_category":"<a href=\"https:\/\/www.umc.br\/noticias\/category\/noticias-umc\/\" rel=\"category tag\">Not\u00edcias UMC<\/a>","rttpg_excerpt":"Nos dias 9, 10 e 11 de outubro, das 08h \u00e0s 11h e das 19h \u00e0s 22h, os alunos do curso de Biomedicina da UMC realizam a XL Jornada de Biomedicina. O evento\u00a0visa enriquecer o conhecimento dos estudantes, promover o interc\u00e2mbio de informa\u00e7\u00f5es e experi\u00eancias, al\u00e9m de proporcionar momentos de integra\u00e7\u00e3o entre os participantes. As&hellip;","_links":{"self":[{"href":"https:\/\/www.umc.br\/noticias\/wp-json\/wp\/v2\/posts\/8729","targetHints":{"allow":["GET"]}}],"collection":[{"href":"https:\/\/www.umc.br\/noticias\/wp-json\/wp\/v2\/posts"}],"about":[{"href":"https:\/\/www.umc.br\/noticias\/wp-json\/wp\/v2\/types\/post"}],"author":[{"embeddable":true,"href":"https:\/\/www.umc.br\/noticias\/wp-json\/wp\/v2\/users\/990015"}],"replies":[{"embeddable":true,"href":"https:\/\/www.umc.br\/noticias\/wp-json\/wp\/v2\/comments?post=8729"}],"version-history":[{"count":4,"href":"https:\/\/www.umc.br\/noticias\/wp-json\/wp\/v2\/posts\/8729\/revisions"}],"predecessor-version":[{"id":8733,"href":"https:\/\/www.umc.br\/noticias\/wp-json\/wp\/v2\/posts\/8729\/revisions\/8733"}],"wp:featuredmedia":[{"embeddable":true,"href":"https:\/\/www.umc.br\/noticias\/wp-json\/wp\/v2\/media\/8762"}],"wp:attachment":[{"href":"https:\/\/www.umc.br\/noticias\/wp-json\/wp\/v2\/media?parent=8729"}],"wp:term":[{"taxonomy":"category","embeddable":true,"href":"https:\/\/www.umc.br\/noticias\/wp-json\/wp\/v2\/categories?post=8729"},{"taxonomy":"post_tag","embeddable":true,"href":"https:\/\/www.umc.br\/noticias\/wp-json\/wp\/v2\/tags?post=8729"}],"curies":[{"name":"wp","href":"https:\/\/api.w.org\/{rel}","templated":true}]}}