{"id":8463,"date":"2023-06-20T14:36:36","date_gmt":"2023-06-20T14:36:36","guid":{"rendered":"https:\/\/www4.umc.br\/noticias\/?p=8463"},"modified":"2023-06-21T12:25:17","modified_gmt":"2023-06-21T12:25:17","slug":"umc-esta-com-inscricoes-abertas-para-os-cursos-de-pos-graduacao-presencial","status":"publish","type":"post","link":"https:\/\/www.umc.br\/noticias\/umc-esta-com-inscricoes-abertas-para-os-cursos-de-pos-graduacao-presencial\/","title":{"rendered":"UMC est\u00e1 com inscri\u00e7\u00f5es abertas para os cursos de P\u00f3s-gradua\u00e7\u00e3o presencial"},"content":{"rendered":"\t\t<div data-elementor-type=\"wp-post\" data-elementor-id=\"8463\" class=\"elementor elementor-8463\" data-elementor-settings=\"{&quot;ha_cmc_init_switcher&quot;:&quot;no&quot;}\" data-elementor-post-type=\"post\">\n\t\t\t\t<div data-particle_enable=\"false\" data-particle-mobile-disabled=\"false\" class=\"elementor-element elementor-element-43eb4c7 e-flex e-con-boxed e-con e-parent\" data-id=\"43eb4c7\" data-element_type=\"container\" data-e-type=\"container\" data-settings=\"{&quot;_ha_eqh_enable&quot;:false,&quot;ekit_has_onepagescroll_dot&quot;:&quot;yes&quot;}\">\n\t\t\t\t\t<div class=\"e-con-inner\">\n\t\t\t\t<div class=\"elementor-element elementor-element-d4f649f elementor-widget elementor-widget-text-editor\" data-id=\"d4f649f\" data-element_type=\"widget\" data-e-type=\"widget\" data-settings=\"{&quot;ekit_we_effect_on&quot;:&quot;none&quot;}\" data-widget_type=\"text-editor.default\">\n\t\t\t\t<div class=\"elementor-widget-container\">\n\t\t\t\t\t\t\t\t\t<p><em>Inscri\u00e7\u00f5es para os cursos de especializa\u00e7\u00e3o se encerram dia 18\/09<\/em><\/p>\t\t\t\t\t\t\t\t<\/div>\n\t\t\t\t<\/div>\n\t\t\t\t\t<\/div>\n\t\t\t\t<\/div>\n\t\t<div data-particle_enable=\"false\" data-particle-mobile-disabled=\"false\" class=\"elementor-element elementor-element-7e52403 e-flex e-con-boxed e-con e-parent\" data-id=\"7e52403\" data-element_type=\"container\" data-e-type=\"container\" data-settings=\"{&quot;_ha_eqh_enable&quot;:false,&quot;ekit_has_onepagescroll_dot&quot;:&quot;yes&quot;}\">\n\t\t\t\t\t<div class=\"e-con-inner\">\n\t\t\t\t<div class=\"elementor-element elementor-element-dc885cc elementor-widget elementor-widget-text-editor\" data-id=\"dc885cc\" data-element_type=\"widget\" data-e-type=\"widget\" data-settings=\"{&quot;ekit_we_effect_on&quot;:&quot;none&quot;}\" data-widget_type=\"text-editor.default\">\n\t\t\t\t<div class=\"elementor-widget-container\">\n\t\t\t\t\t\t\t\t\t<p>Cursar uma p\u00f3s-gradua\u00e7\u00e3o \u00e9 um investimento na carreira. As exig\u00eancias do mercado e demandas profissionais s\u00e3o cada vez maiores.<\/p><p>De acordo com o levantamento realizado em 2021 pelo Instituto SEMESP \u2013 Secretaria de Modalidades Especializadas de Educa\u00e7\u00e3o, entre os anos de 2017 e 2020, o n\u00famero de matriculados em cursos de especializa\u00e7\u00e3o <em>Lato Sensu<\/em> e MBA cresceu 74%, de 683 mil para 1,2 milh\u00e3o de alunos.<\/p><p>A UMC oferece cursos de especializa\u00e7\u00e3o e MBA, adequados \u00e0 demanda de mercado nas \u00e1reas de Sa\u00fade, Gest\u00e3o e Neg\u00f3cios e Tecnologia e Engenharia.<\/p><p>De acordo com o Professor e Coordenador da P\u00f3s-gradua\u00e7\u00e3o <em>Lato Sensu, <\/em>Extens\u00e3o e do EAD da UMC, Nellis Oliveira Santos, a especializa\u00e7\u00e3o \u00e9 necess\u00e1ria para o desenvolvimento pessoal e profissional. \u201cO mercado necessita de colaboradores com melhor n\u00edvel de qualifica\u00e7\u00e3o, que trazem solu\u00e7\u00f5es inovadoras, para manter as empresas em maior grau de competitividade no mercado de trabalho\u201d, ressalta.<\/p><p>Aproveite e fa\u00e7a sua inscri\u00e7\u00e3o at\u00e9 18\/09\/2023. Para realizar em qualquer curso, a documenta\u00e7\u00e3o requerida para ambas as modalidades s\u00e3o RG, CPF e documenta\u00e7\u00e3o do Diploma da Gradua\u00e7\u00e3o completa.<\/p><p>\u00a0<\/p>\t\t\t\t\t\t\t\t<\/div>\n\t\t\t\t<\/div>\n\t\t\t\t\t<\/div>\n\t\t\t\t<\/div>\n\t\t<div data-particle_enable=\"false\" data-particle-mobile-disabled=\"false\" class=\"elementor-element elementor-element-e9f82fb e-flex e-con-boxed e-con e-parent\" data-id=\"e9f82fb\" data-element_type=\"container\" data-e-type=\"container\" data-settings=\"{&quot;_ha_eqh_enable&quot;:false,&quot;ekit_has_onepagescroll_dot&quot;:&quot;yes&quot;}\">\n\t\t\t\t\t<div class=\"e-con-inner\">\n\t\t\t\t<div class=\"elementor-element elementor-element-9ff0f31 elementor-widget elementor-widget-image\" data-id=\"9ff0f31\" data-element_type=\"widget\" data-e-type=\"widget\" data-settings=\"{&quot;ekit_we_effect_on&quot;:&quot;none&quot;}\" data-widget_type=\"image.default\">\n\t\t\t\t<div class=\"elementor-widget-container\">\n\t\t\t\t\t\t\t\t\t\t\t\t\t\t\t<img fetchpriority=\"high\" decoding=\"async\" width=\"1024\" height=\"683\" src=\"https:\/\/www.umc.br\/noticias\/wp-content\/uploads\/2023\/03\/IMG_2218-1024x683.jpg\" class=\"attachment-large size-large wp-image-8194\" alt=\"\" srcset=\"https:\/\/www.umc.br\/noticias\/wp-content\/uploads\/2023\/03\/IMG_2218-1024x683.jpg 1024w, https:\/\/www.umc.br\/noticias\/wp-content\/uploads\/2023\/03\/IMG_2218-300x200.jpg 300w, https:\/\/www.umc.br\/noticias\/wp-content\/uploads\/2023\/03\/IMG_2218-768x512.jpg 768w, https:\/\/www.umc.br\/noticias\/wp-content\/uploads\/2023\/03\/IMG_2218-1536x1024.jpg 1536w, https:\/\/www.umc.br\/noticias\/wp-content\/uploads\/2023\/03\/IMG_2218-2048x1365.jpg 2048w\" sizes=\"(max-width: 1024px) 100vw, 1024px\" \/>\t\t\t\t\t\t\t\t\t\t\t\t\t\t\t<\/div>\n\t\t\t\t<\/div>\n\t\t\t\t\t<\/div>\n\t\t\t\t<\/div>\n\t\t\t\t<\/div>\n\t\t","protected":false},"excerpt":{"rendered":"<p>Inscri\u00e7\u00f5es para os cursos de especializa\u00e7\u00e3o se encerram dia 18\/09 Cursar uma p\u00f3s-gradua\u00e7\u00e3o \u00e9 um investimento na carreira. As exig\u00eancias do mercado e demandas profissionais s\u00e3o cada vez maiores. De acordo com o levantamento realizado em 2021 pelo Instituto SEMESP \u2013 Secretaria de Modalidades Especializadas de Educa\u00e7\u00e3o, entre os anos de 2017 e 2020, o [&hellip;]<\/p>\n","protected":false},"author":990015,"featured_media":8194,"comment_status":"open","ping_status":"open","sticky":false,"template":"","format":"standard","meta":{"_eb_attr":"","footnotes":""},"categories":[1],"tags":[],"class_list":["post-8463","post","type-post","status-publish","format-standard","has-post-thumbnail","hentry","category-noticias-umc"],"blocksy_meta":{"styles_descriptor":{"styles":{"desktop":"","tablet":"","mobile":""},"google_fonts":[],"version":6}},"rttpg_featured_image_url":{"full":["https:\/\/www.umc.br\/noticias\/wp-content\/uploads\/2023\/03\/IMG_2218-scaled.jpg",2560,1707,false],"landscape":["https:\/\/www.umc.br\/noticias\/wp-content\/uploads\/2023\/03\/IMG_2218-scaled.jpg",2560,1707,false],"portraits":["https:\/\/www.umc.br\/noticias\/wp-content\/uploads\/2023\/03\/IMG_2218-scaled.jpg",2560,1707,false],"thumbnail":["https:\/\/www.umc.br\/noticias\/wp-content\/uploads\/2023\/03\/IMG_2218-150x150.jpg",150,150,true],"medium":["https:\/\/www.umc.br\/noticias\/wp-content\/uploads\/2023\/03\/IMG_2218-300x200.jpg",300,200,true],"large":["https:\/\/www.umc.br\/noticias\/wp-content\/uploads\/2023\/03\/IMG_2218-1024x683.jpg",1024,683,true],"1536x1536":["https:\/\/www.umc.br\/noticias\/wp-content\/uploads\/2023\/03\/IMG_2218-1536x1024.jpg",1536,1024,true],"2048x2048":["https:\/\/www.umc.br\/noticias\/wp-content\/uploads\/2023\/03\/IMG_2218-2048x1365.jpg",2048,1365,true],"tp-image-grid":["https:\/\/www.umc.br\/noticias\/wp-content\/uploads\/2023\/03\/IMG_2218-scaled.jpg",700,467,false],"bdfe-large-thumb":["https:\/\/www.umc.br\/noticias\/wp-content\/uploads\/2023\/03\/IMG_2218-scaled.jpg",600,400,false],"bdfe-hero-slider-thumb":["https:\/\/www.umc.br\/noticias\/wp-content\/uploads\/2023\/03\/IMG_2218-scaled.jpg",973,649,false]},"rttpg_author":{"display_name":"Renato Nascimento","author_link":"https:\/\/www.umc.br\/noticias\/author\/renato\/"},"rttpg_comment":0,"rttpg_category":"<a href=\"https:\/\/www.umc.br\/noticias\/category\/noticias-umc\/\" rel=\"category tag\">Not\u00edcias UMC<\/a>","rttpg_excerpt":"Inscri\u00e7\u00f5es para os cursos de especializa\u00e7\u00e3o se encerram dia 18\/09 Cursar uma p\u00f3s-gradua\u00e7\u00e3o \u00e9 um investimento na carreira. As exig\u00eancias do mercado e demandas profissionais s\u00e3o cada vez maiores. De acordo com o levantamento realizado em 2021 pelo Instituto SEMESP \u2013 Secretaria de Modalidades Especializadas de Educa\u00e7\u00e3o, entre os anos de 2017 e 2020, o&hellip;","_links":{"self":[{"href":"https:\/\/www.umc.br\/noticias\/wp-json\/wp\/v2\/posts\/8463","targetHints":{"allow":["GET"]}}],"collection":[{"href":"https:\/\/www.umc.br\/noticias\/wp-json\/wp\/v2\/posts"}],"about":[{"href":"https:\/\/www.umc.br\/noticias\/wp-json\/wp\/v2\/types\/post"}],"author":[{"embeddable":true,"href":"https:\/\/www.umc.br\/noticias\/wp-json\/wp\/v2\/users\/990015"}],"replies":[{"embeddable":true,"href":"https:\/\/www.umc.br\/noticias\/wp-json\/wp\/v2\/comments?post=8463"}],"version-history":[{"count":7,"href":"https:\/\/www.umc.br\/noticias\/wp-json\/wp\/v2\/posts\/8463\/revisions"}],"predecessor-version":[{"id":8473,"href":"https:\/\/www.umc.br\/noticias\/wp-json\/wp\/v2\/posts\/8463\/revisions\/8473"}],"wp:featuredmedia":[{"embeddable":true,"href":"https:\/\/www.umc.br\/noticias\/wp-json\/wp\/v2\/media\/8194"}],"wp:attachment":[{"href":"https:\/\/www.umc.br\/noticias\/wp-json\/wp\/v2\/media?parent=8463"}],"wp:term":[{"taxonomy":"category","embeddable":true,"href":"https:\/\/www.umc.br\/noticias\/wp-json\/wp\/v2\/categories?post=8463"},{"taxonomy":"post_tag","embeddable":true,"href":"https:\/\/www.umc.br\/noticias\/wp-json\/wp\/v2\/tags?post=8463"}],"curies":[{"name":"wp","href":"https:\/\/api.w.org\/{rel}","templated":true}]}}