{"id":8417,"date":"2023-06-06T19:49:06","date_gmt":"2023-06-06T19:49:06","guid":{"rendered":"https:\/\/www4.umc.br\/noticias\/?p=8417"},"modified":"2023-06-21T12:33:17","modified_gmt":"2023-06-21T12:33:17","slug":"curso-superior-de-tecnologia-em-marketing-ead","status":"publish","type":"post","link":"https:\/\/www.umc.br\/noticias\/curso-superior-de-tecnologia-em-marketing-ead\/","title":{"rendered":"CURSO SUPERIOR DE TECNOLOGIA EM MARKETING EAD"},"content":{"rendered":"\t\t<div data-elementor-type=\"wp-post\" data-elementor-id=\"8417\" class=\"elementor elementor-8417\" data-elementor-settings=\"{&quot;ha_cmc_init_switcher&quot;:&quot;no&quot;}\" data-elementor-post-type=\"post\">\n\t\t\t\t<div data-particle_enable=\"false\" data-particle-mobile-disabled=\"false\" class=\"elementor-element elementor-element-bacb315 e-flex e-con-boxed e-con e-parent\" data-id=\"bacb315\" data-element_type=\"container\" data-e-type=\"container\" data-settings=\"{&quot;_ha_eqh_enable&quot;:false,&quot;ekit_has_onepagescroll_dot&quot;:&quot;yes&quot;}\">\n\t\t\t\t\t<div class=\"e-con-inner\">\n\t\t\t\t<div class=\"elementor-element elementor-element-44f7a3f elementor-widget elementor-widget-text-editor\" data-id=\"44f7a3f\" data-element_type=\"widget\" data-e-type=\"widget\" data-settings=\"{&quot;ekit_we_effect_on&quot;:&quot;none&quot;}\" data-widget_type=\"text-editor.default\">\n\t\t\t\t<div class=\"elementor-widget-container\">\n\t\t\t\t\t\t\t\t\t<p>A gradua\u00e7\u00e3o de Marketing EAD forma especialistas em tend\u00eancias, estrat\u00e9gias, relacionamento com o consumidor e an\u00e1lises mercadol\u00f3gicas.<br \/><br \/>A grade curricular \u00e9 composta por mat\u00e9rias espec\u00edficas, possibilitando a aplica\u00e7\u00e3o das pr\u00e1ticas estudadas em sala de aula nas empresas que competem ativamente no mercado.<\/p><p>O curso obteve Nota 4 no MEC e tem como diferencial laborat\u00f3rios com softwares atualizados, corpo docente com professores mestres e doutores que oferecem uma forma\u00e7\u00e3o interdisciplinar, abrangendo aspectos de Comunica\u00e7\u00e3o Integrada e aulas din\u00e2micas que preparam o aluno para o empreendedorismo e mercado de trabalho.<\/p>\t\t\t\t\t\t\t\t<\/div>\n\t\t\t\t<\/div>\n\t\t\t\t\t<\/div>\n\t\t\t\t<\/div>\n\t\t<div data-particle_enable=\"false\" data-particle-mobile-disabled=\"false\" class=\"elementor-element elementor-element-b07f2b8 e-flex e-con-boxed e-con e-parent\" data-id=\"b07f2b8\" data-element_type=\"container\" data-e-type=\"container\" data-settings=\"{&quot;_ha_eqh_enable&quot;:false,&quot;ekit_has_onepagescroll_dot&quot;:&quot;yes&quot;}\">\n\t\t\t\t\t<div class=\"e-con-inner\">\n\t\t\t\t<div class=\"elementor-element elementor-element-f6fd229 elementor-widget elementor-widget-image\" data-id=\"f6fd229\" data-element_type=\"widget\" data-e-type=\"widget\" data-settings=\"{&quot;ekit_we_effect_on&quot;:&quot;none&quot;}\" data-widget_type=\"image.default\">\n\t\t\t\t<div class=\"elementor-widget-container\">\n\t\t\t\t\t\t\t\t\t\t\t\t\t\t\t<img fetchpriority=\"high\" decoding=\"async\" width=\"911\" height=\"912\" src=\"https:\/\/www.umc.br\/noticias\/wp-content\/uploads\/2023\/06\/WhatsApp-Image-2023-06-06-at-17.14.07.jpeg\" class=\"attachment-large size-large wp-image-8436\" alt=\"\" srcset=\"https:\/\/www.umc.br\/noticias\/wp-content\/uploads\/2023\/06\/WhatsApp-Image-2023-06-06-at-17.14.07.jpeg 911w, https:\/\/www.umc.br\/noticias\/wp-content\/uploads\/2023\/06\/WhatsApp-Image-2023-06-06-at-17.14.07-300x300.jpeg 300w, https:\/\/www.umc.br\/noticias\/wp-content\/uploads\/2023\/06\/WhatsApp-Image-2023-06-06-at-17.14.07-150x150.jpeg 150w, https:\/\/www.umc.br\/noticias\/wp-content\/uploads\/2023\/06\/WhatsApp-Image-2023-06-06-at-17.14.07-768x769.jpeg 768w\" sizes=\"(max-width: 911px) 100vw, 911px\" \/>\t\t\t\t\t\t\t\t\t\t\t\t\t\t\t<\/div>\n\t\t\t\t<\/div>\n\t\t\t\t\t<\/div>\n\t\t\t\t<\/div>\n\t\t\t\t<\/div>\n\t\t","protected":false},"excerpt":{"rendered":"<p>A gradua\u00e7\u00e3o de Marketing EAD forma especialistas em tend\u00eancias, estrat\u00e9gias, relacionamento com o consumidor e an\u00e1lises mercadol\u00f3gicas. A grade curricular \u00e9 composta por mat\u00e9rias espec\u00edficas, possibilitando a aplica\u00e7\u00e3o das pr\u00e1ticas estudadas em sala de aula nas empresas que competem ativamente no mercado. O curso obteve Nota 4 no MEC e tem como diferencial laborat\u00f3rios com [&hellip;]<\/p>\n","protected":false},"author":990015,"featured_media":8436,"comment_status":"open","ping_status":"open","sticky":false,"template":"","format":"standard","meta":{"_eb_attr":"","footnotes":""},"categories":[1],"tags":[],"class_list":["post-8417","post","type-post","status-publish","format-standard","has-post-thumbnail","hentry","category-noticias-umc"],"blocksy_meta":{"styles_descriptor":{"styles":{"desktop":"","tablet":"","mobile":""},"google_fonts":[],"version":6}},"rttpg_featured_image_url":{"full":["https:\/\/www.umc.br\/noticias\/wp-content\/uploads\/2023\/06\/WhatsApp-Image-2023-06-06-at-17.14.07.jpeg",911,912,false],"landscape":["https:\/\/www.umc.br\/noticias\/wp-content\/uploads\/2023\/06\/WhatsApp-Image-2023-06-06-at-17.14.07.jpeg",911,912,false],"portraits":["https:\/\/www.umc.br\/noticias\/wp-content\/uploads\/2023\/06\/WhatsApp-Image-2023-06-06-at-17.14.07.jpeg",911,912,false],"thumbnail":["https:\/\/www.umc.br\/noticias\/wp-content\/uploads\/2023\/06\/WhatsApp-Image-2023-06-06-at-17.14.07-150x150.jpeg",150,150,true],"medium":["https:\/\/www.umc.br\/noticias\/wp-content\/uploads\/2023\/06\/WhatsApp-Image-2023-06-06-at-17.14.07-300x300.jpeg",300,300,true],"large":["https:\/\/www.umc.br\/noticias\/wp-content\/uploads\/2023\/06\/WhatsApp-Image-2023-06-06-at-17.14.07.jpeg",911,912,false],"1536x1536":["https:\/\/www.umc.br\/noticias\/wp-content\/uploads\/2023\/06\/WhatsApp-Image-2023-06-06-at-17.14.07.jpeg",911,912,false],"2048x2048":["https:\/\/www.umc.br\/noticias\/wp-content\/uploads\/2023\/06\/WhatsApp-Image-2023-06-06-at-17.14.07.jpeg",911,912,false],"tp-image-grid":["https:\/\/www.umc.br\/noticias\/wp-content\/uploads\/2023\/06\/WhatsApp-Image-2023-06-06-at-17.14.07.jpeg",700,700,false],"bdfe-large-thumb":["https:\/\/www.umc.br\/noticias\/wp-content\/uploads\/2023\/06\/WhatsApp-Image-2023-06-06-at-17.14.07.jpeg",600,601,false],"bdfe-hero-slider-thumb":["https:\/\/www.umc.br\/noticias\/wp-content\/uploads\/2023\/06\/WhatsApp-Image-2023-06-06-at-17.14.07.jpeg",648,649,false]},"rttpg_author":{"display_name":"Renato Nascimento","author_link":"https:\/\/www.umc.br\/noticias\/author\/renato\/"},"rttpg_comment":0,"rttpg_category":"<a href=\"https:\/\/www.umc.br\/noticias\/category\/noticias-umc\/\" rel=\"category tag\">Not\u00edcias UMC<\/a>","rttpg_excerpt":"A gradua\u00e7\u00e3o de Marketing EAD forma especialistas em tend\u00eancias, estrat\u00e9gias, relacionamento com o consumidor e an\u00e1lises mercadol\u00f3gicas. A grade curricular \u00e9 composta por mat\u00e9rias espec\u00edficas, possibilitando a aplica\u00e7\u00e3o das pr\u00e1ticas estudadas em sala de aula nas empresas que competem ativamente no mercado. O curso obteve Nota 4 no MEC e tem como diferencial laborat\u00f3rios com&hellip;","_links":{"self":[{"href":"https:\/\/www.umc.br\/noticias\/wp-json\/wp\/v2\/posts\/8417","targetHints":{"allow":["GET"]}}],"collection":[{"href":"https:\/\/www.umc.br\/noticias\/wp-json\/wp\/v2\/posts"}],"about":[{"href":"https:\/\/www.umc.br\/noticias\/wp-json\/wp\/v2\/types\/post"}],"author":[{"embeddable":true,"href":"https:\/\/www.umc.br\/noticias\/wp-json\/wp\/v2\/users\/990015"}],"replies":[{"embeddable":true,"href":"https:\/\/www.umc.br\/noticias\/wp-json\/wp\/v2\/comments?post=8417"}],"version-history":[{"count":9,"href":"https:\/\/www.umc.br\/noticias\/wp-json\/wp\/v2\/posts\/8417\/revisions"}],"predecessor-version":[{"id":8482,"href":"https:\/\/www.umc.br\/noticias\/wp-json\/wp\/v2\/posts\/8417\/revisions\/8482"}],"wp:featuredmedia":[{"embeddable":true,"href":"https:\/\/www.umc.br\/noticias\/wp-json\/wp\/v2\/media\/8436"}],"wp:attachment":[{"href":"https:\/\/www.umc.br\/noticias\/wp-json\/wp\/v2\/media?parent=8417"}],"wp:term":[{"taxonomy":"category","embeddable":true,"href":"https:\/\/www.umc.br\/noticias\/wp-json\/wp\/v2\/categories?post=8417"},{"taxonomy":"post_tag","embeddable":true,"href":"https:\/\/www.umc.br\/noticias\/wp-json\/wp\/v2\/tags?post=8417"}],"curies":[{"name":"wp","href":"https:\/\/api.w.org\/{rel}","templated":true}]}}