{"id":8398,"date":"2023-06-06T19:40:47","date_gmt":"2023-06-06T19:40:47","guid":{"rendered":"https:\/\/www4.umc.br\/noticias\/?p=8398"},"modified":"2023-06-21T12:38:20","modified_gmt":"2023-06-21T12:38:20","slug":"gestao-financeira-ead","status":"publish","type":"post","link":"https:\/\/www.umc.br\/noticias\/gestao-financeira-ead\/","title":{"rendered":"GEST\u00c3O FINANCEIRA EAD"},"content":{"rendered":"\t\t<div data-elementor-type=\"wp-post\" data-elementor-id=\"8398\" class=\"elementor elementor-8398\" data-elementor-settings=\"{&quot;ha_cmc_init_switcher&quot;:&quot;no&quot;}\" data-elementor-post-type=\"post\">\n\t\t\t\t<div data-particle_enable=\"false\" data-particle-mobile-disabled=\"false\" class=\"elementor-element elementor-element-f1272c4 e-flex e-con-boxed e-con e-parent\" data-id=\"f1272c4\" data-element_type=\"container\" data-e-type=\"container\" data-settings=\"{&quot;_ha_eqh_enable&quot;:false,&quot;ekit_has_onepagescroll_dot&quot;:&quot;yes&quot;}\">\n\t\t\t\t\t<div class=\"e-con-inner\">\n\t\t\t\t<div class=\"elementor-element elementor-element-305ef66 elementor-widget elementor-widget-text-editor\" data-id=\"305ef66\" data-element_type=\"widget\" data-e-type=\"widget\" data-settings=\"{&quot;ekit_we_effect_on&quot;:&quot;none&quot;}\" data-widget_type=\"text-editor.default\">\n\t\t\t\t<div class=\"elementor-widget-container\">\n\t\t\t\t\t\t\t\t\t<p>O curso de Processos Gerenciais EAD, oferecido pela Universidade de Mogi das Cruzes, conquistou nota 4 no MEC.<br \/><br \/>Se voc\u00ea tem perfil anal\u00edtico e habilidades l\u00f3gicas gostar\u00e1 da grade curricular composta por disciplinas como matem\u00e1tica financeira, investimentos, mercado de capitais, economia, gest\u00e3o de cr\u00e9dito, diagn\u00f3stico organizacional, cobran\u00e7a de riscos entre outras.<br \/><br \/>O ensino \u00e9 pautado no est\u00edmulo das habilidades l\u00f3gicas do aluno, formando profissional com vis\u00e3o multidisciplinar e seguros para tomar decis\u00f5es e gerir o financeiro de empresas.<\/p>\t\t\t\t\t\t\t\t<\/div>\n\t\t\t\t<\/div>\n\t\t\t\t\t<\/div>\n\t\t\t\t<\/div>\n\t\t<div data-particle_enable=\"false\" data-particle-mobile-disabled=\"false\" class=\"elementor-element elementor-element-31f4659 e-flex e-con-boxed e-con e-parent\" data-id=\"31f4659\" data-element_type=\"container\" data-e-type=\"container\" data-settings=\"{&quot;_ha_eqh_enable&quot;:false,&quot;ekit_has_onepagescroll_dot&quot;:&quot;yes&quot;}\">\n\t\t\t\t\t<div class=\"e-con-inner\">\n\t\t\t\t<div class=\"elementor-element elementor-element-9081c70 elementor-widget elementor-widget-image\" data-id=\"9081c70\" data-element_type=\"widget\" data-e-type=\"widget\" data-settings=\"{&quot;ekit_we_effect_on&quot;:&quot;none&quot;}\" data-widget_type=\"image.default\">\n\t\t\t\t<div class=\"elementor-widget-container\">\n\t\t\t\t\t\t\t\t\t\t\t\t\t\t\t<img fetchpriority=\"high\" decoding=\"async\" width=\"914\" height=\"912\" src=\"https:\/\/www.umc.br\/noticias\/wp-content\/uploads\/2023\/06\/WhatsApp-Image-2023-06-06-at-17.12.04.jpeg\" class=\"attachment-large size-large wp-image-8432\" alt=\"\" srcset=\"https:\/\/www.umc.br\/noticias\/wp-content\/uploads\/2023\/06\/WhatsApp-Image-2023-06-06-at-17.12.04.jpeg 914w, https:\/\/www.umc.br\/noticias\/wp-content\/uploads\/2023\/06\/WhatsApp-Image-2023-06-06-at-17.12.04-300x300.jpeg 300w, https:\/\/www.umc.br\/noticias\/wp-content\/uploads\/2023\/06\/WhatsApp-Image-2023-06-06-at-17.12.04-150x150.jpeg 150w, https:\/\/www.umc.br\/noticias\/wp-content\/uploads\/2023\/06\/WhatsApp-Image-2023-06-06-at-17.12.04-768x766.jpeg 768w\" sizes=\"(max-width: 914px) 100vw, 914px\" \/>\t\t\t\t\t\t\t\t\t\t\t\t\t\t\t<\/div>\n\t\t\t\t<\/div>\n\t\t\t\t\t<\/div>\n\t\t\t\t<\/div>\n\t\t\t\t<\/div>\n\t\t","protected":false},"excerpt":{"rendered":"<p>O curso de Processos Gerenciais EAD, oferecido pela Universidade de Mogi das Cruzes, conquistou nota 4 no MEC. Se voc\u00ea tem perfil anal\u00edtico e habilidades l\u00f3gicas gostar\u00e1 da grade curricular composta por disciplinas como matem\u00e1tica financeira, investimentos, mercado de capitais, economia, gest\u00e3o de cr\u00e9dito, diagn\u00f3stico organizacional, cobran\u00e7a de riscos entre outras. O ensino \u00e9 pautado [&hellip;]<\/p>\n","protected":false},"author":990015,"featured_media":8432,"comment_status":"open","ping_status":"open","sticky":false,"template":"","format":"standard","meta":{"_eb_attr":"","footnotes":""},"categories":[1],"tags":[],"class_list":["post-8398","post","type-post","status-publish","format-standard","has-post-thumbnail","hentry","category-noticias-umc"],"blocksy_meta":{"styles_descriptor":{"styles":{"desktop":"","tablet":"","mobile":""},"google_fonts":[],"version":6}},"rttpg_featured_image_url":{"full":["https:\/\/www.umc.br\/noticias\/wp-content\/uploads\/2023\/06\/WhatsApp-Image-2023-06-06-at-17.12.04.jpeg",914,912,false],"landscape":["https:\/\/www.umc.br\/noticias\/wp-content\/uploads\/2023\/06\/WhatsApp-Image-2023-06-06-at-17.12.04.jpeg",914,912,false],"portraits":["https:\/\/www.umc.br\/noticias\/wp-content\/uploads\/2023\/06\/WhatsApp-Image-2023-06-06-at-17.12.04.jpeg",914,912,false],"thumbnail":["https:\/\/www.umc.br\/noticias\/wp-content\/uploads\/2023\/06\/WhatsApp-Image-2023-06-06-at-17.12.04-150x150.jpeg",150,150,true],"medium":["https:\/\/www.umc.br\/noticias\/wp-content\/uploads\/2023\/06\/WhatsApp-Image-2023-06-06-at-17.12.04-300x300.jpeg",300,300,true],"large":["https:\/\/www.umc.br\/noticias\/wp-content\/uploads\/2023\/06\/WhatsApp-Image-2023-06-06-at-17.12.04.jpeg",914,912,false],"1536x1536":["https:\/\/www.umc.br\/noticias\/wp-content\/uploads\/2023\/06\/WhatsApp-Image-2023-06-06-at-17.12.04.jpeg",914,912,false],"2048x2048":["https:\/\/www.umc.br\/noticias\/wp-content\/uploads\/2023\/06\/WhatsApp-Image-2023-06-06-at-17.12.04.jpeg",914,912,false],"tp-image-grid":["https:\/\/www.umc.br\/noticias\/wp-content\/uploads\/2023\/06\/WhatsApp-Image-2023-06-06-at-17.12.04.jpeg",700,698,false],"bdfe-large-thumb":["https:\/\/www.umc.br\/noticias\/wp-content\/uploads\/2023\/06\/WhatsApp-Image-2023-06-06-at-17.12.04.jpeg",600,599,false],"bdfe-hero-slider-thumb":["https:\/\/www.umc.br\/noticias\/wp-content\/uploads\/2023\/06\/WhatsApp-Image-2023-06-06-at-17.12.04.jpeg",650,649,false]},"rttpg_author":{"display_name":"Renato Nascimento","author_link":"https:\/\/www.umc.br\/noticias\/author\/renato\/"},"rttpg_comment":0,"rttpg_category":"<a href=\"https:\/\/www.umc.br\/noticias\/category\/noticias-umc\/\" rel=\"category tag\">Not\u00edcias UMC<\/a>","rttpg_excerpt":"O curso de Processos Gerenciais EAD, oferecido pela Universidade de Mogi das Cruzes, conquistou nota 4 no MEC. Se voc\u00ea tem perfil anal\u00edtico e habilidades l\u00f3gicas gostar\u00e1 da grade curricular composta por disciplinas como matem\u00e1tica financeira, investimentos, mercado de capitais, economia, gest\u00e3o de cr\u00e9dito, diagn\u00f3stico organizacional, cobran\u00e7a de riscos entre outras. O ensino \u00e9 pautado&hellip;","_links":{"self":[{"href":"https:\/\/www.umc.br\/noticias\/wp-json\/wp\/v2\/posts\/8398","targetHints":{"allow":["GET"]}}],"collection":[{"href":"https:\/\/www.umc.br\/noticias\/wp-json\/wp\/v2\/posts"}],"about":[{"href":"https:\/\/www.umc.br\/noticias\/wp-json\/wp\/v2\/types\/post"}],"author":[{"embeddable":true,"href":"https:\/\/www.umc.br\/noticias\/wp-json\/wp\/v2\/users\/990015"}],"replies":[{"embeddable":true,"href":"https:\/\/www.umc.br\/noticias\/wp-json\/wp\/v2\/comments?post=8398"}],"version-history":[{"count":7,"href":"https:\/\/www.umc.br\/noticias\/wp-json\/wp\/v2\/posts\/8398\/revisions"}],"predecessor-version":[{"id":8491,"href":"https:\/\/www.umc.br\/noticias\/wp-json\/wp\/v2\/posts\/8398\/revisions\/8491"}],"wp:featuredmedia":[{"embeddable":true,"href":"https:\/\/www.umc.br\/noticias\/wp-json\/wp\/v2\/media\/8432"}],"wp:attachment":[{"href":"https:\/\/www.umc.br\/noticias\/wp-json\/wp\/v2\/media?parent=8398"}],"wp:term":[{"taxonomy":"category","embeddable":true,"href":"https:\/\/www.umc.br\/noticias\/wp-json\/wp\/v2\/categories?post=8398"},{"taxonomy":"post_tag","embeddable":true,"href":"https:\/\/www.umc.br\/noticias\/wp-json\/wp\/v2\/tags?post=8398"}],"curies":[{"name":"wp","href":"https:\/\/api.w.org\/{rel}","templated":true}]}}