{"id":7860,"date":"2023-01-08T14:42:44","date_gmt":"2023-01-08T14:42:44","guid":{"rendered":"https:\/\/www4.umc.br\/noticias\/?p=7860"},"modified":"2023-01-11T20:25:13","modified_gmt":"2023-01-11T20:25:13","slug":"nota-de-falecimento-4","status":"publish","type":"post","link":"https:\/\/www.umc.br\/noticias\/nota-de-falecimento-4\/","title":{"rendered":"Nota de Falecimento"},"content":{"rendered":"\t\t<div data-elementor-type=\"wp-post\" data-elementor-id=\"7860\" class=\"elementor elementor-7860\" data-elementor-settings=\"{&quot;ha_cmc_init_switcher&quot;:&quot;no&quot;}\" data-elementor-post-type=\"post\">\n\t\t\t\t<div data-particle_enable=\"false\" data-particle-mobile-disabled=\"false\" class=\"elementor-element elementor-element-9b21871 e-flex e-con-boxed e-con e-parent\" data-id=\"9b21871\" data-element_type=\"container\" data-e-type=\"container\" data-settings=\"{&quot;_ha_eqh_enable&quot;:false,&quot;ekit_has_onepagescroll_dot&quot;:&quot;yes&quot;}\">\n\t\t\t\t\t<div class=\"e-con-inner\">\n\t\t\t\t<div class=\"elementor-element elementor-element-de4c4a3 elementor-widget elementor-widget-text-editor\" data-id=\"de4c4a3\" data-element_type=\"widget\" data-e-type=\"widget\" data-settings=\"{&quot;ekit_we_effect_on&quot;:&quot;none&quot;}\" data-widget_type=\"text-editor.default\">\n\t\t\t\t<div class=\"elementor-widget-container\">\n\t\t\t\t\t\t\t\t\t<p class=\"MsoNormal\" style=\"text-align: justify; line-height: normal;\"><br>\u00c9 com imenso pesar que a UMC comunica o falecimento do professor <b>NELSON FONTANA MARGARIDO<\/b>, 82 anos, no \u00faltimo dia 08 de janeiro de 2023.<br><br><span style=\"font-size: inherit; background-color: var(--theme-palette-color-7); color: var(--color); font-family: var(--fontFamily); font-style: var(--fontStyle, inherit); font-weight: var(--fontWeight); letter-spacing: var(--letterSpacing); text-transform: var(--textTransform);\">Graduado pela Faculdade de Medicina da Universidade de S\u00e3o Paulo (FMUSP), em 1966. Fez resid\u00eancia em cl\u00ednica cir\u00fargica no Hospital das Cl\u00ednicas da FMUSP. Durante os per\u00edodos de 1980 a 1990, e de 2001 at\u00e9 o presente, exerceu a atividade de professor titular de T\u00e9cnica Cir\u00fargica no curso de Medicina da UMC.<br><br><\/span><span style=\"font-size: inherit; background-color: var(--theme-palette-color-7); color: var(--color); font-family: var(--fontFamily); font-style: var(--fontStyle, inherit); font-weight: var(--fontWeight); letter-spacing: var(--letterSpacing); text-transform: var(--textTransform);\">A cerim\u00f4nia ser\u00e1 no Cemit\u00e9rio do Morumby, vel\u00f3rio \u00e0s 15h e sepultamento \u00e0s 17h30, na rua Dep. La\u00e9rcio Corte, 468, Morumbi-SP.<br><br><\/span><span style=\"font-size: inherit; background-color: var(--theme-palette-color-7); color: var(--color); font-family: var(--fontFamily); font-style: var(--fontStyle, inherit); font-weight: var(--fontWeight); letter-spacing: var(--letterSpacing); text-transform: var(--textTransform);\">A UMC estima aos familiares e amigos do m\u00e9dico e professor Nelson Fontana os mais sinceros p\u00easames e desejos de consolo.<\/span><\/p>\t\t\t\t\t\t\t\t<\/div>\n\t\t\t\t<\/div>\n\t\t\t\t\t<\/div>\n\t\t\t\t<\/div>\n\t\t<div data-particle_enable=\"false\" data-particle-mobile-disabled=\"false\" class=\"elementor-element elementor-element-26827ae e-flex e-con-boxed e-con e-parent\" data-id=\"26827ae\" data-element_type=\"container\" data-e-type=\"container\" data-settings=\"{&quot;_ha_eqh_enable&quot;:false,&quot;ekit_has_onepagescroll_dot&quot;:&quot;yes&quot;}\">\n\t\t\t\t\t<div class=\"e-con-inner\">\n\t\t\t\t<div class=\"elementor-element elementor-element-4317cbe elementor-widget elementor-widget-image\" data-id=\"4317cbe\" data-element_type=\"widget\" data-e-type=\"widget\" data-settings=\"{&quot;ekit_we_effect_on&quot;:&quot;none&quot;}\" data-widget_type=\"image.default\">\n\t\t\t\t<div class=\"elementor-widget-container\">\n\t\t\t\t\t\t\t\t\t\t\t\t<figure class=\"wp-caption\">\n\t\t\t\t\t\t\t\t\t\t<img fetchpriority=\"high\" decoding=\"async\" width=\"188\" height=\"268\" src=\"https:\/\/www.umc.br\/noticias\/wp-content\/uploads\/2023\/01\/Nelson-Fontana.jpeg\" class=\"attachment-large size-large wp-image-7869\" alt=\"\" \/>\t\t\t\t\t\t\t\t\t\t\t<figcaption class=\"widget-image-caption wp-caption-text\">Nelson Fontana Margarido 1941 - 2023<\/figcaption>\n\t\t\t\t\t\t\t\t\t\t<\/figure>\n\t\t\t\t\t\t\t\t\t<\/div>\n\t\t\t\t<\/div>\n\t\t\t\t\t<\/div>\n\t\t\t\t<\/div>\n\t\t\t\t<\/div>\n\t\t","protected":false},"excerpt":{"rendered":"<p>\u00c9 com imenso pesar que a UMC comunica o falecimento do professor NELSON FONTANA MARGARIDO, 82 anos, no \u00faltimo dia 08 de janeiro de 2023. Graduado pela Faculdade de Medicina da Universidade de S\u00e3o Paulo (FMUSP), em 1966. Fez resid\u00eancia em cl\u00ednica cir\u00fargica no Hospital das Cl\u00ednicas da FMUSP. Durante os per\u00edodos de 1980 a [&hellip;]<\/p>\n","protected":false},"author":990015,"featured_media":7883,"comment_status":"open","ping_status":"open","sticky":false,"template":"","format":"standard","meta":{"_eb_attr":"","footnotes":""},"categories":[1],"tags":[],"class_list":["post-7860","post","type-post","status-publish","format-standard","has-post-thumbnail","hentry","category-noticias-umc"],"blocksy_meta":{"styles_descriptor":{"styles":{"desktop":"","tablet":"","mobile":""},"google_fonts":[],"version":6}},"rttpg_featured_image_url":{"full":["https:\/\/www.umc.br\/noticias\/wp-content\/uploads\/2023\/01\/Nota-de-pesar.png",1362,1080,false],"landscape":["https:\/\/www.umc.br\/noticias\/wp-content\/uploads\/2023\/01\/Nota-de-pesar.png",1362,1080,false],"portraits":["https:\/\/www.umc.br\/noticias\/wp-content\/uploads\/2023\/01\/Nota-de-pesar.png",1362,1080,false],"thumbnail":["https:\/\/www.umc.br\/noticias\/wp-content\/uploads\/2023\/01\/Nota-de-pesar-150x150.png",150,150,true],"medium":["https:\/\/www.umc.br\/noticias\/wp-content\/uploads\/2023\/01\/Nota-de-pesar-300x238.png",300,238,true],"large":["https:\/\/www.umc.br\/noticias\/wp-content\/uploads\/2023\/01\/Nota-de-pesar-1024x812.png",1024,812,true],"1536x1536":["https:\/\/www.umc.br\/noticias\/wp-content\/uploads\/2023\/01\/Nota-de-pesar.png",1362,1080,false],"2048x2048":["https:\/\/www.umc.br\/noticias\/wp-content\/uploads\/2023\/01\/Nota-de-pesar.png",1362,1080,false],"tp-image-grid":["https:\/\/www.umc.br\/noticias\/wp-content\/uploads\/2023\/01\/Nota-de-pesar.png",700,555,false],"bdfe-large-thumb":["https:\/\/www.umc.br\/noticias\/wp-content\/uploads\/2023\/01\/Nota-de-pesar.png",600,476,false],"bdfe-hero-slider-thumb":["https:\/\/www.umc.br\/noticias\/wp-content\/uploads\/2023\/01\/Nota-de-pesar.png",818,649,false]},"rttpg_author":{"display_name":"Renato Nascimento","author_link":"https:\/\/www.umc.br\/noticias\/author\/renato\/"},"rttpg_comment":0,"rttpg_category":"<a href=\"https:\/\/www.umc.br\/noticias\/category\/noticias-umc\/\" rel=\"category tag\">Not\u00edcias UMC<\/a>","rttpg_excerpt":"\u00c9 com imenso pesar que a UMC comunica o falecimento do professor NELSON FONTANA MARGARIDO, 82 anos, no \u00faltimo dia 08 de janeiro de 2023. Graduado pela Faculdade de Medicina da Universidade de S\u00e3o Paulo (FMUSP), em 1966. Fez resid\u00eancia em cl\u00ednica cir\u00fargica no Hospital das Cl\u00ednicas da FMUSP. Durante os per\u00edodos de 1980 a&hellip;","_links":{"self":[{"href":"https:\/\/www.umc.br\/noticias\/wp-json\/wp\/v2\/posts\/7860","targetHints":{"allow":["GET"]}}],"collection":[{"href":"https:\/\/www.umc.br\/noticias\/wp-json\/wp\/v2\/posts"}],"about":[{"href":"https:\/\/www.umc.br\/noticias\/wp-json\/wp\/v2\/types\/post"}],"author":[{"embeddable":true,"href":"https:\/\/www.umc.br\/noticias\/wp-json\/wp\/v2\/users\/990015"}],"replies":[{"embeddable":true,"href":"https:\/\/www.umc.br\/noticias\/wp-json\/wp\/v2\/comments?post=7860"}],"version-history":[{"count":24,"href":"https:\/\/www.umc.br\/noticias\/wp-json\/wp\/v2\/posts\/7860\/revisions"}],"predecessor-version":[{"id":7917,"href":"https:\/\/www.umc.br\/noticias\/wp-json\/wp\/v2\/posts\/7860\/revisions\/7917"}],"wp:featuredmedia":[{"embeddable":true,"href":"https:\/\/www.umc.br\/noticias\/wp-json\/wp\/v2\/media\/7883"}],"wp:attachment":[{"href":"https:\/\/www.umc.br\/noticias\/wp-json\/wp\/v2\/media?parent=7860"}],"wp:term":[{"taxonomy":"category","embeddable":true,"href":"https:\/\/www.umc.br\/noticias\/wp-json\/wp\/v2\/categories?post=7860"},{"taxonomy":"post_tag","embeddable":true,"href":"https:\/\/www.umc.br\/noticias\/wp-json\/wp\/v2\/tags?post=7860"}],"curies":[{"name":"wp","href":"https:\/\/api.w.org\/{rel}","templated":true}]}}