{"id":7785,"date":"2022-12-13T19:58:23","date_gmt":"2022-12-13T19:58:23","guid":{"rendered":"https:\/\/www4.umc.br\/noticias\/?p=7785"},"modified":"2023-01-11T20:26:34","modified_gmt":"2023-01-11T20:26:34","slug":"policlinica-umc-recebe-maquina-a-laser-de-ultima-geracao-para-tratamentos-e-cirurgias-de-proctologia","status":"publish","type":"post","link":"https:\/\/www.umc.br\/noticias\/policlinica-umc-recebe-maquina-a-laser-de-ultima-geracao-para-tratamentos-e-cirurgias-de-proctologia\/","title":{"rendered":"Policl\u00ednica UMC recebe m\u00e1quina a laser de \u00faltima gera\u00e7\u00e3o para tratamentos e cirurgias de Proctologia"},"content":{"rendered":"\t\t<div data-elementor-type=\"wp-post\" data-elementor-id=\"7785\" class=\"elementor elementor-7785\" data-elementor-settings=\"{&quot;ha_cmc_init_switcher&quot;:&quot;no&quot;}\" data-elementor-post-type=\"post\">\n\t\t\t\t<div data-particle_enable=\"false\" data-particle-mobile-disabled=\"false\" class=\"elementor-element elementor-element-2bce88e e-flex e-con-boxed e-con e-parent\" data-id=\"2bce88e\" data-element_type=\"container\" data-e-type=\"container\" data-settings=\"{&quot;_ha_eqh_enable&quot;:false,&quot;ekit_has_onepagescroll_dot&quot;:&quot;yes&quot;}\">\n\t\t\t\t\t<div class=\"e-con-inner\">\n\t\t\t\t<div class=\"elementor-element elementor-element-a845e6c elementor-widget elementor-widget-text-editor\" data-id=\"a845e6c\" data-element_type=\"widget\" data-e-type=\"widget\" data-settings=\"{&quot;ekit_we_effect_on&quot;:&quot;none&quot;}\" data-widget_type=\"text-editor.default\">\n\t\t\t\t<div class=\"elementor-widget-container\">\n\t\t\t\t\t\t\t\t\t<p><em>O aparelho a laser com tecnologia CO2, permite procedimentos cir\u00fargicos com excelentes resultados nas \u00e1reas de coloproctologia, ginecologia e dermatologia<\/em><\/p>\t\t\t\t\t\t\t\t<\/div>\n\t\t\t\t<\/div>\n\t\t\t\t\t<\/div>\n\t\t\t\t<\/div>\n\t\t<div data-particle_enable=\"false\" data-particle-mobile-disabled=\"false\" class=\"elementor-element elementor-element-49f4769 e-flex e-con-boxed e-con e-parent\" data-id=\"49f4769\" data-element_type=\"container\" data-e-type=\"container\" data-settings=\"{&quot;_ha_eqh_enable&quot;:false,&quot;ekit_has_onepagescroll_dot&quot;:&quot;yes&quot;}\">\n\t\t\t\t\t<div class=\"e-con-inner\">\n\t\t\t\t<div class=\"elementor-element elementor-element-8934859 elementor-widget elementor-widget-text-editor\" data-id=\"8934859\" data-element_type=\"widget\" data-e-type=\"widget\" data-settings=\"{&quot;ekit_we_effect_on&quot;:&quot;none&quot;}\" data-widget_type=\"text-editor.default\">\n\t\t\t\t<div class=\"elementor-widget-container\">\n\t\t\t\t\t\t\t\t\t<p>A Policl\u00ednica da UMC recebeu um equipamento, de \u00faltima gera\u00e7\u00e3o, que ir\u00e1 atuar no aux\u00edlio de tratamentos e cirurgias nas \u00e1reas de coloproctologia, ginecologia e dermatologia. O aparelho a laser utiliza tecnologia baseada em CO2, que potencializa o tratamento com maior intensidade em menor tempo, sem causar les\u00f5es perif\u00e9ricas em onde \u00e9 aplicado.<\/p><p>Para o Coordenador da Policl\u00ednica da UMC, Dr. Melquiades Portela, este equipamento trar\u00e1 muitos benef\u00edcios aos pacientes. \u201cIsso porque ele permite tratamentos com excelentes resultados, atrav\u00e9s de um m\u00e9todo minimamente invasivo, sendo amplamente utilizado nas \u00e1reas de coloproctologia, ginecologia e dermatologia. Al\u00e9m disso, permite uma experi\u00eancia moderna e enriquecedora, de \u00faltima gera\u00e7\u00e3o para o aprendizado dos alunos do curso de medicina\u201d, explica Dr. Melquiades.<\/p><p>Denominada como tecnologia de radiofrequ\u00eancia, conhecida como \u2018ultrapulsed\u2019, o equipamento utiliza scanners e ferramentas de precis\u00e3o e atualmente \u00e9 usado em 6% dos procedimentos no pa\u00eds. Segundo o professor da disciplina de coloproctologia Dr. Carlos Mateus Rotta, um dos proctologistas mais respeitados do Brasil, essa \u00e9 uma oportunidade \u00fanica, tanto para os alunos que aprender\u00e3o uma t\u00e9cnica ultramoderna, quanto para os pacientes que ser\u00e3o atendidos com o melhor da medicina de proctologia\u201d. O m\u00e9dico lembra que o equipamento j\u00e1 est\u00e1 \u00e0 disposi\u00e7\u00e3o para os tratamentos dos pacientes.<\/p><p>A Policl\u00ednica da UMC realiza atendimentos em parceria com a Secretaria de Sa\u00fade de Mogi das Cruzes, que s\u00e3o encaminhados dos Postos de Sa\u00fade do munic\u00edpio. Para mais informa\u00e7\u00f5es ligue: 4728. 5383 de segunda a sexta-feira das 8h \u00e0s 17h.<\/p>\t\t\t\t\t\t\t\t<\/div>\n\t\t\t\t<\/div>\n\t\t\t\t\t<\/div>\n\t\t\t\t<\/div>\n\t\t<div data-particle_enable=\"false\" data-particle-mobile-disabled=\"false\" class=\"elementor-element elementor-element-0232370 e-flex e-con-boxed e-con e-parent\" data-id=\"0232370\" data-element_type=\"container\" data-e-type=\"container\" data-settings=\"{&quot;_ha_eqh_enable&quot;:false,&quot;ekit_has_onepagescroll_dot&quot;:&quot;yes&quot;}\">\n\t\t\t\t\t<div class=\"e-con-inner\">\n\t\t\t\t<div class=\"elementor-element elementor-element-1b08653 elementor-arrows-position-inside elementor-pagination-position-outside elementor-widget elementor-widget-image-carousel\" data-id=\"1b08653\" data-element_type=\"widget\" data-e-type=\"widget\" data-settings=\"{&quot;slides_to_show&quot;:&quot;1&quot;,&quot;navigation&quot;:&quot;both&quot;,&quot;autoplay&quot;:&quot;yes&quot;,&quot;pause_on_hover&quot;:&quot;yes&quot;,&quot;pause_on_interaction&quot;:&quot;yes&quot;,&quot;autoplay_speed&quot;:5000,&quot;infinite&quot;:&quot;yes&quot;,&quot;effect&quot;:&quot;slide&quot;,&quot;speed&quot;:500,&quot;ekit_we_effect_on&quot;:&quot;none&quot;}\" data-widget_type=\"image-carousel.default\">\n\t\t\t\t<div class=\"elementor-widget-container\">\n\t\t\t\t\t\t\t<div class=\"elementor-image-carousel-wrapper swiper\" role=\"region\" aria-roledescription=\"carousel\" aria-label=\"Carrossel de imagens\" dir=\"ltr\">\n\t\t\t<div class=\"elementor-image-carousel swiper-wrapper\" aria-live=\"off\">\n\t\t\t\t\t\t\t\t<div class=\"swiper-slide\" role=\"group\" aria-roledescription=\"slide\" aria-label=\"1 de 1\"><figure class=\"swiper-slide-inner\"><img decoding=\"async\" class=\"swiper-slide-image\" src=\"https:\/\/www.umc.br\/noticias\/wp-content\/uploads\/2022\/12\/WhatsApp-Image-2022-12-13-at-13.47.57.jpeg\" alt=\"WhatsApp Image 2022-12-13 at 13.47.57\" \/><\/figure><\/div>\t\t\t<\/div>\n\t\t\t\t\t<\/div>\n\t\t\t\t\t\t<\/div>\n\t\t\t\t<\/div>\n\t\t\t\t\t<\/div>\n\t\t\t\t<\/div>\n\t\t\t\t<\/div>\n\t\t","protected":false},"excerpt":{"rendered":"<p>O aparelho a laser com tecnologia CO2, permite procedimentos cir\u00fargicos com excelentes resultados nas \u00e1reas de coloproctologia, ginecologia e dermatologia A Policl\u00ednica da UMC recebeu um equipamento, de \u00faltima gera\u00e7\u00e3o, que ir\u00e1 atuar no aux\u00edlio de tratamentos e cirurgias nas \u00e1reas de coloproctologia, ginecologia e dermatologia. O aparelho a laser utiliza tecnologia baseada em CO2, [&hellip;]<\/p>\n","protected":false},"author":990015,"featured_media":7788,"comment_status":"open","ping_status":"open","sticky":false,"template":"","format":"standard","meta":{"_eb_attr":"","footnotes":""},"categories":[1],"tags":[],"class_list":["post-7785","post","type-post","status-publish","format-standard","has-post-thumbnail","hentry","category-noticias-umc"],"blocksy_meta":{"styles_descriptor":{"styles":{"desktop":"","tablet":"","mobile":""},"google_fonts":[],"version":6}},"rttpg_featured_image_url":{"full":["https:\/\/www.umc.br\/noticias\/wp-content\/uploads\/2022\/12\/WhatsApp-Image-2022-12-13-at-10.51.02.jpeg",1280,853,false],"landscape":["https:\/\/www.umc.br\/noticias\/wp-content\/uploads\/2022\/12\/WhatsApp-Image-2022-12-13-at-10.51.02.jpeg",1280,853,false],"portraits":["https:\/\/www.umc.br\/noticias\/wp-content\/uploads\/2022\/12\/WhatsApp-Image-2022-12-13-at-10.51.02.jpeg",1280,853,false],"thumbnail":["https:\/\/www.umc.br\/noticias\/wp-content\/uploads\/2022\/12\/WhatsApp-Image-2022-12-13-at-10.51.02-150x150.jpeg",150,150,true],"medium":["https:\/\/www.umc.br\/noticias\/wp-content\/uploads\/2022\/12\/WhatsApp-Image-2022-12-13-at-10.51.02-300x200.jpeg",300,200,true],"large":["https:\/\/www.umc.br\/noticias\/wp-content\/uploads\/2022\/12\/WhatsApp-Image-2022-12-13-at-10.51.02-1024x682.jpeg",1024,682,true],"1536x1536":["https:\/\/www.umc.br\/noticias\/wp-content\/uploads\/2022\/12\/WhatsApp-Image-2022-12-13-at-10.51.02.jpeg",1280,853,false],"2048x2048":["https:\/\/www.umc.br\/noticias\/wp-content\/uploads\/2022\/12\/WhatsApp-Image-2022-12-13-at-10.51.02.jpeg",1280,853,false],"tp-image-grid":["https:\/\/www.umc.br\/noticias\/wp-content\/uploads\/2022\/12\/WhatsApp-Image-2022-12-13-at-10.51.02.jpeg",700,466,false],"bdfe-large-thumb":["https:\/\/www.umc.br\/noticias\/wp-content\/uploads\/2022\/12\/WhatsApp-Image-2022-12-13-at-10.51.02.jpeg",600,400,false],"bdfe-hero-slider-thumb":["https:\/\/www.umc.br\/noticias\/wp-content\/uploads\/2022\/12\/WhatsApp-Image-2022-12-13-at-10.51.02.jpeg",974,649,false]},"rttpg_author":{"display_name":"Renato Nascimento","author_link":"https:\/\/www.umc.br\/noticias\/author\/renato\/"},"rttpg_comment":0,"rttpg_category":"<a href=\"https:\/\/www.umc.br\/noticias\/category\/noticias-umc\/\" rel=\"category tag\">Not\u00edcias UMC<\/a>","rttpg_excerpt":"O aparelho a laser com tecnologia CO2, permite procedimentos cir\u00fargicos com excelentes resultados nas \u00e1reas de coloproctologia, ginecologia e dermatologia A Policl\u00ednica da UMC recebeu um equipamento, de \u00faltima gera\u00e7\u00e3o, que ir\u00e1 atuar no aux\u00edlio de tratamentos e cirurgias nas \u00e1reas de coloproctologia, ginecologia e dermatologia. O aparelho a laser utiliza tecnologia baseada em CO2,&hellip;","_links":{"self":[{"href":"https:\/\/www.umc.br\/noticias\/wp-json\/wp\/v2\/posts\/7785","targetHints":{"allow":["GET"]}}],"collection":[{"href":"https:\/\/www.umc.br\/noticias\/wp-json\/wp\/v2\/posts"}],"about":[{"href":"https:\/\/www.umc.br\/noticias\/wp-json\/wp\/v2\/types\/post"}],"author":[{"embeddable":true,"href":"https:\/\/www.umc.br\/noticias\/wp-json\/wp\/v2\/users\/990015"}],"replies":[{"embeddable":true,"href":"https:\/\/www.umc.br\/noticias\/wp-json\/wp\/v2\/comments?post=7785"}],"version-history":[{"count":7,"href":"https:\/\/www.umc.br\/noticias\/wp-json\/wp\/v2\/posts\/7785\/revisions"}],"predecessor-version":[{"id":7919,"href":"https:\/\/www.umc.br\/noticias\/wp-json\/wp\/v2\/posts\/7785\/revisions\/7919"}],"wp:featuredmedia":[{"embeddable":true,"href":"https:\/\/www.umc.br\/noticias\/wp-json\/wp\/v2\/media\/7788"}],"wp:attachment":[{"href":"https:\/\/www.umc.br\/noticias\/wp-json\/wp\/v2\/media?parent=7785"}],"wp:term":[{"taxonomy":"category","embeddable":true,"href":"https:\/\/www.umc.br\/noticias\/wp-json\/wp\/v2\/categories?post=7785"},{"taxonomy":"post_tag","embeddable":true,"href":"https:\/\/www.umc.br\/noticias\/wp-json\/wp\/v2\/tags?post=7785"}],"curies":[{"name":"wp","href":"https:\/\/api.w.org\/{rel}","templated":true}]}}