{"id":7569,"date":"2022-10-18T20:31:16","date_gmt":"2022-10-18T20:31:16","guid":{"rendered":"https:\/\/www4.umc.br\/noticias\/?p=7569"},"modified":"2022-10-19T17:16:33","modified_gmt":"2022-10-19T17:16:33","slug":"secretario-de-saude-de-sp-abre-42a-edicao-do-comumc-da-umc","status":"publish","type":"post","link":"https:\/\/www.umc.br\/noticias\/secretario-de-saude-de-sp-abre-42a-edicao-do-comumc-da-umc\/","title":{"rendered":"Secret\u00e1rio de Sa\u00fade de SP abre 42\u00aa edi\u00e7\u00e3o do COMUMC da UMC"},"content":{"rendered":"\t\t<div data-elementor-type=\"wp-post\" data-elementor-id=\"7569\" class=\"elementor elementor-7569\" data-elementor-settings=\"{&quot;ha_cmc_init_switcher&quot;:&quot;no&quot;}\" data-elementor-post-type=\"post\">\n\t\t\t\t<div data-particle_enable=\"false\" data-particle-mobile-disabled=\"false\" class=\"elementor-element elementor-element-89c4268 e-flex e-con-boxed e-con e-parent\" data-id=\"89c4268\" data-element_type=\"container\" data-e-type=\"container\" data-settings=\"{&quot;_ha_eqh_enable&quot;:false,&quot;ekit_has_onepagescroll_dot&quot;:&quot;yes&quot;}\">\n\t\t\t\t\t<div class=\"e-con-inner\">\n\t\t\t\t<div class=\"elementor-element elementor-element-d22f292 elementor-widget__width-initial elementor-widget elementor-widget-heading\" data-id=\"d22f292\" data-element_type=\"widget\" data-e-type=\"widget\" data-settings=\"{&quot;ekit_we_effect_on&quot;:&quot;none&quot;}\" data-widget_type=\"heading.default\">\n\t\t\t\t<div class=\"elementor-widget-container\">\n\t\t\t\t\t<h2 class=\"elementor-heading-title elementor-size-medium\"><p><i><span style=\",sans-serif;color:#0D0D0D\">Jean Gorinchteyn debateu sobre os desafios da profiss\u00e3o no exerc\u00edcio da medicina.<\/span><\/i><span style=\"color: var(--heading-color, var(--heading-2-color, var(--headings-color)));font-family: var(--fontFamily);font-size: var(--fontSize);font-style: var(--fontStyle, inherit);font-weight: var(--fontWeight);letter-spacing: var(--letterSpacing);text-align: inherit;text-transform: var(--textTransform);background-color: var(--theme-palette-color-7)\"><\/span><\/p><\/h2>\t\t\t\t<\/div>\n\t\t\t\t<\/div>\n\t\t\t\t\t<\/div>\n\t\t\t\t<\/div>\n\t\t<div data-particle_enable=\"false\" data-particle-mobile-disabled=\"false\" class=\"elementor-element elementor-element-1866401 e-flex e-con-boxed e-con e-parent\" data-id=\"1866401\" data-element_type=\"container\" data-e-type=\"container\" data-settings=\"{&quot;_ha_eqh_enable&quot;:false,&quot;ekit_has_onepagescroll_dot&quot;:&quot;yes&quot;}\">\n\t\t\t\t\t<div class=\"e-con-inner\">\n\t\t\t\t<div class=\"elementor-element elementor-element-0163d8c elementor-widget elementor-widget-image\" data-id=\"0163d8c\" data-element_type=\"widget\" data-e-type=\"widget\" data-settings=\"{&quot;ekit_we_effect_on&quot;:&quot;none&quot;}\" data-widget_type=\"image.default\">\n\t\t\t\t<div class=\"elementor-widget-container\">\n\t\t\t\t\t\t\t\t\t\t\t\t\t\t\t<img fetchpriority=\"high\" decoding=\"async\" width=\"1024\" height=\"799\" src=\"https:\/\/www.umc.br\/noticias\/wp-content\/uploads\/2022\/10\/03-1-1024x799.jpg\" class=\"attachment-large size-large wp-image-7571\" alt=\"\" srcset=\"https:\/\/www.umc.br\/noticias\/wp-content\/uploads\/2022\/10\/03-1-1024x799.jpg 1024w, https:\/\/www.umc.br\/noticias\/wp-content\/uploads\/2022\/10\/03-1-300x234.jpg 300w, https:\/\/www.umc.br\/noticias\/wp-content\/uploads\/2022\/10\/03-1-768x599.jpg 768w, https:\/\/www.umc.br\/noticias\/wp-content\/uploads\/2022\/10\/03-1-600x468.jpg 600w, https:\/\/www.umc.br\/noticias\/wp-content\/uploads\/2022\/10\/03-1-832x649.jpg 832w, https:\/\/www.umc.br\/noticias\/wp-content\/uploads\/2022\/10\/03-1.jpg 1263w\" sizes=\"(max-width: 1024px) 100vw, 1024px\" \/>\t\t\t\t\t\t\t\t\t\t\t\t\t\t\t<\/div>\n\t\t\t\t<\/div>\n\t\t\t\t<div class=\"elementor-element elementor-element-251cdc2 elementor-widget elementor-widget-text-editor\" data-id=\"251cdc2\" data-element_type=\"widget\" data-e-type=\"widget\" data-settings=\"{&quot;ekit_we_effect_on&quot;:&quot;none&quot;}\" data-widget_type=\"text-editor.default\">\n\t\t\t\t<div class=\"elementor-widget-container\">\n\t\t\t\t\t\t\t\t\t<p>No dia (17\/10), segunda-feira, foi aberta a 42\u00aa edi\u00e7\u00e3o do COMUMC (Congresso M\u00e9dico Universit\u00e1rio de Mogi das Cruzes) com objetivo de debater temas da \u00e1rea m\u00e9dica com profissionais, dirigentes e expoentes da medicina. A abertura do evento foi realizada pelo Secret\u00e1rio de Sa\u00fade do Estado de SP, Jean Gorinchteyn.<\/p><p>Mais de 200 participantes (alunos e inscritos) participam das atividades que se estendem at\u00e9 o dia 20\/10. Este ano, o evento volta para sua realiza\u00e7\u00e3o presencial e conta com a participa\u00e7\u00e3o de profissionais expoentes que se graduaram na Universidade. O Secret\u00e1rio de Sa\u00fade Estadual de SP \u00e9 um desses exemplos de sucesso.<\/p><p>\u201cSempre que tenho espa\u00e7o em minha agenda, gosto de retornar a UMC, local de minha forma\u00e7\u00e3o, na qual lecionei at\u00e9 2020 e tenho muito carinho por todos\u201d. Para ele manter a rela\u00e7\u00e3o de mestre-aluno com os acad\u00eamicos \u00e9 muito v\u00e1lida, pois seus conhecimentos t\u00e9cnicos e experi\u00eancia junto \u00e0 popula\u00e7\u00e3o faz com que os alunos se tornem cada vez mais alinhados ao objetivo principal da medicina: que \u00e9 salvar vidas.<\/p><p>Segundo Coordenador do Curso de Medicina Dr. Henrique Naufel, ele relata em tom de felicidade, ter tido a oportunidade de participar desde a primeira edi\u00e7\u00e3o do Congresso da COMUMC. &#8220;Este evento envolve todo o curso de medicina, trazendo o que h\u00e1 de melhor na atualidade e para o futuro dos alunos. Este ano \u00e9 uma edi\u00e7\u00e3o especial, devido todos os palestrantes serem ex-alunos do Curso de Gradua\u00e7\u00e3o em Medicina na UMC, o que nos enche de orgulho. Parabenizo a organiza\u00e7\u00e3o do evento e a UMC que sempre prestou assist\u00eancia e apoio em todas as iniciativas de cunho cient\u00edfico que a Medicina prop\u00f5e!&#8221;, afirma o coordenador do curso.<\/p><p>A <a href=\"https:\/\/www.even3.com.br\/comumc42\/\">programa\u00e7\u00e3o<\/a> do Congresso continua, na qual dia 19 \u00e0s 11h30 acontecer\u00e1 uma palestra com o Dr. Ricardo Adala (Radiologista) e no dia 20 uma mesa redonda, contendo a participa\u00e7\u00e3o do Dr. Marcel Fruschein (Ortopedista), Dr. Fernando Russo (Ortopedista) e Dr. Julio Stancati (M\u00e9dico Esportivo), N\u00e3o deixem de participar e prestigiar esse evento.<\/p>\t\t\t\t\t\t\t\t<\/div>\n\t\t\t\t<\/div>\n\t\t\t\t<div class=\"elementor-element elementor-element-28bad72 elementor-widget elementor-widget-image\" data-id=\"28bad72\" data-element_type=\"widget\" data-e-type=\"widget\" data-settings=\"{&quot;ekit_we_effect_on&quot;:&quot;none&quot;}\" data-widget_type=\"image.default\">\n\t\t\t\t<div class=\"elementor-widget-container\">\n\t\t\t\t\t\t\t\t\t\t\t\t\t\t\t<img decoding=\"async\" width=\"1024\" height=\"752\" src=\"https:\/\/www.umc.br\/noticias\/wp-content\/uploads\/2022\/10\/10-1024x752.jpg\" class=\"attachment-large size-large wp-image-7572\" alt=\"\" srcset=\"https:\/\/www.umc.br\/noticias\/wp-content\/uploads\/2022\/10\/10-1024x752.jpg 1024w, https:\/\/www.umc.br\/noticias\/wp-content\/uploads\/2022\/10\/10-300x220.jpg 300w, https:\/\/www.umc.br\/noticias\/wp-content\/uploads\/2022\/10\/10-768x564.jpg 768w, https:\/\/www.umc.br\/noticias\/wp-content\/uploads\/2022\/10\/10-600x440.jpg 600w, https:\/\/www.umc.br\/noticias\/wp-content\/uploads\/2022\/10\/10-884x649.jpg 884w, https:\/\/www.umc.br\/noticias\/wp-content\/uploads\/2022\/10\/10.jpg 1319w\" sizes=\"(max-width: 1024px) 100vw, 1024px\" \/>\t\t\t\t\t\t\t\t\t\t\t\t\t\t\t<\/div>\n\t\t\t\t<\/div>\n\t\t\t\t\t<\/div>\n\t\t\t\t<\/div>\n\t\t\t\t<\/div>\n\t\t","protected":false},"excerpt":{"rendered":"<p>Jean Gorinchteyn debateu sobre os desafios da profiss\u00e3o no exerc\u00edcio da medicina. No dia (17\/10), segunda-feira, foi aberta a 42\u00aa edi\u00e7\u00e3o do COMUMC (Congresso M\u00e9dico Universit\u00e1rio de Mogi das Cruzes) com objetivo de debater temas da \u00e1rea m\u00e9dica com profissionais, dirigentes e expoentes da medicina. A abertura do evento foi realizada pelo Secret\u00e1rio de Sa\u00fade [&hellip;]<\/p>\n","protected":false},"author":990015,"featured_media":7571,"comment_status":"open","ping_status":"open","sticky":false,"template":"","format":"standard","meta":{"_eb_attr":"","footnotes":""},"categories":[1],"tags":[],"class_list":["post-7569","post","type-post","status-publish","format-standard","has-post-thumbnail","hentry","category-noticias-umc"],"blocksy_meta":{"styles_descriptor":{"styles":{"desktop":"","tablet":"","mobile":""},"google_fonts":[],"version":6}},"rttpg_featured_image_url":{"full":["https:\/\/www.umc.br\/noticias\/wp-content\/uploads\/2022\/10\/03-1.jpg",1263,985,false],"landscape":["https:\/\/www.umc.br\/noticias\/wp-content\/uploads\/2022\/10\/03-1.jpg",1263,985,false],"portraits":["https:\/\/www.umc.br\/noticias\/wp-content\/uploads\/2022\/10\/03-1.jpg",1263,985,false],"thumbnail":["https:\/\/www.umc.br\/noticias\/wp-content\/uploads\/2022\/10\/03-1-150x150.jpg",150,150,true],"medium":["https:\/\/www.umc.br\/noticias\/wp-content\/uploads\/2022\/10\/03-1-300x234.jpg",300,234,true],"large":["https:\/\/www.umc.br\/noticias\/wp-content\/uploads\/2022\/10\/03-1-1024x799.jpg",1024,799,true],"1536x1536":["https:\/\/www.umc.br\/noticias\/wp-content\/uploads\/2022\/10\/03-1.jpg",1263,985,false],"2048x2048":["https:\/\/www.umc.br\/noticias\/wp-content\/uploads\/2022\/10\/03-1.jpg",1263,985,false],"tp-image-grid":["https:\/\/www.umc.br\/noticias\/wp-content\/uploads\/2022\/10\/03-1-700x700.jpg",700,700,true],"bdfe-large-thumb":["https:\/\/www.umc.br\/noticias\/wp-content\/uploads\/2022\/10\/03-1-600x468.jpg",600,468,true],"bdfe-hero-slider-thumb":["https:\/\/www.umc.br\/noticias\/wp-content\/uploads\/2022\/10\/03-1-832x649.jpg",832,649,true]},"rttpg_author":{"display_name":"Renato Nascimento","author_link":"https:\/\/www.umc.br\/noticias\/author\/renato\/"},"rttpg_comment":0,"rttpg_category":"<a href=\"https:\/\/www.umc.br\/noticias\/category\/noticias-umc\/\" rel=\"category tag\">Not\u00edcias UMC<\/a>","rttpg_excerpt":"Jean Gorinchteyn debateu sobre os desafios da profiss\u00e3o no exerc\u00edcio da medicina. No dia (17\/10), segunda-feira, foi aberta a 42\u00aa edi\u00e7\u00e3o do COMUMC (Congresso M\u00e9dico Universit\u00e1rio de Mogi das Cruzes) com objetivo de debater temas da \u00e1rea m\u00e9dica com profissionais, dirigentes e expoentes da medicina. A abertura do evento foi realizada pelo Secret\u00e1rio de Sa\u00fade&hellip;","_links":{"self":[{"href":"https:\/\/www.umc.br\/noticias\/wp-json\/wp\/v2\/posts\/7569","targetHints":{"allow":["GET"]}}],"collection":[{"href":"https:\/\/www.umc.br\/noticias\/wp-json\/wp\/v2\/posts"}],"about":[{"href":"https:\/\/www.umc.br\/noticias\/wp-json\/wp\/v2\/types\/post"}],"author":[{"embeddable":true,"href":"https:\/\/www.umc.br\/noticias\/wp-json\/wp\/v2\/users\/990015"}],"replies":[{"embeddable":true,"href":"https:\/\/www.umc.br\/noticias\/wp-json\/wp\/v2\/comments?post=7569"}],"version-history":[{"count":25,"href":"https:\/\/www.umc.br\/noticias\/wp-json\/wp\/v2\/posts\/7569\/revisions"}],"predecessor-version":[{"id":7598,"href":"https:\/\/www.umc.br\/noticias\/wp-json\/wp\/v2\/posts\/7569\/revisions\/7598"}],"wp:featuredmedia":[{"embeddable":true,"href":"https:\/\/www.umc.br\/noticias\/wp-json\/wp\/v2\/media\/7571"}],"wp:attachment":[{"href":"https:\/\/www.umc.br\/noticias\/wp-json\/wp\/v2\/media?parent=7569"}],"wp:term":[{"taxonomy":"category","embeddable":true,"href":"https:\/\/www.umc.br\/noticias\/wp-json\/wp\/v2\/categories?post=7569"},{"taxonomy":"post_tag","embeddable":true,"href":"https:\/\/www.umc.br\/noticias\/wp-json\/wp\/v2\/tags?post=7569"}],"curies":[{"name":"wp","href":"https:\/\/api.w.org\/{rel}","templated":true}]}}