{"id":5889,"date":"2022-05-06T15:51:39","date_gmt":"2022-05-06T15:51:39","guid":{"rendered":"https:\/\/www4.umc.br\/noticias\/?p=5889"},"modified":"2022-08-18T19:27:40","modified_gmt":"2022-08-18T19:27:40","slug":"maes-e-alunas-da-umc-explicam-os-desafios-de-voltar-a-estudar-depois-de-ter-filhos","status":"publish","type":"post","link":"https:\/\/www.umc.br\/noticias\/maes-e-alunas-da-umc-explicam-os-desafios-de-voltar-a-estudar-depois-de-ter-filhos\/","title":{"rendered":"M\u00e3es e alunas da UMC explicam os desafios de voltar a estudar depois de ter filhos"},"content":{"rendered":"\t\t<div data-elementor-type=\"wp-post\" data-elementor-id=\"5889\" class=\"elementor elementor-5889\" data-elementor-settings=\"{&quot;ha_cmc_init_switcher&quot;:&quot;no&quot;}\" data-elementor-post-type=\"post\">\n\t\t\t\t\t\t<section data-particle_enable=\"false\" data-particle-mobile-disabled=\"false\" class=\"elementor-section elementor-top-section elementor-element elementor-element-c8d9bec elementor-section-boxed elementor-section-height-default elementor-section-height-default\" data-id=\"c8d9bec\" data-element_type=\"section\" data-e-type=\"section\" data-settings=\"{&quot;_ha_eqh_enable&quot;:false,&quot;ekit_has_onepagescroll_dot&quot;:&quot;yes&quot;}\">\n\t\t\t\t\t\t<div class=\"elementor-container elementor-column-gap-default\">\n\t\t\t\t\t<div class=\"elementor-column elementor-col-50 elementor-top-column elementor-element elementor-element-b49fc57\" data-id=\"b49fc57\" data-element_type=\"column\" data-e-type=\"column\">\n\t\t\t<div class=\"elementor-widget-wrap elementor-element-populated\">\n\t\t\t\t\t\t<div class=\"elementor-element elementor-element-7664d2a elementor-widget elementor-widget-image\" data-id=\"7664d2a\" data-element_type=\"widget\" data-e-type=\"widget\" data-settings=\"{&quot;ekit_we_effect_on&quot;:&quot;none&quot;}\" data-widget_type=\"image.default\">\n\t\t\t\t<div class=\"elementor-widget-container\">\n\t\t\t\t\t\t\t\t\t\t\t\t\t\t\t<img fetchpriority=\"high\" decoding=\"async\" width=\"990\" height=\"990\" src=\"https:\/\/www.umc.br\/noticias\/wp-content\/uploads\/2022\/05\/Artboard-2.png\" class=\"attachment-large size-large wp-image-5899\" alt=\"\" srcset=\"https:\/\/www.umc.br\/noticias\/wp-content\/uploads\/2022\/05\/Artboard-2.png 990w, https:\/\/www.umc.br\/noticias\/wp-content\/uploads\/2022\/05\/Artboard-2-300x300.png 300w, https:\/\/www.umc.br\/noticias\/wp-content\/uploads\/2022\/05\/Artboard-2-150x150.png 150w, https:\/\/www.umc.br\/noticias\/wp-content\/uploads\/2022\/05\/Artboard-2-768x768.png 768w, https:\/\/www.umc.br\/noticias\/wp-content\/uploads\/2022\/05\/Artboard-2-700x700.png 700w\" sizes=\"(max-width: 990px) 100vw, 990px\" \/>\t\t\t\t\t\t\t\t\t\t\t\t\t\t\t<\/div>\n\t\t\t\t<\/div>\n\t\t\t\t\t<\/div>\n\t\t<\/div>\n\t\t\t\t<div class=\"elementor-column elementor-col-50 elementor-top-column elementor-element elementor-element-933933d\" data-id=\"933933d\" data-element_type=\"column\" data-e-type=\"column\">\n\t\t\t<div class=\"elementor-widget-wrap elementor-element-populated\">\n\t\t\t\t\t\t<div class=\"elementor-element elementor-element-c28d5ac elementor-widget elementor-widget-image\" data-id=\"c28d5ac\" data-element_type=\"widget\" data-e-type=\"widget\" data-settings=\"{&quot;ekit_we_effect_on&quot;:&quot;none&quot;}\" data-widget_type=\"image.default\">\n\t\t\t\t<div class=\"elementor-widget-container\">\n\t\t\t\t\t\t\t\t\t\t\t\t\t\t\t<img decoding=\"async\" width=\"990\" height=\"990\" src=\"https:\/\/www.umc.br\/noticias\/wp-content\/uploads\/2022\/05\/Artboard-1.png\" class=\"attachment-large size-large wp-image-5898\" alt=\"\" srcset=\"https:\/\/www.umc.br\/noticias\/wp-content\/uploads\/2022\/05\/Artboard-1.png 990w, https:\/\/www.umc.br\/noticias\/wp-content\/uploads\/2022\/05\/Artboard-1-300x300.png 300w, https:\/\/www.umc.br\/noticias\/wp-content\/uploads\/2022\/05\/Artboard-1-150x150.png 150w, https:\/\/www.umc.br\/noticias\/wp-content\/uploads\/2022\/05\/Artboard-1-768x768.png 768w, https:\/\/www.umc.br\/noticias\/wp-content\/uploads\/2022\/05\/Artboard-1-700x700.png 700w\" sizes=\"(max-width: 990px) 100vw, 990px\" \/>\t\t\t\t\t\t\t\t\t\t\t\t\t\t\t<\/div>\n\t\t\t\t<\/div>\n\t\t\t\t\t<\/div>\n\t\t<\/div>\n\t\t\t\t\t<\/div>\n\t\t<\/section>\n\t\t\t\t<section data-particle_enable=\"false\" data-particle-mobile-disabled=\"false\" class=\"elementor-section elementor-top-section elementor-element elementor-element-ebc5138 elementor-section-boxed elementor-section-height-default elementor-section-height-default\" data-id=\"ebc5138\" data-element_type=\"section\" data-e-type=\"section\" data-settings=\"{&quot;_ha_eqh_enable&quot;:false,&quot;ekit_has_onepagescroll_dot&quot;:&quot;yes&quot;}\">\n\t\t\t\t\t\t<div class=\"elementor-container elementor-column-gap-default\">\n\t\t\t\t\t<div class=\"elementor-column elementor-col-100 elementor-top-column elementor-element elementor-element-689c2e4\" data-id=\"689c2e4\" data-element_type=\"column\" data-e-type=\"column\">\n\t\t\t<div class=\"elementor-widget-wrap elementor-element-populated\">\n\t\t\t\t\t\t<div class=\"elementor-element elementor-element-586cd96 elementor-widget elementor-widget-text-editor\" data-id=\"586cd96\" data-element_type=\"widget\" data-e-type=\"widget\" data-settings=\"{&quot;ekit_we_effect_on&quot;:&quot;none&quot;}\" data-widget_type=\"text-editor.default\">\n\t\t\t\t<div class=\"elementor-widget-container\">\n\t\t\t\t\t\t\t\t\t<p><em><strong>Segundo elas, criar uma rotina \u00e9 fundamental para conciliar a maternidade e a vida acad\u00eamica.<\/strong><\/em><\/p><p>Come\u00e7ar uma gradua\u00e7\u00e3o depois de ter um filho pode parecer uma tarefa desafiadora. Afinal, quem embarca nessa jornada precisa administrar muito bem o seu tempo para dar conta do trabalho, estudos e dos filhos. Na UMC, v\u00e1rias alunas provam diariamente essa tarefa \u00e9 poss\u00edvel. Na universidade, as mam\u00e3es estudantes recebem todo o apoio necess\u00e1rio para se desenvolverem cada vez mais.<\/p><p>Karem Oliveira, aluna de Arquitetura e Urbanismo da UMC, conta que deu \u00e0 luz a sua filha, Alice, quando tinha apenas 17 anos. Naquela \u00e9poca, ela nem imaginava que poderia realizar o sonho de ingressar em uma universidade, principalmente por conta das responsabilidades que enfrentava pela primeira vez.<\/p><p>Depois de tr\u00eas anos, Karem decidiu encarar o desafio de dividir seu tempo entre o trabalho, a maternidade e o t\u00e3o sonhado curso de Arquitetura. \u201cEu tinha a consci\u00eancia de que estava estudando para garantir um futuro melhor para a minha filha. Ela sempre foi a minha grande motiva\u00e7\u00e3o\u201d, afirma Karem.<\/p><p>O curso de Arquitetura e Urbanismo da UMC, escolhido por Karem, forma profissionais aptos para projetar e organizar espa\u00e7os internos e externos. Karem, \u00e9 apaixonada pelo curso e mant\u00e9m o foco nos estudos para se tornar uma excelente profissional.<\/p><p>\u201cMe organizo muito bem para dar conta de tudo. Dedico uma parte do meu final de semana para estudar e no restante do dia a aten\u00e7\u00e3o \u00e9 para a minha filha. Penso que independentemente de qualquer dificuldade, temos algo que nos motiva: nossos filhos. \u00c9 sempre por eles e para eles\u201d, conta a m\u00e3e com determina\u00e7\u00e3o.<\/p><p>Ali\u00e1s, determina\u00e7\u00e3o \u00e9 a palavra que reflete o esp\u00edrito das mam\u00e3es estudantes. A advogada Silvana Ferreira, desde 2021 \u00e9 mestranda na UMC em Pol\u00edticas P\u00fablicas, ela sempre sonhou em ser m\u00e3e. Ap\u00f3s v\u00e1rias tentativas de engravidar, quando tinha 37 anos, recebeu a not\u00edcia t\u00e3o aguardada: o pequeno Jo\u00e3o estava a caminho!<\/p><p>\u201cMesmo depois de ter um filho, meu sonho de fazer o mestrado permaneceu intacto. Fui aceita pela orientadora e realizei meu sonho inf\u00e2ncia: estudar na universidade da cidade em que eu nasci\u201d. Ela explica que o segredo para ter \u00eaxito em todas as tarefas est\u00e1 na organiza\u00e7\u00e3o de sua rotina.<\/p><p>A UMC tem orgulho de fazer parte da hist\u00f3ria dessas m\u00e3es e atrav\u00e9s delas homenageia todas as mulheres que lutam diariamente para alcan\u00e7ar os seus sonhos. A desafiadora tarefa de conciliar a profiss\u00e3o, casa e maternidade \u00e9 a prova da for\u00e7a que uma m\u00e3e \u00e9 capaz de ter.<\/p>\t\t\t\t\t\t\t\t<\/div>\n\t\t\t\t<\/div>\n\t\t\t\t\t<\/div>\n\t\t<\/div>\n\t\t\t\t\t<\/div>\n\t\t<\/section>\n\t\t\t\t<\/div>\n\t\t","protected":false},"excerpt":{"rendered":"<p>Segundo elas, criar uma rotina \u00e9 fundamental para conciliar a maternidade e a vida acad\u00eamica. Come\u00e7ar uma gradua\u00e7\u00e3o depois de ter um filho pode parecer uma tarefa desafiadora. Afinal, quem embarca nessa jornada precisa administrar muito bem o seu tempo para dar conta do trabalho, estudos e dos filhos. Na UMC, v\u00e1rias alunas provam diariamente [&hellip;]<\/p>\n","protected":false},"author":990015,"featured_media":7333,"comment_status":"open","ping_status":"open","sticky":false,"template":"","format":"standard","meta":{"_eb_attr":"","footnotes":""},"categories":[1],"tags":[],"class_list":["post-5889","post","type-post","status-publish","format-standard","has-post-thumbnail","hentry","category-noticias-umc"],"blocksy_meta":{"styles_descriptor":{"styles":{"desktop":"","tablet":"","mobile":""},"google_fonts":[],"version":6}},"rttpg_featured_image_url":{"full":["https:\/\/www.umc.br\/noticias\/wp-content\/uploads\/2022\/05\/Artboard-2-1.png",990,990,false],"landscape":["https:\/\/www.umc.br\/noticias\/wp-content\/uploads\/2022\/05\/Artboard-2-1.png",990,990,false],"portraits":["https:\/\/www.umc.br\/noticias\/wp-content\/uploads\/2022\/05\/Artboard-2-1.png",990,990,false],"thumbnail":["https:\/\/www.umc.br\/noticias\/wp-content\/uploads\/2022\/05\/Artboard-2-1-150x150.png",150,150,true],"medium":["https:\/\/www.umc.br\/noticias\/wp-content\/uploads\/2022\/05\/Artboard-2-1-300x300.png",300,300,true],"large":["https:\/\/www.umc.br\/noticias\/wp-content\/uploads\/2022\/05\/Artboard-2-1.png",990,990,false],"1536x1536":["https:\/\/www.umc.br\/noticias\/wp-content\/uploads\/2022\/05\/Artboard-2-1.png",990,990,false],"2048x2048":["https:\/\/www.umc.br\/noticias\/wp-content\/uploads\/2022\/05\/Artboard-2-1.png",990,990,false],"tp-image-grid":["https:\/\/www.umc.br\/noticias\/wp-content\/uploads\/2022\/05\/Artboard-2-1-700x700.png",700,700,true],"bdfe-large-thumb":["https:\/\/www.umc.br\/noticias\/wp-content\/uploads\/2022\/05\/Artboard-2-1-600x600.png",600,600,true],"bdfe-hero-slider-thumb":["https:\/\/www.umc.br\/noticias\/wp-content\/uploads\/2022\/05\/Artboard-2-1-649x649.png",649,649,true]},"rttpg_author":{"display_name":"Renato Nascimento","author_link":"https:\/\/www.umc.br\/noticias\/author\/renato\/"},"rttpg_comment":0,"rttpg_category":"<a href=\"https:\/\/www.umc.br\/noticias\/category\/noticias-umc\/\" rel=\"category tag\">Not\u00edcias UMC<\/a>","rttpg_excerpt":"Segundo elas, criar uma rotina \u00e9 fundamental para conciliar a maternidade e a vida acad\u00eamica. Come\u00e7ar uma gradua\u00e7\u00e3o depois de ter um filho pode parecer uma tarefa desafiadora. Afinal, quem embarca nessa jornada precisa administrar muito bem o seu tempo para dar conta do trabalho, estudos e dos filhos. Na UMC, v\u00e1rias alunas provam diariamente&hellip;","_links":{"self":[{"href":"https:\/\/www.umc.br\/noticias\/wp-json\/wp\/v2\/posts\/5889","targetHints":{"allow":["GET"]}}],"collection":[{"href":"https:\/\/www.umc.br\/noticias\/wp-json\/wp\/v2\/posts"}],"about":[{"href":"https:\/\/www.umc.br\/noticias\/wp-json\/wp\/v2\/types\/post"}],"author":[{"embeddable":true,"href":"https:\/\/www.umc.br\/noticias\/wp-json\/wp\/v2\/users\/990015"}],"replies":[{"embeddable":true,"href":"https:\/\/www.umc.br\/noticias\/wp-json\/wp\/v2\/comments?post=5889"}],"version-history":[{"count":22,"href":"https:\/\/www.umc.br\/noticias\/wp-json\/wp\/v2\/posts\/5889\/revisions"}],"predecessor-version":[{"id":5925,"href":"https:\/\/www.umc.br\/noticias\/wp-json\/wp\/v2\/posts\/5889\/revisions\/5925"}],"wp:featuredmedia":[{"embeddable":true,"href":"https:\/\/www.umc.br\/noticias\/wp-json\/wp\/v2\/media\/7333"}],"wp:attachment":[{"href":"https:\/\/www.umc.br\/noticias\/wp-json\/wp\/v2\/media?parent=5889"}],"wp:term":[{"taxonomy":"category","embeddable":true,"href":"https:\/\/www.umc.br\/noticias\/wp-json\/wp\/v2\/categories?post=5889"},{"taxonomy":"post_tag","embeddable":true,"href":"https:\/\/www.umc.br\/noticias\/wp-json\/wp\/v2\/tags?post=5889"}],"curies":[{"name":"wp","href":"https:\/\/api.w.org\/{rel}","templated":true}]}}