{"id":5671,"date":"2022-02-22T19:50:48","date_gmt":"2022-02-22T19:50:48","guid":{"rendered":"https:\/\/www4.umc.br\/noticias\/?p=5671"},"modified":"2022-02-22T20:01:28","modified_gmt":"2022-02-22T20:01:28","slug":"aluna-da-umc-desenvolve-pesquisa-inedita-sobre-peixes-no-brasil","status":"publish","type":"post","link":"https:\/\/www.umc.br\/noticias\/aluna-da-umc-desenvolve-pesquisa-inedita-sobre-peixes-no-brasil\/","title":{"rendered":"Aluna da UMC desenvolve pesquisa in\u00e9dita sobre peixes no Brasil"},"content":{"rendered":"\t\t<div data-elementor-type=\"wp-post\" data-elementor-id=\"5671\" class=\"elementor elementor-5671\" data-elementor-settings=\"{&quot;ha_cmc_init_switcher&quot;:&quot;no&quot;}\" data-elementor-post-type=\"post\">\n\t\t\t\t\t\t<section data-particle_enable=\"false\" data-particle-mobile-disabled=\"false\" class=\"elementor-section elementor-top-section elementor-element elementor-element-ed007a2 elementor-section-boxed elementor-section-height-default elementor-section-height-default\" data-id=\"ed007a2\" data-element_type=\"section\" data-e-type=\"section\" data-settings=\"{&quot;_ha_eqh_enable&quot;:false,&quot;ekit_has_onepagescroll_dot&quot;:&quot;yes&quot;}\">\n\t\t\t\t\t\t<div class=\"elementor-container elementor-column-gap-default\">\n\t\t\t\t\t<div class=\"elementor-column elementor-col-100 elementor-top-column elementor-element elementor-element-97593cf\" data-id=\"97593cf\" data-element_type=\"column\" data-e-type=\"column\">\n\t\t\t<div class=\"elementor-widget-wrap elementor-element-populated\">\n\t\t\t\t\t\t<div class=\"elementor-element elementor-element-51b2c65 elementor-widget elementor-widget-text-editor\" data-id=\"51b2c65\" data-element_type=\"widget\" data-e-type=\"widget\" data-settings=\"{&quot;ekit_we_effect_on&quot;:&quot;none&quot;}\" data-widget_type=\"text-editor.default\">\n\t\t\t\t<div class=\"elementor-widget-container\">\n\t\t\t\t\t\t\t\t\t<p><em>Sabrina Vitoria Ferreira, de 21 anos, est\u00e1 fazendo o mapeamento dos espinhos de quatro esp\u00e9cies de peixes nativos do Alto Tiet\u00ea<\/em><\/p><p>Voc\u00ea j\u00e1 parou para pensar quantos espinhos t\u00eam um peixe? \u00c9 dif\u00edcil at\u00e9 imaginar, n\u00e3o \u00e9? Mas \u00e9 essa d\u00favida que est\u00e1 levando uma jovem estudante da UMC a fazer um estudo in\u00e9dito no pa\u00eds: um mapeamento dos espinhos de esp\u00e9cies nativas do Alto Tiet\u00ea. A aluna Sabrina Vit\u00f3ria Ferreira iniciou sua pesquisa em agosto do ano passado com previs\u00e3o de t\u00e9rmino em semestre deste ano.<\/p><p>A ideia surgiu de uma visita do professor Dr. Alexandre Hilsdorf \u00e0 China, onde ele viu o trabalho de retirada de espinhos de uma carpa. \u201cQuando vi esse trabalho achei sensacional e trouxe a ideia para o Brasil. Ofereci para a aluna a realiza\u00e7\u00e3o deste estudo, que at\u00e9 o momento \u00e9 in\u00e9dito no pa\u00eds\u201d, destaca o professor.<\/p><p>Sabrina \u00e9 aluna de Biologia e est\u00e1 realizando este trabalho por meio da Inicia\u00e7\u00e3o Cient\u00edfica. A pesquisa aborda quatro esp\u00e9cies nativas de peixes da bacia do Alto Tiet\u00ea: o tambaqui, a tra\u00edra, o lambari e o curimbat\u00e1 de lagoa. \u201cO intuito da pesquisa \u00e9 dar um pontap\u00e9 neste estudo dos espinhos no pa\u00eds, que tem uma import\u00e2ncia muito grande. Com o estudo finalizado vamos conseguir colaborar com pesquisas futuras de melhorias gen\u00e9ticas e at\u00e9 fazer com que o fil\u00e9 do peixe seja 100% aproveitado na parte de consumo, perdendo poucas carnes por conta do espinho, o que impacta tamb\u00e9m no lado econ\u00f4mico da quest\u00e3o\u201d, diz a aluna.<\/p><p>Uma das a\u00e7\u00f5es durante a pesquisa \u00e9 retirar todos os espinhos. \u201c\u00c9 um processo minucioso que n\u00f3s fazemos por meio do cozimento do peixe. Limpamos as escamas, cabe\u00e7a e cauda e retiramos os espinhos com uma pin\u00e7a. \u00c9 um trabalho t\u00e3o dif\u00edcil, que deve ser feito mais de uma vez, para se ter certeza de que n\u00e3o deixou passar nada. A contagem ocorre duas, tr\u00eas vezes por peixe, para termos a certeza do n\u00famero que vamos informar na pesquisa\u201d, finaliza Sabrina.<\/p>\t\t\t\t\t\t\t\t<\/div>\n\t\t\t\t<\/div>\n\t\t\t\t\t<\/div>\n\t\t<\/div>\n\t\t\t\t\t<\/div>\n\t\t<\/section>\n\t\t\t\t<\/div>\n\t\t","protected":false},"excerpt":{"rendered":"<p>Sabrina Vitoria Ferreira, de 21 anos, est\u00e1 fazendo o mapeamento dos espinhos de quatro esp\u00e9cies de peixes nativos do Alto Tiet\u00ea Voc\u00ea j\u00e1 parou para pensar quantos espinhos t\u00eam um peixe? \u00c9 dif\u00edcil at\u00e9 imaginar, n\u00e3o \u00e9? Mas \u00e9 essa d\u00favida que est\u00e1 levando uma jovem estudante da UMC a fazer um estudo in\u00e9dito no [&hellip;]<\/p>\n","protected":false},"author":990015,"featured_media":5673,"comment_status":"open","ping_status":"open","sticky":false,"template":"elementor_header_footer","format":"standard","meta":{"_eb_attr":"","footnotes":""},"categories":[1],"tags":[],"class_list":["post-5671","post","type-post","status-publish","format-standard","has-post-thumbnail","hentry","category-noticias-umc"],"blocksy_meta":{"styles_descriptor":{"styles":{"desktop":"","tablet":"","mobile":""},"google_fonts":[],"version":6}},"rttpg_featured_image_url":{"full":["https:\/\/www.umc.br\/noticias\/wp-content\/uploads\/2022\/02\/peixe4-scaled.jpg",2560,1707,false],"landscape":["https:\/\/www.umc.br\/noticias\/wp-content\/uploads\/2022\/02\/peixe4-scaled.jpg",2560,1707,false],"portraits":["https:\/\/www.umc.br\/noticias\/wp-content\/uploads\/2022\/02\/peixe4-scaled.jpg",2560,1707,false],"thumbnail":["https:\/\/www.umc.br\/noticias\/wp-content\/uploads\/2022\/02\/peixe4-150x150.jpg",150,150,true],"medium":["https:\/\/www.umc.br\/noticias\/wp-content\/uploads\/2022\/02\/peixe4-300x200.jpg",300,200,true],"large":["https:\/\/www.umc.br\/noticias\/wp-content\/uploads\/2022\/02\/peixe4-1024x683.jpg",1024,683,true],"1536x1536":["https:\/\/www.umc.br\/noticias\/wp-content\/uploads\/2022\/02\/peixe4-1536x1024.jpg",1536,1024,true],"2048x2048":["https:\/\/www.umc.br\/noticias\/wp-content\/uploads\/2022\/02\/peixe4-2048x1365.jpg",2048,1365,true],"tp-image-grid":["https:\/\/www.umc.br\/noticias\/wp-content\/uploads\/2022\/02\/peixe4-700x700.jpg",700,700,true],"bdfe-large-thumb":["https:\/\/www.umc.br\/noticias\/wp-content\/uploads\/2022\/02\/peixe4-scaled.jpg",600,400,false],"bdfe-hero-slider-thumb":["https:\/\/www.umc.br\/noticias\/wp-content\/uploads\/2022\/02\/peixe4-scaled.jpg",973,649,false]},"rttpg_author":{"display_name":"Renato Nascimento","author_link":"https:\/\/www.umc.br\/noticias\/author\/renato\/"},"rttpg_comment":0,"rttpg_category":"<a href=\"https:\/\/www.umc.br\/noticias\/category\/noticias-umc\/\" rel=\"category tag\">Not\u00edcias UMC<\/a>","rttpg_excerpt":"Sabrina Vitoria Ferreira, de 21 anos, est\u00e1 fazendo o mapeamento dos espinhos de quatro esp\u00e9cies de peixes nativos do Alto Tiet\u00ea Voc\u00ea j\u00e1 parou para pensar quantos espinhos t\u00eam um peixe? \u00c9 dif\u00edcil at\u00e9 imaginar, n\u00e3o \u00e9? Mas \u00e9 essa d\u00favida que est\u00e1 levando uma jovem estudante da UMC a fazer um estudo in\u00e9dito no&hellip;","_links":{"self":[{"href":"https:\/\/www.umc.br\/noticias\/wp-json\/wp\/v2\/posts\/5671","targetHints":{"allow":["GET"]}}],"collection":[{"href":"https:\/\/www.umc.br\/noticias\/wp-json\/wp\/v2\/posts"}],"about":[{"href":"https:\/\/www.umc.br\/noticias\/wp-json\/wp\/v2\/types\/post"}],"author":[{"embeddable":true,"href":"https:\/\/www.umc.br\/noticias\/wp-json\/wp\/v2\/users\/990015"}],"replies":[{"embeddable":true,"href":"https:\/\/www.umc.br\/noticias\/wp-json\/wp\/v2\/comments?post=5671"}],"version-history":[{"count":5,"href":"https:\/\/www.umc.br\/noticias\/wp-json\/wp\/v2\/posts\/5671\/revisions"}],"predecessor-version":[{"id":5677,"href":"https:\/\/www.umc.br\/noticias\/wp-json\/wp\/v2\/posts\/5671\/revisions\/5677"}],"wp:featuredmedia":[{"embeddable":true,"href":"https:\/\/www.umc.br\/noticias\/wp-json\/wp\/v2\/media\/5673"}],"wp:attachment":[{"href":"https:\/\/www.umc.br\/noticias\/wp-json\/wp\/v2\/media?parent=5671"}],"wp:term":[{"taxonomy":"category","embeddable":true,"href":"https:\/\/www.umc.br\/noticias\/wp-json\/wp\/v2\/categories?post=5671"},{"taxonomy":"post_tag","embeddable":true,"href":"https:\/\/www.umc.br\/noticias\/wp-json\/wp\/v2\/tags?post=5671"}],"curies":[{"name":"wp","href":"https:\/\/api.w.org\/{rel}","templated":true}]}}