{"id":4695,"date":"2018-03-27T23:19:54","date_gmt":"2018-03-27T23:19:54","guid":{"rendered":"https:\/\/www2.umc.br\/noticias\/?p=4695"},"modified":"2022-01-09T23:21:24","modified_gmt":"2022-01-09T23:21:24","slug":"estudantes-de-arquitetura-apresentam-duas-propostas-de-intervencao-urbana-para-mogi-das-cruzes","status":"publish","type":"post","link":"https:\/\/www.umc.br\/noticias\/estudantes-de-arquitetura-apresentam-duas-propostas-de-intervencao-urbana-para-mogi-das-cruzes\/","title":{"rendered":"Estudantes de Arquitetura apresentam duas propostas de interven\u00e7\u00e3o urbana para Mogi das Cruzes"},"content":{"rendered":"\t\t<div data-elementor-type=\"wp-post\" data-elementor-id=\"4695\" class=\"elementor elementor-4695\" data-elementor-settings=\"{&quot;ha_cmc_init_switcher&quot;:&quot;no&quot;}\" data-elementor-post-type=\"post\">\n\t\t\t\t\t\t<section data-particle_enable=\"false\" data-particle-mobile-disabled=\"false\" class=\"elementor-section elementor-top-section elementor-element elementor-element-91f9de0 elementor-section-boxed elementor-section-height-default elementor-section-height-default\" data-id=\"91f9de0\" data-element_type=\"section\" data-e-type=\"section\" data-settings=\"{&quot;_ha_eqh_enable&quot;:false,&quot;ekit_has_onepagescroll_dot&quot;:&quot;yes&quot;}\">\n\t\t\t\t\t\t<div class=\"elementor-container elementor-column-gap-default\">\n\t\t\t\t\t<div class=\"elementor-column elementor-col-100 elementor-top-column elementor-element elementor-element-32e3621\" data-id=\"32e3621\" data-element_type=\"column\" data-e-type=\"column\">\n\t\t\t<div class=\"elementor-widget-wrap elementor-element-populated\">\n\t\t\t\t\t\t<div class=\"elementor-element elementor-element-ffad54b elementor-widget elementor-widget-text-editor\" data-id=\"ffad54b\" data-element_type=\"widget\" data-e-type=\"widget\" data-settings=\"{&quot;ekit_we_effect_on&quot;:&quot;none&quot;}\" data-widget_type=\"text-editor.default\">\n\t\t\t\t<div class=\"elementor-widget-container\">\n\t\t\t\t\t\t\t\t\t<p style=\"text-align: justify;\">Alunos e professores do curso de Arquitetura da Universidade de Mogi das Cruzes estiveram no audit\u00f3rio da Prefeitura de Mogi das Cruzes na manh\u00e3 desta ter\u00e7a-feira (27) para a apresenta\u00e7\u00e3o de duas propostas de interven\u00e7\u00e3o urbana: uma entre os Parques Centen\u00e1rio e Leon Feffer e outra para o distrito de Saba\u00fana, que integram o projeto Pensar a Cidade, desenvolvido pela prefeitura. O trabalho faz parte de um processo de aproxima\u00e7\u00e3o entre o poder p\u00fablico e as universidades locais, a fim de que alunos de v\u00e1rios cursos estudem temas e projetos ligados ao desenvolvimento da cidade.<br \/>A coordenadora do curso de Arquitetura da UMC, Cristina Ragaini, salientou a qualidade das propostas apresentadas pelos alunos, que elaboraram solu\u00e7\u00f5es que levaram em conta quest\u00f5es como mobilidade urbana, turismo, preserva\u00e7\u00e3o da biodiversidade, projetos de educa\u00e7\u00e3o ambiental e revitaliza\u00e7\u00e3o de \u00e1reas hist\u00f3ricas. \u201cEm nome da UMC, agrade\u00e7o \u00e0 Prefeitura a oportunidade dos nossos alunos participarem de uma a\u00e7\u00e3o t\u00e3o importante como esta\u201d, disse a coordenadora.<br \/>\u201cEstes dois projetos dar\u00e3o visibilidade aos alunos que um dia, no futuro, com as propostas concretizadas, poder\u00e3o dizer, com orgulho, que participaram da revitaliza\u00e7\u00e3o de duas importantes regi\u00f5es da cidade. Que eles continuem ousados, pois j\u00e1 est\u00e3o preparados para enfrentar o mercado de trabalho\u201d, disse H\u00e9lio Martucci Neto, assessor pedag\u00f3gico da Pr\u00f3-Reitoria de Gradua\u00e7\u00e3o da UMC &#8211; Campus -Sede.<br \/>O prefeito Marcus Melo abriu a apresenta\u00e7\u00e3o e agradeceu a coordenadora do curso de Arquitetura e Urbanismo, Cristina Ragaini, e os alunos pelo trabalho realizado: \u201cA integra\u00e7\u00e3o entre a Administra\u00e7\u00e3o Municipal e as universidades \u00e9 fundamental, pois voc\u00eas s\u00e3o jovens, criativos e muitas vezes estudam temas que dizem respeito ao cotidiano da cidade. Temos interesse em conhecer essas ideias e estreitar os la\u00e7os com ensino superior, afinal o munic\u00edpio cresce a cada dia e propostas inovadoras s\u00e3o sempre bem-vindas\u201d, disse Melo, ao lado do vice-prefeito Juliano Abe. O secret\u00e1rio municipal de Cultura, Mateus Sartori, e o diretor da Secretaria do Meio Ambiente, Andr\u00e9 Miragaia, tamb\u00e9m participaram da apresenta\u00e7\u00e3o.<br \/>\u201cTemos de sonhar alto para propormos a\u00e7\u00f5es que melhorem a paisagem urbana de Mogi das Cruzes. E foi isso que os alunos de Arquitetura da UMC fizeram. Todos est\u00e3o de parab\u00e9ns pelo alto n\u00edvel dos projetos apresentados. Agora vamos trabalhar para a capta\u00e7\u00e3o de recursos financeiros para, quem sabe, conseguimos tornar as propostas realidade\u201d, acrescentou Claudio de Faria Rodrigues, secret\u00e1rio municipal de Planejamento e Urbanismo.<br \/>Os b\u00e2neres, com os detalhes dos projetos, ser\u00e3o expostos em diversos locais p\u00fablicos da cidade.<\/p>\t\t\t\t\t\t\t\t<\/div>\n\t\t\t\t<\/div>\n\t\t\t\t\t<\/div>\n\t\t<\/div>\n\t\t\t\t\t<\/div>\n\t\t<\/section>\n\t\t\t\t<\/div>\n\t\t","protected":false},"excerpt":{"rendered":"<p>Alunos e professores do curso de Arquitetura da Universidade de Mogi das Cruzes estiveram no audit\u00f3rio da Prefeitura de Mogi das Cruzes na manh\u00e3 desta ter\u00e7a-feira (27) para a apresenta\u00e7\u00e3o de duas propostas de interven\u00e7\u00e3o urbana: uma entre os Parques Centen\u00e1rio e Leon Feffer e outra para o distrito de Saba\u00fana, que integram o projeto [&hellip;]<\/p>\n","protected":false},"author":990015,"featured_media":4696,"comment_status":"closed","ping_status":"closed","sticky":false,"template":"","format":"standard","meta":{"_eb_attr":"","footnotes":""},"categories":[1],"tags":[],"class_list":["post-4695","post","type-post","status-publish","format-standard","has-post-thumbnail","hentry","category-noticias-umc"],"blocksy_meta":{"styles_descriptor":{"styles":{"desktop":"","tablet":"","mobile":""},"google_fonts":[],"version":6}},"rttpg_featured_image_url":{"full":["https:\/\/www.umc.br\/noticias\/wp-content\/uploads\/2022\/01\/Estudantes-de-Arquitetura-apresentam-duas-propostas-de-intervencao-urbana-para-Mogi-das-Cruzes.jpg",960,720,false],"landscape":["https:\/\/www.umc.br\/noticias\/wp-content\/uploads\/2022\/01\/Estudantes-de-Arquitetura-apresentam-duas-propostas-de-intervencao-urbana-para-Mogi-das-Cruzes.jpg",960,720,false],"portraits":["https:\/\/www.umc.br\/noticias\/wp-content\/uploads\/2022\/01\/Estudantes-de-Arquitetura-apresentam-duas-propostas-de-intervencao-urbana-para-Mogi-das-Cruzes.jpg",960,720,false],"thumbnail":["https:\/\/www.umc.br\/noticias\/wp-content\/uploads\/2022\/01\/Estudantes-de-Arquitetura-apresentam-duas-propostas-de-intervencao-urbana-para-Mogi-das-Cruzes-150x150.jpg",150,150,true],"medium":["https:\/\/www.umc.br\/noticias\/wp-content\/uploads\/2022\/01\/Estudantes-de-Arquitetura-apresentam-duas-propostas-de-intervencao-urbana-para-Mogi-das-Cruzes-300x225.jpg",300,225,true],"large":["https:\/\/www.umc.br\/noticias\/wp-content\/uploads\/2022\/01\/Estudantes-de-Arquitetura-apresentam-duas-propostas-de-intervencao-urbana-para-Mogi-das-Cruzes.jpg",960,720,false],"1536x1536":["https:\/\/www.umc.br\/noticias\/wp-content\/uploads\/2022\/01\/Estudantes-de-Arquitetura-apresentam-duas-propostas-de-intervencao-urbana-para-Mogi-das-Cruzes.jpg",960,720,false],"2048x2048":["https:\/\/www.umc.br\/noticias\/wp-content\/uploads\/2022\/01\/Estudantes-de-Arquitetura-apresentam-duas-propostas-de-intervencao-urbana-para-Mogi-das-Cruzes.jpg",960,720,false],"tp-image-grid":["https:\/\/www.umc.br\/noticias\/wp-content\/uploads\/2022\/01\/Estudantes-de-Arquitetura-apresentam-duas-propostas-de-intervencao-urbana-para-Mogi-das-Cruzes-700x700.jpg",700,700,true],"bdfe-large-thumb":["https:\/\/www.umc.br\/noticias\/wp-content\/uploads\/2022\/01\/Estudantes-de-Arquitetura-apresentam-duas-propostas-de-intervencao-urbana-para-Mogi-das-Cruzes.jpg",600,450,false],"bdfe-hero-slider-thumb":["https:\/\/www.umc.br\/noticias\/wp-content\/uploads\/2022\/01\/Estudantes-de-Arquitetura-apresentam-duas-propostas-de-intervencao-urbana-para-Mogi-das-Cruzes.jpg",865,649,false]},"rttpg_author":{"display_name":"Renato Nascimento","author_link":"https:\/\/www.umc.br\/noticias\/author\/renato\/"},"rttpg_comment":0,"rttpg_category":"<a href=\"https:\/\/www.umc.br\/noticias\/category\/noticias-umc\/\" rel=\"category tag\">Not\u00edcias UMC<\/a>","rttpg_excerpt":"Alunos e professores do curso de Arquitetura da Universidade de Mogi das Cruzes estiveram no audit\u00f3rio da Prefeitura de Mogi das Cruzes na manh\u00e3 desta ter\u00e7a-feira (27) para a apresenta\u00e7\u00e3o de duas propostas de interven\u00e7\u00e3o urbana: uma entre os Parques Centen\u00e1rio e Leon Feffer e outra para o distrito de Saba\u00fana, que integram o projeto&hellip;","_links":{"self":[{"href":"https:\/\/www.umc.br\/noticias\/wp-json\/wp\/v2\/posts\/4695","targetHints":{"allow":["GET"]}}],"collection":[{"href":"https:\/\/www.umc.br\/noticias\/wp-json\/wp\/v2\/posts"}],"about":[{"href":"https:\/\/www.umc.br\/noticias\/wp-json\/wp\/v2\/types\/post"}],"author":[{"embeddable":true,"href":"https:\/\/www.umc.br\/noticias\/wp-json\/wp\/v2\/users\/990015"}],"replies":[{"embeddable":true,"href":"https:\/\/www.umc.br\/noticias\/wp-json\/wp\/v2\/comments?post=4695"}],"version-history":[{"count":4,"href":"https:\/\/www.umc.br\/noticias\/wp-json\/wp\/v2\/posts\/4695\/revisions"}],"predecessor-version":[{"id":4700,"href":"https:\/\/www.umc.br\/noticias\/wp-json\/wp\/v2\/posts\/4695\/revisions\/4700"}],"wp:featuredmedia":[{"embeddable":true,"href":"https:\/\/www.umc.br\/noticias\/wp-json\/wp\/v2\/media\/4696"}],"wp:attachment":[{"href":"https:\/\/www.umc.br\/noticias\/wp-json\/wp\/v2\/media?parent=4695"}],"wp:term":[{"taxonomy":"category","embeddable":true,"href":"https:\/\/www.umc.br\/noticias\/wp-json\/wp\/v2\/categories?post=4695"},{"taxonomy":"post_tag","embeddable":true,"href":"https:\/\/www.umc.br\/noticias\/wp-json\/wp\/v2\/tags?post=4695"}],"curies":[{"name":"wp","href":"https:\/\/api.w.org\/{rel}","templated":true}]}}