{"id":4556,"date":"2018-06-05T01:29:32","date_gmt":"2018-06-05T01:29:32","guid":{"rendered":"https:\/\/www2.umc.br\/noticias\/?p=4556"},"modified":"2022-01-08T01:32:43","modified_gmt":"2022-01-08T01:32:43","slug":"jornalismo-e-mestrado-em-politicas-publicas-apresentam-trabalhos-no-intercom","status":"publish","type":"post","link":"https:\/\/www.umc.br\/noticias\/jornalismo-e-mestrado-em-politicas-publicas-apresentam-trabalhos-no-intercom\/","title":{"rendered":"Jornalismo e Mestrado em Pol\u00edticas P\u00fablicas apresentam trabalhos no Intercom"},"content":{"rendered":"\t\t<div data-elementor-type=\"wp-post\" data-elementor-id=\"4556\" class=\"elementor elementor-4556\" data-elementor-settings=\"{&quot;ha_cmc_init_switcher&quot;:&quot;no&quot;}\" data-elementor-post-type=\"post\">\n\t\t\t\t\t\t<section data-particle_enable=\"false\" data-particle-mobile-disabled=\"false\" class=\"elementor-section elementor-top-section elementor-element elementor-element-e7b140c elementor-section-boxed elementor-section-height-default elementor-section-height-default\" data-id=\"e7b140c\" data-element_type=\"section\" data-e-type=\"section\" data-settings=\"{&quot;_ha_eqh_enable&quot;:false,&quot;ekit_has_onepagescroll_dot&quot;:&quot;yes&quot;}\">\n\t\t\t\t\t\t<div class=\"elementor-container elementor-column-gap-default\">\n\t\t\t\t\t<div class=\"elementor-column elementor-col-100 elementor-top-column elementor-element elementor-element-d8f2878\" data-id=\"d8f2878\" data-element_type=\"column\" data-e-type=\"column\">\n\t\t\t<div class=\"elementor-widget-wrap elementor-element-populated\">\n\t\t\t\t\t\t<div class=\"elementor-element elementor-element-6881e4a elementor-widget elementor-widget-text-editor\" data-id=\"6881e4a\" data-element_type=\"widget\" data-e-type=\"widget\" data-settings=\"{&quot;ekit_we_effect_on&quot;:&quot;none&quot;}\" data-widget_type=\"text-editor.default\">\n\t\t\t\t<div class=\"elementor-widget-container\">\n\t\t\t\t\t\t\t\t\t<p style=\"text-align: justify;\">A UMC ser\u00e1 representada em mais uma edi\u00e7\u00e3o do Intercom, principal congresso de comunica\u00e7\u00e3o do Brasil. \u00c9 que nessa etapa regional, v\u00e1rios trabalhos de alunos do curso de Jornalismo foram aprovados na modalidade Expocom (que premia os melhores projetos de graduandos) e est\u00e3o entre os cinco melhores da regi\u00e3o Sudeste.<br \/>S\u00e3o eles: Document\u00e1rio (&#8220;T\u00e3o natural quanto a vida&#8221;, de Henrique Moreira, Nicholas Modesto, Niedja Ara\u00fajo e Vict\u00f3ria Feij\u00f3), Programa de TV (&#8220;An\u00f4nimos: Al\u00e9m do espelho&#8221;, de Gabriela Sousa, Leonardo Carlos, Pablo Janu\u00e1rio, Thiago Caetano e Yasmin Castro), Grande Reportagem (&#8220;Desaparecidos&#8221;, de Magda Nathia), Livro (&#8220;Confrontos Urbanos: caso skinheads de Mogi das Cruzes&#8221;, de L\u00edlian Pereira) e Revista Eletr\u00f4nica (&#8220;Imagina Mundo&#8221;, de Tamires Vicchi). Todos os trabalhos foram orientados pelo professor mestre H\u00e9rcules Moreira. Os alunos e o professor estar\u00e3o presentes no congresso entre os dias 7 e 9 de junho na cidade de Belo Horizonte.<\/p><p style=\"text-align: justify;\"><strong>Mestrado<\/strong><br \/>O curso de mestrado em Pol\u00edticas P\u00fablicas da UMC tamb\u00e9m estar\u00e1 presente no Intercom: Gustavo Honorato, apresentar\u00e1 a pesquisa &#8220;A comunica\u00e7\u00e3o p\u00fablica enquanto conceito e pol\u00edtica para efetiva\u00e7\u00e3o da cidadania&#8221;. O trabalho foi orientado pela professora doutora Cristina Schmidt.<\/p>\t\t\t\t\t\t\t\t<\/div>\n\t\t\t\t<\/div>\n\t\t\t\t\t<\/div>\n\t\t<\/div>\n\t\t\t\t\t<\/div>\n\t\t<\/section>\n\t\t\t\t<\/div>\n\t\t","protected":false},"excerpt":{"rendered":"<p>A UMC ser\u00e1 representada em mais uma edi\u00e7\u00e3o do Intercom, principal congresso de comunica\u00e7\u00e3o do Brasil. \u00c9 que nessa etapa regional, v\u00e1rios trabalhos de alunos do curso de Jornalismo foram aprovados na modalidade Expocom (que premia os melhores projetos de graduandos) e est\u00e3o entre os cinco melhores da regi\u00e3o Sudeste.S\u00e3o eles: Document\u00e1rio (&#8220;T\u00e3o natural quanto [&hellip;]<\/p>\n","protected":false},"author":990015,"featured_media":4557,"comment_status":"closed","ping_status":"closed","sticky":false,"template":"","format":"standard","meta":{"_eb_attr":"","footnotes":""},"categories":[1],"tags":[],"class_list":["post-4556","post","type-post","status-publish","format-standard","has-post-thumbnail","hentry","category-noticias-umc"],"blocksy_meta":{"styles_descriptor":{"styles":{"desktop":"","tablet":"","mobile":""},"google_fonts":[],"version":6}},"rttpg_featured_image_url":{"full":["https:\/\/www.umc.br\/noticias\/wp-content\/uploads\/2022\/01\/Jornalismo-e-Mestrado-em-Politicas-Publicas-apresentam-trabalhos-no-Intercom.png",192,192,false],"landscape":["https:\/\/www.umc.br\/noticias\/wp-content\/uploads\/2022\/01\/Jornalismo-e-Mestrado-em-Politicas-Publicas-apresentam-trabalhos-no-Intercom.png",192,192,false],"portraits":["https:\/\/www.umc.br\/noticias\/wp-content\/uploads\/2022\/01\/Jornalismo-e-Mestrado-em-Politicas-Publicas-apresentam-trabalhos-no-Intercom.png",192,192,false],"thumbnail":["https:\/\/www.umc.br\/noticias\/wp-content\/uploads\/2022\/01\/Jornalismo-e-Mestrado-em-Politicas-Publicas-apresentam-trabalhos-no-Intercom-150x150.png",150,150,true],"medium":["https:\/\/www.umc.br\/noticias\/wp-content\/uploads\/2022\/01\/Jornalismo-e-Mestrado-em-Politicas-Publicas-apresentam-trabalhos-no-Intercom.png",192,192,false],"large":["https:\/\/www.umc.br\/noticias\/wp-content\/uploads\/2022\/01\/Jornalismo-e-Mestrado-em-Politicas-Publicas-apresentam-trabalhos-no-Intercom.png",192,192,false],"1536x1536":["https:\/\/www.umc.br\/noticias\/wp-content\/uploads\/2022\/01\/Jornalismo-e-Mestrado-em-Politicas-Publicas-apresentam-trabalhos-no-Intercom.png",192,192,false],"2048x2048":["https:\/\/www.umc.br\/noticias\/wp-content\/uploads\/2022\/01\/Jornalismo-e-Mestrado-em-Politicas-Publicas-apresentam-trabalhos-no-Intercom.png",192,192,false],"tp-image-grid":["https:\/\/www.umc.br\/noticias\/wp-content\/uploads\/2022\/01\/Jornalismo-e-Mestrado-em-Politicas-Publicas-apresentam-trabalhos-no-Intercom.png",192,192,false],"bdfe-large-thumb":["https:\/\/www.umc.br\/noticias\/wp-content\/uploads\/2022\/01\/Jornalismo-e-Mestrado-em-Politicas-Publicas-apresentam-trabalhos-no-Intercom.png",192,192,false],"bdfe-hero-slider-thumb":["https:\/\/www.umc.br\/noticias\/wp-content\/uploads\/2022\/01\/Jornalismo-e-Mestrado-em-Politicas-Publicas-apresentam-trabalhos-no-Intercom.png",192,192,false]},"rttpg_author":{"display_name":"Renato Nascimento","author_link":"https:\/\/www.umc.br\/noticias\/author\/renato\/"},"rttpg_comment":0,"rttpg_category":"<a href=\"https:\/\/www.umc.br\/noticias\/category\/noticias-umc\/\" rel=\"category tag\">Not\u00edcias UMC<\/a>","rttpg_excerpt":"A UMC ser\u00e1 representada em mais uma edi\u00e7\u00e3o do Intercom, principal congresso de comunica\u00e7\u00e3o do Brasil. \u00c9 que nessa etapa regional, v\u00e1rios trabalhos de alunos do curso de Jornalismo foram aprovados na modalidade Expocom (que premia os melhores projetos de graduandos) e est\u00e3o entre os cinco melhores da regi\u00e3o Sudeste.S\u00e3o eles: Document\u00e1rio (&#8220;T\u00e3o natural quanto&hellip;","_links":{"self":[{"href":"https:\/\/www.umc.br\/noticias\/wp-json\/wp\/v2\/posts\/4556","targetHints":{"allow":["GET"]}}],"collection":[{"href":"https:\/\/www.umc.br\/noticias\/wp-json\/wp\/v2\/posts"}],"about":[{"href":"https:\/\/www.umc.br\/noticias\/wp-json\/wp\/v2\/types\/post"}],"author":[{"embeddable":true,"href":"https:\/\/www.umc.br\/noticias\/wp-json\/wp\/v2\/users\/990015"}],"replies":[{"embeddable":true,"href":"https:\/\/www.umc.br\/noticias\/wp-json\/wp\/v2\/comments?post=4556"}],"version-history":[{"count":4,"href":"https:\/\/www.umc.br\/noticias\/wp-json\/wp\/v2\/posts\/4556\/revisions"}],"predecessor-version":[{"id":4561,"href":"https:\/\/www.umc.br\/noticias\/wp-json\/wp\/v2\/posts\/4556\/revisions\/4561"}],"wp:featuredmedia":[{"embeddable":true,"href":"https:\/\/www.umc.br\/noticias\/wp-json\/wp\/v2\/media\/4557"}],"wp:attachment":[{"href":"https:\/\/www.umc.br\/noticias\/wp-json\/wp\/v2\/media?parent=4556"}],"wp:term":[{"taxonomy":"category","embeddable":true,"href":"https:\/\/www.umc.br\/noticias\/wp-json\/wp\/v2\/categories?post=4556"},{"taxonomy":"post_tag","embeddable":true,"href":"https:\/\/www.umc.br\/noticias\/wp-json\/wp\/v2\/tags?post=4556"}],"curies":[{"name":"wp","href":"https:\/\/api.w.org\/{rel}","templated":true}]}}