{"id":4489,"date":"2018-09-06T22:53:31","date_gmt":"2018-09-06T22:53:31","guid":{"rendered":"https:\/\/www2.umc.br\/noticias\/?p=4489"},"modified":"2022-01-07T22:55:01","modified_gmt":"2022-01-07T22:55:01","slug":"professor-walter-vicioni-falara-sobre-educacao-para-os-novos-tempos-dia-13-na-umc","status":"publish","type":"post","link":"https:\/\/www.umc.br\/noticias\/professor-walter-vicioni-falara-sobre-educacao-para-os-novos-tempos-dia-13-na-umc\/","title":{"rendered":"Professor Walter Vicioni falar\u00e1 sobre \u201cEduca\u00e7\u00e3o para os Novos Tempos\u201d, dia 13, na UMC"},"content":{"rendered":"\t\t<div data-elementor-type=\"wp-post\" data-elementor-id=\"4489\" class=\"elementor elementor-4489\" data-elementor-settings=\"{&quot;ha_cmc_init_switcher&quot;:&quot;no&quot;}\" data-elementor-post-type=\"post\">\n\t\t\t\t\t\t<section data-particle_enable=\"false\" data-particle-mobile-disabled=\"false\" class=\"elementor-section elementor-top-section elementor-element elementor-element-20c7090 elementor-section-boxed elementor-section-height-default elementor-section-height-default\" data-id=\"20c7090\" data-element_type=\"section\" data-e-type=\"section\" data-settings=\"{&quot;_ha_eqh_enable&quot;:false,&quot;ekit_has_onepagescroll_dot&quot;:&quot;yes&quot;}\">\n\t\t\t\t\t\t<div class=\"elementor-container elementor-column-gap-default\">\n\t\t\t\t\t<div class=\"elementor-column elementor-col-100 elementor-top-column elementor-element elementor-element-ecd0904\" data-id=\"ecd0904\" data-element_type=\"column\" data-e-type=\"column\">\n\t\t\t<div class=\"elementor-widget-wrap elementor-element-populated\">\n\t\t\t\t\t\t<div class=\"elementor-element elementor-element-b618fcf elementor-widget elementor-widget-text-editor\" data-id=\"b618fcf\" data-element_type=\"widget\" data-e-type=\"widget\" data-settings=\"{&quot;ekit_we_effect_on&quot;:&quot;none&quot;}\" data-widget_type=\"text-editor.default\">\n\t\t\t\t<div class=\"elementor-widget-container\">\n\t\t\t\t\t\t\t\t\t<p style=\"text-align: justify;\">A Universidade de Mogi das Cruzes (UMC) trar\u00e1 o superintendente licenciado do Sesi-SP e diretor regional licenciado do Senai-SP, professor Walter Vicioni, para ministrar a palestra &#8220;Educa\u00e7\u00e3o para os Novos Tempos&#8221;. Ser\u00e1 no dia 13 de setembro, \u00e0s 19 horas, no Teatro Manoel Bezerra de Melo (Bezerr\u00e3o). A entrada \u00e9 gratuita.<br \/>Vicioni discutir\u00e1 temas ligados \u00e0 pr\u00e1tica da educa\u00e7\u00e3o aplicada em nossas escolas em busca de se tra\u00e7ar um plano realista e fact\u00edvel para o progresso da educa\u00e7\u00e3o brasileira. \u00c9 uma oportunidade para debater sobre a educa\u00e7\u00e3o atual e futura do pa\u00eds, al\u00e9m de inspirar o p\u00fablico para novas pr\u00e1ticas.<br \/>Walter Vicioni \u00e9 pedagogo, p\u00f3s-graduado em Administra\u00e7\u00e3o e Planejamento da Educa\u00e7\u00e3o pelo International Institute for Educational Planning (Fran\u00e7a) e especialista em Gest\u00e3o da Qualidade pelo Instituto de Matem\u00e1tica, Estat\u00edstica e Computa\u00e7\u00e3o Cient\u00edfica (Unicamp). S\u00e3o 48 anos dedicados \u00e0 Educa\u00e7\u00e3o.<br \/>O professor Vicioni criou as Editoras Sesi-SP e Senai-SP e foi o grande respons\u00e1vel pela implanta\u00e7\u00e3o do Sistema Sesi-SP de Ensino &#8211; Movimento do Aprender, oferecendo \u00e0s escolas municipais a proposta educacional do SESI-SP, focada no processo da aprendizagem, em que o aluno \u00e9 estimulado a pensar e buscar o saber.<\/p>\t\t\t\t\t\t\t\t<\/div>\n\t\t\t\t<\/div>\n\t\t\t\t\t<\/div>\n\t\t<\/div>\n\t\t\t\t\t<\/div>\n\t\t<\/section>\n\t\t\t\t<\/div>\n\t\t","protected":false},"excerpt":{"rendered":"<p>A Universidade de Mogi das Cruzes (UMC) trar\u00e1 o superintendente licenciado do Sesi-SP e diretor regional licenciado do Senai-SP, professor Walter Vicioni, para ministrar a palestra &#8220;Educa\u00e7\u00e3o para os Novos Tempos&#8221;. Ser\u00e1 no dia 13 de setembro, \u00e0s 19 horas, no Teatro Manoel Bezerra de Melo (Bezerr\u00e3o). A entrada \u00e9 gratuita.Vicioni discutir\u00e1 temas ligados \u00e0 [&hellip;]<\/p>\n","protected":false},"author":990015,"featured_media":4490,"comment_status":"closed","ping_status":"closed","sticky":false,"template":"","format":"standard","meta":{"_eb_attr":"","footnotes":""},"categories":[1],"tags":[],"class_list":["post-4489","post","type-post","status-publish","format-standard","has-post-thumbnail","hentry","category-noticias-umc"],"blocksy_meta":{"styles_descriptor":{"styles":{"desktop":"","tablet":"","mobile":""},"google_fonts":[],"version":6}},"rttpg_featured_image_url":{"full":["https:\/\/www.umc.br\/noticias\/wp-content\/uploads\/2022\/01\/Professor-Walter-Vicioni-falara-sobre-Educacao-para-os-Novos-Tempos-dia-13-na-UMC.jpg",681,566,false],"landscape":["https:\/\/www.umc.br\/noticias\/wp-content\/uploads\/2022\/01\/Professor-Walter-Vicioni-falara-sobre-Educacao-para-os-Novos-Tempos-dia-13-na-UMC.jpg",681,566,false],"portraits":["https:\/\/www.umc.br\/noticias\/wp-content\/uploads\/2022\/01\/Professor-Walter-Vicioni-falara-sobre-Educacao-para-os-Novos-Tempos-dia-13-na-UMC.jpg",681,566,false],"thumbnail":["https:\/\/www.umc.br\/noticias\/wp-content\/uploads\/2022\/01\/Professor-Walter-Vicioni-falara-sobre-Educacao-para-os-Novos-Tempos-dia-13-na-UMC-150x150.jpg",150,150,true],"medium":["https:\/\/www.umc.br\/noticias\/wp-content\/uploads\/2022\/01\/Professor-Walter-Vicioni-falara-sobre-Educacao-para-os-Novos-Tempos-dia-13-na-UMC-300x249.jpg",300,249,true],"large":["https:\/\/www.umc.br\/noticias\/wp-content\/uploads\/2022\/01\/Professor-Walter-Vicioni-falara-sobre-Educacao-para-os-Novos-Tempos-dia-13-na-UMC.jpg",681,566,false],"1536x1536":["https:\/\/www.umc.br\/noticias\/wp-content\/uploads\/2022\/01\/Professor-Walter-Vicioni-falara-sobre-Educacao-para-os-Novos-Tempos-dia-13-na-UMC.jpg",681,566,false],"2048x2048":["https:\/\/www.umc.br\/noticias\/wp-content\/uploads\/2022\/01\/Professor-Walter-Vicioni-falara-sobre-Educacao-para-os-Novos-Tempos-dia-13-na-UMC.jpg",681,566,false],"tp-image-grid":["https:\/\/www.umc.br\/noticias\/wp-content\/uploads\/2022\/01\/Professor-Walter-Vicioni-falara-sobre-Educacao-para-os-Novos-Tempos-dia-13-na-UMC.jpg",681,566,false],"bdfe-large-thumb":["https:\/\/www.umc.br\/noticias\/wp-content\/uploads\/2022\/01\/Professor-Walter-Vicioni-falara-sobre-Educacao-para-os-Novos-Tempos-dia-13-na-UMC.jpg",600,499,false],"bdfe-hero-slider-thumb":["https:\/\/www.umc.br\/noticias\/wp-content\/uploads\/2022\/01\/Professor-Walter-Vicioni-falara-sobre-Educacao-para-os-Novos-Tempos-dia-13-na-UMC.jpg",681,566,false]},"rttpg_author":{"display_name":"Renato Nascimento","author_link":"https:\/\/www.umc.br\/noticias\/author\/renato\/"},"rttpg_comment":0,"rttpg_category":"<a href=\"https:\/\/www.umc.br\/noticias\/category\/noticias-umc\/\" rel=\"category tag\">Not\u00edcias UMC<\/a>","rttpg_excerpt":"A Universidade de Mogi das Cruzes (UMC) trar\u00e1 o superintendente licenciado do Sesi-SP e diretor regional licenciado do Senai-SP, professor Walter Vicioni, para ministrar a palestra &#8220;Educa\u00e7\u00e3o para os Novos Tempos&#8221;. Ser\u00e1 no dia 13 de setembro, \u00e0s 19 horas, no Teatro Manoel Bezerra de Melo (Bezerr\u00e3o). A entrada \u00e9 gratuita.Vicioni discutir\u00e1 temas ligados \u00e0&hellip;","_links":{"self":[{"href":"https:\/\/www.umc.br\/noticias\/wp-json\/wp\/v2\/posts\/4489","targetHints":{"allow":["GET"]}}],"collection":[{"href":"https:\/\/www.umc.br\/noticias\/wp-json\/wp\/v2\/posts"}],"about":[{"href":"https:\/\/www.umc.br\/noticias\/wp-json\/wp\/v2\/types\/post"}],"author":[{"embeddable":true,"href":"https:\/\/www.umc.br\/noticias\/wp-json\/wp\/v2\/users\/990015"}],"replies":[{"embeddable":true,"href":"https:\/\/www.umc.br\/noticias\/wp-json\/wp\/v2\/comments?post=4489"}],"version-history":[{"count":4,"href":"https:\/\/www.umc.br\/noticias\/wp-json\/wp\/v2\/posts\/4489\/revisions"}],"predecessor-version":[{"id":4494,"href":"https:\/\/www.umc.br\/noticias\/wp-json\/wp\/v2\/posts\/4489\/revisions\/4494"}],"wp:featuredmedia":[{"embeddable":true,"href":"https:\/\/www.umc.br\/noticias\/wp-json\/wp\/v2\/media\/4490"}],"wp:attachment":[{"href":"https:\/\/www.umc.br\/noticias\/wp-json\/wp\/v2\/media?parent=4489"}],"wp:term":[{"taxonomy":"category","embeddable":true,"href":"https:\/\/www.umc.br\/noticias\/wp-json\/wp\/v2\/categories?post=4489"},{"taxonomy":"post_tag","embeddable":true,"href":"https:\/\/www.umc.br\/noticias\/wp-json\/wp\/v2\/tags?post=4489"}],"curies":[{"name":"wp","href":"https:\/\/api.w.org\/{rel}","templated":true}]}}