{"id":4483,"date":"2018-09-11T20:24:32","date_gmt":"2018-09-11T20:24:32","guid":{"rendered":"https:\/\/www2.umc.br\/noticias\/?p=4483"},"modified":"2022-01-07T20:25:45","modified_gmt":"2022-01-07T20:25:45","slug":"curso-de-jornalismo-da-umc-conquista-primeiro-lugar-no-intercom-nacional","status":"publish","type":"post","link":"https:\/\/www.umc.br\/noticias\/curso-de-jornalismo-da-umc-conquista-primeiro-lugar-no-intercom-nacional\/","title":{"rendered":"Curso de Jornalismo da UMC conquista primeiro lugar no Intercom nacional"},"content":{"rendered":"\t\t<div data-elementor-type=\"wp-post\" data-elementor-id=\"4483\" class=\"elementor elementor-4483\" data-elementor-settings=\"{&quot;ha_cmc_init_switcher&quot;:&quot;no&quot;}\" data-elementor-post-type=\"post\">\n\t\t\t\t\t\t<section data-particle_enable=\"false\" data-particle-mobile-disabled=\"false\" class=\"elementor-section elementor-top-section elementor-element elementor-element-da468bb elementor-section-boxed elementor-section-height-default elementor-section-height-default\" data-id=\"da468bb\" data-element_type=\"section\" data-e-type=\"section\" data-settings=\"{&quot;_ha_eqh_enable&quot;:false,&quot;ekit_has_onepagescroll_dot&quot;:&quot;yes&quot;}\">\n\t\t\t\t\t\t<div class=\"elementor-container elementor-column-gap-default\">\n\t\t\t\t\t<div class=\"elementor-column elementor-col-100 elementor-top-column elementor-element elementor-element-2a1452f\" data-id=\"2a1452f\" data-element_type=\"column\" data-e-type=\"column\">\n\t\t\t<div class=\"elementor-widget-wrap elementor-element-populated\">\n\t\t\t\t\t\t<div class=\"elementor-element elementor-element-4e58757 elementor-widget elementor-widget-text-editor\" data-id=\"4e58757\" data-element_type=\"widget\" data-e-type=\"widget\" data-settings=\"{&quot;ekit_we_effect_on&quot;:&quot;none&quot;}\" data-widget_type=\"text-editor.default\">\n\t\t\t\t<div class=\"elementor-widget-container\">\n\t\t\t\t\t\t\t\t\t<p style=\"text-align: justify;\">O curso de jornalismo da Universidade de Mogi das Cruzes est\u00e1 em festa. \u00c9 que a reportagem \u201cDesaparecidos: hist\u00f3rias sem fim\u201d, produzido pela aluna Magda Nathia e orientada pelo prof. me. H\u00e9rcules Moreira, conquistou o primeiro lugar na disputa nacional da Expocom\/Intercom, modalidade que premia os melhores trabalhos de graduandos.<br \/>A mat\u00e9ria, que j\u00e1 havia sido premiada em junho desse ano, quando conquistou o primeiro lugar entre as universidades da regi\u00e3o Sudeste, disputou com os vencedores das regi\u00f5es Sul, Centro-Oeste, Norte e Nordeste e venceu, sendo assim, o curso tem a melhor reportagem em telejornalismo do Brasil.<br \/>\u201cSer a campe\u00e3 da regi\u00e3o Sudeste j\u00e1 foi uma honra, mas vencer o nacional \u00e9 indescrit\u00edvel. Eu estava concorrendo com os melhores e consegui ficar em primeiro lugar. Isso \u00e9 um grande incentivo para mim que ainda estou come\u00e7ando minha caminhada no jornalismo. Al\u00e9m de tudo, ver que as pessoas gostaram da minha reportagem, se interessaram pelo tema e at\u00e9 me parabenizaram pelo meu trabalho foi muito importante\u201d, afirma a aluna vencedora.<br \/>A premia\u00e7\u00e3o aconteceu durante a 41\u00aa edi\u00e7\u00e3o do Congresso Brasileiro de Ci\u00eancias da Comunica\u00e7\u00e3o, o Intercom, na Universidade da Regi\u00e3o de Joinville, a Univille, em Santa Catarina, entre os dias 2 e 8 de setembro.<\/p>\t\t\t\t\t\t\t\t<\/div>\n\t\t\t\t<\/div>\n\t\t\t\t\t<\/div>\n\t\t<\/div>\n\t\t\t\t\t<\/div>\n\t\t<\/section>\n\t\t\t\t<\/div>\n\t\t","protected":false},"excerpt":{"rendered":"<p>O curso de jornalismo da Universidade de Mogi das Cruzes est\u00e1 em festa. \u00c9 que a reportagem \u201cDesaparecidos: hist\u00f3rias sem fim\u201d, produzido pela aluna Magda Nathia e orientada pelo prof. me. H\u00e9rcules Moreira, conquistou o primeiro lugar na disputa nacional da Expocom\/Intercom, modalidade que premia os melhores trabalhos de graduandos.A mat\u00e9ria, que j\u00e1 havia sido [&hellip;]<\/p>\n","protected":false},"author":990015,"featured_media":4484,"comment_status":"closed","ping_status":"closed","sticky":false,"template":"","format":"standard","meta":{"_eb_attr":"","footnotes":""},"categories":[1],"tags":[],"class_list":["post-4483","post","type-post","status-publish","format-standard","has-post-thumbnail","hentry","category-noticias-umc"],"blocksy_meta":{"styles_descriptor":{"styles":{"desktop":"","tablet":"","mobile":""},"google_fonts":[],"version":6}},"rttpg_featured_image_url":{"full":["https:\/\/www.umc.br\/noticias\/wp-content\/uploads\/2022\/01\/Curso-de-Jornalismo-da-UMC-conquista-primeiro-lugar-no-Intercom-nacional.jpg",640,455,false],"landscape":["https:\/\/www.umc.br\/noticias\/wp-content\/uploads\/2022\/01\/Curso-de-Jornalismo-da-UMC-conquista-primeiro-lugar-no-Intercom-nacional.jpg",640,455,false],"portraits":["https:\/\/www.umc.br\/noticias\/wp-content\/uploads\/2022\/01\/Curso-de-Jornalismo-da-UMC-conquista-primeiro-lugar-no-Intercom-nacional.jpg",640,455,false],"thumbnail":["https:\/\/www.umc.br\/noticias\/wp-content\/uploads\/2022\/01\/Curso-de-Jornalismo-da-UMC-conquista-primeiro-lugar-no-Intercom-nacional-150x150.jpg",150,150,true],"medium":["https:\/\/www.umc.br\/noticias\/wp-content\/uploads\/2022\/01\/Curso-de-Jornalismo-da-UMC-conquista-primeiro-lugar-no-Intercom-nacional-300x213.jpg",300,213,true],"large":["https:\/\/www.umc.br\/noticias\/wp-content\/uploads\/2022\/01\/Curso-de-Jornalismo-da-UMC-conquista-primeiro-lugar-no-Intercom-nacional.jpg",640,455,false],"1536x1536":["https:\/\/www.umc.br\/noticias\/wp-content\/uploads\/2022\/01\/Curso-de-Jornalismo-da-UMC-conquista-primeiro-lugar-no-Intercom-nacional.jpg",640,455,false],"2048x2048":["https:\/\/www.umc.br\/noticias\/wp-content\/uploads\/2022\/01\/Curso-de-Jornalismo-da-UMC-conquista-primeiro-lugar-no-Intercom-nacional.jpg",640,455,false],"tp-image-grid":["https:\/\/www.umc.br\/noticias\/wp-content\/uploads\/2022\/01\/Curso-de-Jornalismo-da-UMC-conquista-primeiro-lugar-no-Intercom-nacional.jpg",640,455,false],"bdfe-large-thumb":["https:\/\/www.umc.br\/noticias\/wp-content\/uploads\/2022\/01\/Curso-de-Jornalismo-da-UMC-conquista-primeiro-lugar-no-Intercom-nacional.jpg",600,427,false],"bdfe-hero-slider-thumb":["https:\/\/www.umc.br\/noticias\/wp-content\/uploads\/2022\/01\/Curso-de-Jornalismo-da-UMC-conquista-primeiro-lugar-no-Intercom-nacional.jpg",640,455,false]},"rttpg_author":{"display_name":"Renato Nascimento","author_link":"https:\/\/www.umc.br\/noticias\/author\/renato\/"},"rttpg_comment":0,"rttpg_category":"<a href=\"https:\/\/www.umc.br\/noticias\/category\/noticias-umc\/\" rel=\"category tag\">Not\u00edcias UMC<\/a>","rttpg_excerpt":"O curso de jornalismo da Universidade de Mogi das Cruzes est\u00e1 em festa. \u00c9 que a reportagem \u201cDesaparecidos: hist\u00f3rias sem fim\u201d, produzido pela aluna Magda Nathia e orientada pelo prof. me. H\u00e9rcules Moreira, conquistou o primeiro lugar na disputa nacional da Expocom\/Intercom, modalidade que premia os melhores trabalhos de graduandos.A mat\u00e9ria, que j\u00e1 havia sido&hellip;","_links":{"self":[{"href":"https:\/\/www.umc.br\/noticias\/wp-json\/wp\/v2\/posts\/4483","targetHints":{"allow":["GET"]}}],"collection":[{"href":"https:\/\/www.umc.br\/noticias\/wp-json\/wp\/v2\/posts"}],"about":[{"href":"https:\/\/www.umc.br\/noticias\/wp-json\/wp\/v2\/types\/post"}],"author":[{"embeddable":true,"href":"https:\/\/www.umc.br\/noticias\/wp-json\/wp\/v2\/users\/990015"}],"replies":[{"embeddable":true,"href":"https:\/\/www.umc.br\/noticias\/wp-json\/wp\/v2\/comments?post=4483"}],"version-history":[{"count":4,"href":"https:\/\/www.umc.br\/noticias\/wp-json\/wp\/v2\/posts\/4483\/revisions"}],"predecessor-version":[{"id":4488,"href":"https:\/\/www.umc.br\/noticias\/wp-json\/wp\/v2\/posts\/4483\/revisions\/4488"}],"wp:featuredmedia":[{"embeddable":true,"href":"https:\/\/www.umc.br\/noticias\/wp-json\/wp\/v2\/media\/4484"}],"wp:attachment":[{"href":"https:\/\/www.umc.br\/noticias\/wp-json\/wp\/v2\/media?parent=4483"}],"wp:term":[{"taxonomy":"category","embeddable":true,"href":"https:\/\/www.umc.br\/noticias\/wp-json\/wp\/v2\/categories?post=4483"},{"taxonomy":"post_tag","embeddable":true,"href":"https:\/\/www.umc.br\/noticias\/wp-json\/wp\/v2\/tags?post=4483"}],"curies":[{"name":"wp","href":"https:\/\/api.w.org\/{rel}","templated":true}]}}