{"id":4465,"date":"2018-09-19T19:47:47","date_gmt":"2018-09-19T19:47:47","guid":{"rendered":"https:\/\/www2.umc.br\/noticias\/?p=4465"},"modified":"2022-01-07T19:49:08","modified_gmt":"2022-01-07T19:49:08","slug":"feira-de-saude-da-umc-oferece-consultas-exames-e-orientacoes-em-diversas-especialidades","status":"publish","type":"post","link":"https:\/\/www.umc.br\/noticias\/feira-de-saude-da-umc-oferece-consultas-exames-e-orientacoes-em-diversas-especialidades\/","title":{"rendered":"Feira de Sa\u00fade da UMC oferece consultas, exames e orienta\u00e7\u00f5es em diversas especialidades"},"content":{"rendered":"\t\t<div data-elementor-type=\"wp-post\" data-elementor-id=\"4465\" class=\"elementor elementor-4465\" data-elementor-settings=\"{&quot;ha_cmc_init_switcher&quot;:&quot;no&quot;}\" data-elementor-post-type=\"post\">\n\t\t\t\t\t\t<section data-particle_enable=\"false\" data-particle-mobile-disabled=\"false\" class=\"elementor-section elementor-top-section elementor-element elementor-element-db3b660 elementor-section-boxed elementor-section-height-default elementor-section-height-default\" data-id=\"db3b660\" data-element_type=\"section\" data-e-type=\"section\" data-settings=\"{&quot;_ha_eqh_enable&quot;:false,&quot;ekit_has_onepagescroll_dot&quot;:&quot;yes&quot;}\">\n\t\t\t\t\t\t<div class=\"elementor-container elementor-column-gap-default\">\n\t\t\t\t\t<div class=\"elementor-column elementor-col-100 elementor-top-column elementor-element elementor-element-c3e2602\" data-id=\"c3e2602\" data-element_type=\"column\" data-e-type=\"column\">\n\t\t\t<div class=\"elementor-widget-wrap elementor-element-populated\">\n\t\t\t\t\t\t<div class=\"elementor-element elementor-element-066f063 elementor-widget elementor-widget-text-editor\" data-id=\"066f063\" data-element_type=\"widget\" data-e-type=\"widget\" data-settings=\"{&quot;ekit_we_effect_on&quot;:&quot;none&quot;}\" data-widget_type=\"text-editor.default\">\n\t\t\t\t<div class=\"elementor-widget-container\">\n\t\t\t\t\t\t\t\t\t<p style=\"text-align: justify;\">No pr\u00f3ximo s\u00e1bado, os moradores do Alto Tiet\u00ea ter\u00e3o \u00e0 disposi\u00e7\u00e3o mais de 32 tipos de atendimentos gratuitos que ser\u00e3o oferecidos durante a Feira de Sa\u00fade, nos dias 22 e 23 de setembro, das 8 \u00e0s 17 horas. O evento, organizado pelo Centro Acad\u00eamico Ant\u00f4nio Prudente, com apoio dos professores do curso de Medicina da UMC, ser\u00e1 na Policl\u00ednica. Mais informa\u00e7\u00f5es podem ser obtidas pelo telefone 4728-5383.<br \/>Segundo os organizadores, s\u00e3o esperadas mais de 2 mil pessoas, que ser\u00e3o atendidas por cerca de 400 alunos e 40 professores. Para participar, basta o interessado comparecer no s\u00e1bado ou no domingo, apresentar um documento com foto e escolher as modalidades m\u00e9dicas nas quais deseja se consultar ou se informar. A equipe de atendimento tamb\u00e9m far\u00e1 os encaminhamentos se identificar a necessidade do paciente.<br \/>\u201cQuem participar da Feira de Sa\u00fade ter\u00e1 \u00e0 disposi\u00e7\u00e3o consultas, exames e orienta\u00e7\u00f5es em diferentes especialidades m\u00e9dicas. O atendimento ser\u00e1 feito pelos alunos, com supervis\u00e3o dos professores\u201d, contou Henrique Naufel, coordenador do curso de Medicina da UMC.<br \/>O evento contar\u00e1 tamb\u00e9m com a participa\u00e7\u00e3o dos cursos de Biomedicina, Nutri\u00e7\u00e3o, Psicologia, Fisioterapia, Odontologia e Direito. Entre os atendimentos oferecidos na Feira de Sa\u00fade est\u00e3o aferi\u00e7\u00e3o da press\u00e3o arterial, exames de glicemia, urina, PSA e Papanicolau, teste r\u00e1pido para hepatite C, orienta\u00e7\u00f5es posturais e alongamentos. A popula\u00e7\u00e3o tamb\u00e9m poder\u00e1 optar por consultas nas seguintes especialidades: psiquiatria, cl\u00ednica geral, otorrinolaringologia, pediatria, neurologia, cardiologia, pneumologia, oftalmologia (vagas limitadas) e gastroenterologia.<br \/>Haver\u00e1, ainda, aconselhamento psicol\u00f3gico, gen\u00e9tico, nutricional, ambulat\u00f3rio de dermatologia e cirurgia pl\u00e1stica (vagas limitadas), atendimento jur\u00eddico, preven\u00e7\u00e3o da sa\u00fade bucal, palestras sobre temas variados da \u00e1rea da sa\u00fade, atendimento a diab\u00e9ticos, retirada de cisto, unha encravada e verruga (vagas limitadas), orienta\u00e7\u00e3o em endocrinologia, plant\u00e3o de d\u00favidas sobre INSS e per\u00edcia m\u00e9dica, encaminhamento para ultrassonografia, al\u00e9m de conta\u00e7\u00e3o de hist\u00f3rias e brinquedoteca. Ser\u00e3o realizados, tamb\u00e9m, no s\u00e1bado de manh\u00e3, corte de cabelo masculino e feminino, al\u00e9m de maquiagem.<br \/>\u201cA Feira de Sa\u00fade chega \u00e0 18\u00aa edi\u00e7\u00e3o e mobiliza professores e alunos com o objetivo de auxiliar a comunidade e atender as pessoas gratuitamente em diversas \u00e1reas m\u00e9dicas. S\u00e3o servi\u00e7os de qualidade e importantes em um s\u00f3 local, facilitando o acesso de todos aos servi\u00e7os m\u00e9dicos e de outras \u00e1reas tamb\u00e9m\u201d, explicou Fernanda Luisa Bolanho Fais, presidente do Centro Acad\u00eamico Ant\u00f4nio Prudente do curso de Medicina da UMC.<\/p><p style=\"text-align: justify;\"><strong>Servi\u00e7o:<\/strong><br \/><strong>Feira de Sa\u00fade 2018<\/strong><br \/>Data: 22 e 23 de setembro<br \/>Hor\u00e1rio: das 8 \u00e0s 17 horas<br \/>Local: Policl\u00ednica<br \/>Endere\u00e7o: rua Dom Ant\u00f4nio C\u00e2ndido Alvarenga, 170<br \/>Mais informa\u00e7\u00f5es: 4728-5383<\/p><p style=\"text-align: justify;\"><strong>Servi\u00e7os oferecidos<\/strong><\/p><p style=\"text-align: justify;\">Aferi\u00e7\u00e3o de press\u00e3o arterial<br \/>Exame de glicemia<br \/>Psicologia\/aconselhamento psicol\u00f3gico<br \/>Aconselhamento nutricional<br \/>Exame de urina tipo I<br \/>Atendimento jur\u00eddico<br \/>Orienta\u00e7\u00e3o postural e alongamento<br \/>Preven\u00e7\u00e3o da sa\u00fade bucal<br \/>Exame de toque e solicita\u00e7\u00e3o de exame para dosagem do PSA<br \/>Conta\u00e7\u00e3o de Hist\u00f3rias e Palha\u00e7oterapia<br \/>Brinquedoteca<br \/>Palestras<br \/>Atendimento Psiqui\u00e1trico<br \/>Cl\u00ednico Geral<br \/>Exame de Papanicolau e consulta ginecol\u00f3gica<br \/>Otorrinolaringologia<br \/>Pediatria<br \/>Retirada de Cisto, Unha Encravada e Verruga (vagas limitadas)<br \/>Atendimento a diab\u00e9ticos<br \/>Neurologia<br \/>Ambulat\u00f3rio de Dermatologia e Cirurgia Pl\u00e1stica<br \/>Teste e orienta\u00e7\u00f5es sobre Hepatite C<br \/>Orienta\u00e7\u00e3o em Endocrinologia<br \/>Plant\u00e3o de d\u00favidas sobre per\u00edcias m\u00e9dicas e INSS<br \/>Cardiologia<br \/>Aconselhamento Gen\u00e9tico<br \/>Encaminhamento para ultrassonografia<br \/>Gastroenterologia<br \/>Oftalmologia<br \/>Pneumologia<br \/>Corte de cabelo feminino e masculino, e maquiagem (s\u00e1bado)<\/p>\t\t\t\t\t\t\t\t<\/div>\n\t\t\t\t<\/div>\n\t\t\t\t\t<\/div>\n\t\t<\/div>\n\t\t\t\t\t<\/div>\n\t\t<\/section>\n\t\t\t\t<\/div>\n\t\t","protected":false},"excerpt":{"rendered":"<p>No pr\u00f3ximo s\u00e1bado, os moradores do Alto Tiet\u00ea ter\u00e3o \u00e0 disposi\u00e7\u00e3o mais de 32 tipos de atendimentos gratuitos que ser\u00e3o oferecidos durante a Feira de Sa\u00fade, nos dias 22 e 23 de setembro, das 8 \u00e0s 17 horas. O evento, organizado pelo Centro Acad\u00eamico Ant\u00f4nio Prudente, com apoio dos professores do curso de Medicina da [&hellip;]<\/p>\n","protected":false},"author":990015,"featured_media":4466,"comment_status":"closed","ping_status":"closed","sticky":false,"template":"","format":"standard","meta":{"_eb_attr":"","footnotes":""},"categories":[1],"tags":[],"class_list":["post-4465","post","type-post","status-publish","format-standard","has-post-thumbnail","hentry","category-noticias-umc"],"blocksy_meta":{"styles_descriptor":{"styles":{"desktop":"","tablet":"","mobile":""},"google_fonts":[],"version":6}},"rttpg_featured_image_url":{"full":["https:\/\/www.umc.br\/noticias\/wp-content\/uploads\/2022\/01\/Feira-de-Saude-da-UMC-oferece-consultas-exames-e-orientacoes-em-diversas-especialidades.png",222,192,false],"landscape":["https:\/\/www.umc.br\/noticias\/wp-content\/uploads\/2022\/01\/Feira-de-Saude-da-UMC-oferece-consultas-exames-e-orientacoes-em-diversas-especialidades.png",222,192,false],"portraits":["https:\/\/www.umc.br\/noticias\/wp-content\/uploads\/2022\/01\/Feira-de-Saude-da-UMC-oferece-consultas-exames-e-orientacoes-em-diversas-especialidades.png",222,192,false],"thumbnail":["https:\/\/www.umc.br\/noticias\/wp-content\/uploads\/2022\/01\/Feira-de-Saude-da-UMC-oferece-consultas-exames-e-orientacoes-em-diversas-especialidades-150x150.png",150,150,true],"medium":["https:\/\/www.umc.br\/noticias\/wp-content\/uploads\/2022\/01\/Feira-de-Saude-da-UMC-oferece-consultas-exames-e-orientacoes-em-diversas-especialidades.png",222,192,false],"large":["https:\/\/www.umc.br\/noticias\/wp-content\/uploads\/2022\/01\/Feira-de-Saude-da-UMC-oferece-consultas-exames-e-orientacoes-em-diversas-especialidades.png",222,192,false],"1536x1536":["https:\/\/www.umc.br\/noticias\/wp-content\/uploads\/2022\/01\/Feira-de-Saude-da-UMC-oferece-consultas-exames-e-orientacoes-em-diversas-especialidades.png",222,192,false],"2048x2048":["https:\/\/www.umc.br\/noticias\/wp-content\/uploads\/2022\/01\/Feira-de-Saude-da-UMC-oferece-consultas-exames-e-orientacoes-em-diversas-especialidades.png",222,192,false],"tp-image-grid":["https:\/\/www.umc.br\/noticias\/wp-content\/uploads\/2022\/01\/Feira-de-Saude-da-UMC-oferece-consultas-exames-e-orientacoes-em-diversas-especialidades.png",222,192,false],"bdfe-large-thumb":["https:\/\/www.umc.br\/noticias\/wp-content\/uploads\/2022\/01\/Feira-de-Saude-da-UMC-oferece-consultas-exames-e-orientacoes-em-diversas-especialidades.png",222,192,false],"bdfe-hero-slider-thumb":["https:\/\/www.umc.br\/noticias\/wp-content\/uploads\/2022\/01\/Feira-de-Saude-da-UMC-oferece-consultas-exames-e-orientacoes-em-diversas-especialidades.png",222,192,false]},"rttpg_author":{"display_name":"Renato Nascimento","author_link":"https:\/\/www.umc.br\/noticias\/author\/renato\/"},"rttpg_comment":0,"rttpg_category":"<a href=\"https:\/\/www.umc.br\/noticias\/category\/noticias-umc\/\" rel=\"category tag\">Not\u00edcias UMC<\/a>","rttpg_excerpt":"No pr\u00f3ximo s\u00e1bado, os moradores do Alto Tiet\u00ea ter\u00e3o \u00e0 disposi\u00e7\u00e3o mais de 32 tipos de atendimentos gratuitos que ser\u00e3o oferecidos durante a Feira de Sa\u00fade, nos dias 22 e 23 de setembro, das 8 \u00e0s 17 horas. O evento, organizado pelo Centro Acad\u00eamico Ant\u00f4nio Prudente, com apoio dos professores do curso de Medicina da&hellip;","_links":{"self":[{"href":"https:\/\/www.umc.br\/noticias\/wp-json\/wp\/v2\/posts\/4465","targetHints":{"allow":["GET"]}}],"collection":[{"href":"https:\/\/www.umc.br\/noticias\/wp-json\/wp\/v2\/posts"}],"about":[{"href":"https:\/\/www.umc.br\/noticias\/wp-json\/wp\/v2\/types\/post"}],"author":[{"embeddable":true,"href":"https:\/\/www.umc.br\/noticias\/wp-json\/wp\/v2\/users\/990015"}],"replies":[{"embeddable":true,"href":"https:\/\/www.umc.br\/noticias\/wp-json\/wp\/v2\/comments?post=4465"}],"version-history":[{"count":4,"href":"https:\/\/www.umc.br\/noticias\/wp-json\/wp\/v2\/posts\/4465\/revisions"}],"predecessor-version":[{"id":4470,"href":"https:\/\/www.umc.br\/noticias\/wp-json\/wp\/v2\/posts\/4465\/revisions\/4470"}],"wp:featuredmedia":[{"embeddable":true,"href":"https:\/\/www.umc.br\/noticias\/wp-json\/wp\/v2\/media\/4466"}],"wp:attachment":[{"href":"https:\/\/www.umc.br\/noticias\/wp-json\/wp\/v2\/media?parent=4465"}],"wp:term":[{"taxonomy":"category","embeddable":true,"href":"https:\/\/www.umc.br\/noticias\/wp-json\/wp\/v2\/categories?post=4465"},{"taxonomy":"post_tag","embeddable":true,"href":"https:\/\/www.umc.br\/noticias\/wp-json\/wp\/v2\/tags?post=4465"}],"curies":[{"name":"wp","href":"https:\/\/api.w.org\/{rel}","templated":true}]}}