{"id":4384,"date":"2018-11-08T22:29:01","date_gmt":"2018-11-08T22:29:01","guid":{"rendered":"https:\/\/www2.umc.br\/noticias\/?p=4384"},"modified":"2022-01-06T22:30:52","modified_gmt":"2022-01-06T22:30:52","slug":"secretaria-estadual-de-energia-e-mineracao-e-usp-criam-concurso-para-restauracao-de-areas-mineradas","status":"publish","type":"post","link":"https:\/\/www.umc.br\/noticias\/secretaria-estadual-de-energia-e-mineracao-e-usp-criam-concurso-para-restauracao-de-areas-mineradas\/","title":{"rendered":"Secretaria Estadual de Energia e Minera\u00e7\u00e3o e USP criam concurso para restaura\u00e7\u00e3o de \u00e1reas mineradas"},"content":{"rendered":"\t\t<div data-elementor-type=\"wp-post\" data-elementor-id=\"4384\" class=\"elementor elementor-4384\" data-elementor-settings=\"{&quot;ha_cmc_init_switcher&quot;:&quot;no&quot;}\" data-elementor-post-type=\"post\">\n\t\t\t\t\t\t<section data-particle_enable=\"false\" data-particle-mobile-disabled=\"false\" class=\"elementor-section elementor-top-section elementor-element elementor-element-a651a5f elementor-section-boxed elementor-section-height-default elementor-section-height-default\" data-id=\"a651a5f\" data-element_type=\"section\" data-e-type=\"section\" data-settings=\"{&quot;_ha_eqh_enable&quot;:false,&quot;ekit_has_onepagescroll_dot&quot;:&quot;yes&quot;}\">\n\t\t\t\t\t\t<div class=\"elementor-container elementor-column-gap-default\">\n\t\t\t\t\t<div class=\"elementor-column elementor-col-100 elementor-top-column elementor-element elementor-element-e3e96ce\" data-id=\"e3e96ce\" data-element_type=\"column\" data-e-type=\"column\">\n\t\t\t<div class=\"elementor-widget-wrap elementor-element-populated\">\n\t\t\t\t\t\t<div class=\"elementor-element elementor-element-fc51577 elementor-widget elementor-widget-text-editor\" data-id=\"fc51577\" data-element_type=\"widget\" data-e-type=\"widget\" data-settings=\"{&quot;ekit_we_effect_on&quot;:&quot;none&quot;}\" data-widget_type=\"text-editor.default\">\n\t\t\t\t<div class=\"elementor-widget-container\">\n\t\t\t\t\t\t\t\t\t<p style=\"text-align: justify;\">Com o objetivo de trazer solu\u00e7\u00f5es inovadoras de interesse social e que beneficiem \u00e1reas mineradas do Estado de S\u00e3o Paulo, a Secretaria Estadual de Energia e Minera\u00e7\u00e3o e a Escola Polit\u00e9cnica da Universidade de S\u00e3o Paulo criam o 1\u00ba Concurso de Projetos de Destina\u00e7\u00e3o de \u00c1reas Mineradas para Utiliza\u00e7\u00e3o Econ\u00f4mica e Social.<\/p><p style=\"text-align: justify;\">Os interessados devem criar projetos de impacto social, ambiental e econ\u00f4mico, em regi\u00f5es onde se desenvolveram atividades de minera\u00e7\u00e3o e podem formar equipes de at\u00e9 5 pessoas, sendo da mesma universidade ou n\u00e3o.<\/p><p style=\"text-align: justify;\">O concurso abranger\u00e1 duas modalidades, sendo elas: minera\u00e7\u00e3o em cavas e minera\u00e7\u00e3o em meia costa, e premiar\u00e1 os 3 melhores trabalhos de cada modalidade, que melhor abordarem a viabilidade t\u00e9cnica, econ\u00f4mica e import\u00e2ncia social, al\u00e9m de aspectos ambientais e funcionais.<\/p><p style=\"text-align: justify;\">Todos os estudantes regularmente matriculados nas \u00e1reas correlatas de qualquer universidade do Estado de S\u00e3o Paulo, podem participar e as inscri\u00e7\u00f5es v\u00e3o at\u00e9 o dia 26 de novembro de 2018 e devem ser realizadas <a href=\"http:\/\/mineracao.nap.usp.br\/pt-br\/\">clicando aqui<\/a>.<\/p>\t\t\t\t\t\t\t\t<\/div>\n\t\t\t\t<\/div>\n\t\t\t\t\t<\/div>\n\t\t<\/div>\n\t\t\t\t\t<\/div>\n\t\t<\/section>\n\t\t\t\t<\/div>\n\t\t","protected":false},"excerpt":{"rendered":"<p>Com o objetivo de trazer solu\u00e7\u00f5es inovadoras de interesse social e que beneficiem \u00e1reas mineradas do Estado de S\u00e3o Paulo, a Secretaria Estadual de Energia e Minera\u00e7\u00e3o e a Escola Polit\u00e9cnica da Universidade de S\u00e3o Paulo criam o 1\u00ba Concurso de Projetos de Destina\u00e7\u00e3o de \u00c1reas Mineradas para Utiliza\u00e7\u00e3o Econ\u00f4mica e Social. Os interessados devem [&hellip;]<\/p>\n","protected":false},"author":990015,"featured_media":4385,"comment_status":"closed","ping_status":"closed","sticky":false,"template":"","format":"standard","meta":{"_eb_attr":"","footnotes":""},"categories":[1],"tags":[],"class_list":["post-4384","post","type-post","status-publish","format-standard","has-post-thumbnail","hentry","category-noticias-umc"],"blocksy_meta":{"styles_descriptor":{"styles":{"desktop":"","tablet":"","mobile":""},"google_fonts":[],"version":6}},"rttpg_featured_image_url":{"full":["https:\/\/www.umc.br\/noticias\/wp-content\/uploads\/2022\/01\/Secretaria-Estadual-de-Energia-e-Mineracao-e-USP-criam-concurso-para-restauracao-de-areas-mineradas.jpg",337,254,false],"landscape":["https:\/\/www.umc.br\/noticias\/wp-content\/uploads\/2022\/01\/Secretaria-Estadual-de-Energia-e-Mineracao-e-USP-criam-concurso-para-restauracao-de-areas-mineradas.jpg",337,254,false],"portraits":["https:\/\/www.umc.br\/noticias\/wp-content\/uploads\/2022\/01\/Secretaria-Estadual-de-Energia-e-Mineracao-e-USP-criam-concurso-para-restauracao-de-areas-mineradas.jpg",337,254,false],"thumbnail":["https:\/\/www.umc.br\/noticias\/wp-content\/uploads\/2022\/01\/Secretaria-Estadual-de-Energia-e-Mineracao-e-USP-criam-concurso-para-restauracao-de-areas-mineradas-150x150.jpg",150,150,true],"medium":["https:\/\/www.umc.br\/noticias\/wp-content\/uploads\/2022\/01\/Secretaria-Estadual-de-Energia-e-Mineracao-e-USP-criam-concurso-para-restauracao-de-areas-mineradas-300x226.jpg",300,226,true],"large":["https:\/\/www.umc.br\/noticias\/wp-content\/uploads\/2022\/01\/Secretaria-Estadual-de-Energia-e-Mineracao-e-USP-criam-concurso-para-restauracao-de-areas-mineradas.jpg",337,254,false],"1536x1536":["https:\/\/www.umc.br\/noticias\/wp-content\/uploads\/2022\/01\/Secretaria-Estadual-de-Energia-e-Mineracao-e-USP-criam-concurso-para-restauracao-de-areas-mineradas.jpg",337,254,false],"2048x2048":["https:\/\/www.umc.br\/noticias\/wp-content\/uploads\/2022\/01\/Secretaria-Estadual-de-Energia-e-Mineracao-e-USP-criam-concurso-para-restauracao-de-areas-mineradas.jpg",337,254,false],"tp-image-grid":["https:\/\/www.umc.br\/noticias\/wp-content\/uploads\/2022\/01\/Secretaria-Estadual-de-Energia-e-Mineracao-e-USP-criam-concurso-para-restauracao-de-areas-mineradas.jpg",337,254,false],"bdfe-large-thumb":["https:\/\/www.umc.br\/noticias\/wp-content\/uploads\/2022\/01\/Secretaria-Estadual-de-Energia-e-Mineracao-e-USP-criam-concurso-para-restauracao-de-areas-mineradas.jpg",337,254,false],"bdfe-hero-slider-thumb":["https:\/\/www.umc.br\/noticias\/wp-content\/uploads\/2022\/01\/Secretaria-Estadual-de-Energia-e-Mineracao-e-USP-criam-concurso-para-restauracao-de-areas-mineradas.jpg",337,254,false]},"rttpg_author":{"display_name":"Renato Nascimento","author_link":"https:\/\/www.umc.br\/noticias\/author\/renato\/"},"rttpg_comment":0,"rttpg_category":"<a href=\"https:\/\/www.umc.br\/noticias\/category\/noticias-umc\/\" rel=\"category tag\">Not\u00edcias UMC<\/a>","rttpg_excerpt":"Com o objetivo de trazer solu\u00e7\u00f5es inovadoras de interesse social e que beneficiem \u00e1reas mineradas do Estado de S\u00e3o Paulo, a Secretaria Estadual de Energia e Minera\u00e7\u00e3o e a Escola Polit\u00e9cnica da Universidade de S\u00e3o Paulo criam o 1\u00ba Concurso de Projetos de Destina\u00e7\u00e3o de \u00c1reas Mineradas para Utiliza\u00e7\u00e3o Econ\u00f4mica e Social. Os interessados devem&hellip;","_links":{"self":[{"href":"https:\/\/www.umc.br\/noticias\/wp-json\/wp\/v2\/posts\/4384","targetHints":{"allow":["GET"]}}],"collection":[{"href":"https:\/\/www.umc.br\/noticias\/wp-json\/wp\/v2\/posts"}],"about":[{"href":"https:\/\/www.umc.br\/noticias\/wp-json\/wp\/v2\/types\/post"}],"author":[{"embeddable":true,"href":"https:\/\/www.umc.br\/noticias\/wp-json\/wp\/v2\/users\/990015"}],"replies":[{"embeddable":true,"href":"https:\/\/www.umc.br\/noticias\/wp-json\/wp\/v2\/comments?post=4384"}],"version-history":[{"count":4,"href":"https:\/\/www.umc.br\/noticias\/wp-json\/wp\/v2\/posts\/4384\/revisions"}],"predecessor-version":[{"id":4389,"href":"https:\/\/www.umc.br\/noticias\/wp-json\/wp\/v2\/posts\/4384\/revisions\/4389"}],"wp:featuredmedia":[{"embeddable":true,"href":"https:\/\/www.umc.br\/noticias\/wp-json\/wp\/v2\/media\/4385"}],"wp:attachment":[{"href":"https:\/\/www.umc.br\/noticias\/wp-json\/wp\/v2\/media?parent=4384"}],"wp:term":[{"taxonomy":"category","embeddable":true,"href":"https:\/\/www.umc.br\/noticias\/wp-json\/wp\/v2\/categories?post=4384"},{"taxonomy":"post_tag","embeddable":true,"href":"https:\/\/www.umc.br\/noticias\/wp-json\/wp\/v2\/tags?post=4384"}],"curies":[{"name":"wp","href":"https:\/\/api.w.org\/{rel}","templated":true}]}}