{"id":4354,"date":"2018-11-20T22:13:52","date_gmt":"2018-11-20T22:13:52","guid":{"rendered":"https:\/\/www2.umc.br\/noticias\/?p=4354"},"modified":"2022-01-06T22:15:02","modified_gmt":"2022-01-06T22:15:02","slug":"aluno-da-umc-ganha-premio-em-maior-congresso-de-engenharia-biomedica-do-pais","status":"publish","type":"post","link":"https:\/\/www.umc.br\/noticias\/aluno-da-umc-ganha-premio-em-maior-congresso-de-engenharia-biomedica-do-pais\/","title":{"rendered":"Aluno da UMC ganha pr\u00eamio em maior Congresso de Engenharia Biom\u00e9dica do pa\u00eds"},"content":{"rendered":"\t\t<div data-elementor-type=\"wp-post\" data-elementor-id=\"4354\" class=\"elementor elementor-4354\" data-elementor-settings=\"{&quot;ha_cmc_init_switcher&quot;:&quot;no&quot;}\" data-elementor-post-type=\"post\">\n\t\t\t\t\t\t<section data-particle_enable=\"false\" data-particle-mobile-disabled=\"false\" class=\"elementor-section elementor-top-section elementor-element elementor-element-385c468 elementor-section-boxed elementor-section-height-default elementor-section-height-default\" data-id=\"385c468\" data-element_type=\"section\" data-e-type=\"section\" data-settings=\"{&quot;_ha_eqh_enable&quot;:false,&quot;ekit_has_onepagescroll_dot&quot;:&quot;yes&quot;}\">\n\t\t\t\t\t\t<div class=\"elementor-container elementor-column-gap-default\">\n\t\t\t\t\t<div class=\"elementor-column elementor-col-100 elementor-top-column elementor-element elementor-element-09fe4db\" data-id=\"09fe4db\" data-element_type=\"column\" data-e-type=\"column\">\n\t\t\t<div class=\"elementor-widget-wrap elementor-element-populated\">\n\t\t\t\t\t\t<div class=\"elementor-element elementor-element-d6e4d7c elementor-widget elementor-widget-text-editor\" data-id=\"d6e4d7c\" data-element_type=\"widget\" data-e-type=\"widget\" data-settings=\"{&quot;ekit_we_effect_on&quot;:&quot;none&quot;}\" data-widget_type=\"text-editor.default\">\n\t\t\t\t<div class=\"elementor-widget-container\">\n\t\t\t\t\t\t\t\t\t<p style=\"text-align: justify;\">O aluno do doutorado em Engenharia Biom\u00e9dica da UMC, Renato Brito Sanchez, participou do XXVI Congresso Brasileiro de Engenharia Biom\u00e9dica, realizado entre os dias 21 e 25 de outubro em B\u00fazios \u2013 RJ, com o trabalho sobre o uso de Intelig\u00eancia Artificial para detectar a Doen\u00e7a de Alzheimer, e garantiu o 2\u00ba lugar no pr\u00eamio Jovem Pesquisador \u201cAntonio Fernando Catelli Infantosi\u201d.<\/p><p style=\"text-align: justify;\">A doen\u00e7a de Alzheimer ocorre a partir dos 25 anos, em decorr\u00eancia da morte das c\u00e9lulas neurais, as quais diminuem significativamente a capacidade cognitiva. E pensando nisso, o doutorando prop\u00f4s em seu trabalho, nomeado como \u201cArtificial intelligence to detect Alzheimer&#8217;s in magnetic resonances\u201d, a cria\u00e7\u00e3o de um algoritmo com intelig\u00eancia artificial e aplica\u00e7\u00e3o do TensorFlow (um sistema para cria\u00e7\u00e3o e treinamento de redes neurais para detectar e decifrar padr\u00f5es e correla\u00e7\u00f5es, an\u00e1logo \u00e0 forma como humanos aprendem e raciocinam) da Google Brain, o qual analisa os exames de Resson\u00e2ncia Magn\u00e9tica para poder identificar o diagn\u00f3stico de Alzheimer.<\/p><p style=\"text-align: justify;\">O m\u00e9todo utilizado atualmente n\u00e3o fornece um diagn\u00f3stico, apenas as imagens para o m\u00e9dico analisa-las e ent\u00e3o dar um parecer. A proposta deste trabalho sugere utilizar a Intelig\u00eancia Artificial para fazer o processamento das imagens obtidas pela resson\u00e2ncia, com maior velocidade, comparando as imagens automaticamente.<\/p><p style=\"text-align: justify;\">Um estudo foi realizado com dois grupos selecionados: um para controle (de pacientes saud\u00e1veis) e um de pacientes com Alzheimer, no qual o algoritmo analisa os exames e ent\u00e3o d\u00e1 o diagn\u00f3stico. Ap\u00f3s as valida\u00e7\u00f5es, os resultados obtidos apresentaram um acerto de 97% em rela\u00e7\u00e3o ao m\u00e9todo convencional. Logo, com o uso da Intelig\u00eancia Artificial, os diagn\u00f3sticos seriam mais assertivos e r\u00e1pidos.<\/p><p style=\"text-align: justify;\">Para a professora e orientadora Dra. Silvia C. Martini, a participa\u00e7\u00e3o do aluno no maior congresso da \u00e1rea \u201c\u00e9 de fundamental import\u00e2ncia para a sua forma\u00e7\u00e3o, pois al\u00e9m da integra\u00e7\u00e3o entre os pesquisadores h\u00e1 tamb\u00e9m trocas de informa\u00e7\u00f5es e ideias. \u00c9 sempre um aprendizado\u201d \u2013 enfatiza.<\/p><p style=\"text-align: justify;\">J\u00e1 para Renato, o fato de poder trabalhar o que aprendeu para desenvolver solu\u00e7\u00f5es que favore\u00e7am a sociedade \u00e9 algo que lhe atrai muito e um congresso como este \u00e9 a oportunidade de mostrar todo o seu potencial. \u201c A participa\u00e7\u00e3o no Congresso de Engenharia Biom\u00e9dica foi uma novidade para mim, por\u00e9m representou um grande passo, pois tive contato imediato com outros pesquisadores, assim pude conhecer melhor a aplica\u00e7\u00e3o do que eu estava trabalhando. Tenho grande interesse em continuar o estudo e desenvolvimento da minha pesquisa. Al\u00e9m disso, sei que um pr\u00eamio como esse, al\u00e9m do fato de ter um doutorado em meu curr\u00edculo, contribuir\u00e1 muito para minha vida profissional, para minha expans\u00e3o e crescimento. Sem d\u00favidas, foi uma experi\u00eancia \u00fanica\u201d \u2013 declara.<\/p>\t\t\t\t\t\t\t\t<\/div>\n\t\t\t\t<\/div>\n\t\t\t\t\t<\/div>\n\t\t<\/div>\n\t\t\t\t\t<\/div>\n\t\t<\/section>\n\t\t\t\t<\/div>\n\t\t","protected":false},"excerpt":{"rendered":"<p>O aluno do doutorado em Engenharia Biom\u00e9dica da UMC, Renato Brito Sanchez, participou do XXVI Congresso Brasileiro de Engenharia Biom\u00e9dica, realizado entre os dias 21 e 25 de outubro em B\u00fazios \u2013 RJ, com o trabalho sobre o uso de Intelig\u00eancia Artificial para detectar a Doen\u00e7a de Alzheimer, e garantiu o 2\u00ba lugar no pr\u00eamio [&hellip;]<\/p>\n","protected":false},"author":990015,"featured_media":4355,"comment_status":"closed","ping_status":"closed","sticky":false,"template":"","format":"standard","meta":{"_eb_attr":"","footnotes":""},"categories":[1],"tags":[],"class_list":["post-4354","post","type-post","status-publish","format-standard","has-post-thumbnail","hentry","category-noticias-umc"],"blocksy_meta":{"styles_descriptor":{"styles":{"desktop":"","tablet":"","mobile":""},"google_fonts":[],"version":6}},"rttpg_featured_image_url":{"full":["https:\/\/www.umc.br\/noticias\/wp-content\/uploads\/2022\/01\/Aluno-da-UMC-ganha-premio-em-maior-Congresso-de-Engenharia-Biomedica-do-pais.jpg",333,250,false],"landscape":["https:\/\/www.umc.br\/noticias\/wp-content\/uploads\/2022\/01\/Aluno-da-UMC-ganha-premio-em-maior-Congresso-de-Engenharia-Biomedica-do-pais.jpg",333,250,false],"portraits":["https:\/\/www.umc.br\/noticias\/wp-content\/uploads\/2022\/01\/Aluno-da-UMC-ganha-premio-em-maior-Congresso-de-Engenharia-Biomedica-do-pais.jpg",333,250,false],"thumbnail":["https:\/\/www.umc.br\/noticias\/wp-content\/uploads\/2022\/01\/Aluno-da-UMC-ganha-premio-em-maior-Congresso-de-Engenharia-Biomedica-do-pais-150x150.jpg",150,150,true],"medium":["https:\/\/www.umc.br\/noticias\/wp-content\/uploads\/2022\/01\/Aluno-da-UMC-ganha-premio-em-maior-Congresso-de-Engenharia-Biomedica-do-pais-300x225.jpg",300,225,true],"large":["https:\/\/www.umc.br\/noticias\/wp-content\/uploads\/2022\/01\/Aluno-da-UMC-ganha-premio-em-maior-Congresso-de-Engenharia-Biomedica-do-pais.jpg",333,250,false],"1536x1536":["https:\/\/www.umc.br\/noticias\/wp-content\/uploads\/2022\/01\/Aluno-da-UMC-ganha-premio-em-maior-Congresso-de-Engenharia-Biomedica-do-pais.jpg",333,250,false],"2048x2048":["https:\/\/www.umc.br\/noticias\/wp-content\/uploads\/2022\/01\/Aluno-da-UMC-ganha-premio-em-maior-Congresso-de-Engenharia-Biomedica-do-pais.jpg",333,250,false],"tp-image-grid":["https:\/\/www.umc.br\/noticias\/wp-content\/uploads\/2022\/01\/Aluno-da-UMC-ganha-premio-em-maior-Congresso-de-Engenharia-Biomedica-do-pais.jpg",333,250,false],"bdfe-large-thumb":["https:\/\/www.umc.br\/noticias\/wp-content\/uploads\/2022\/01\/Aluno-da-UMC-ganha-premio-em-maior-Congresso-de-Engenharia-Biomedica-do-pais.jpg",333,250,false],"bdfe-hero-slider-thumb":["https:\/\/www.umc.br\/noticias\/wp-content\/uploads\/2022\/01\/Aluno-da-UMC-ganha-premio-em-maior-Congresso-de-Engenharia-Biomedica-do-pais.jpg",333,250,false]},"rttpg_author":{"display_name":"Renato Nascimento","author_link":"https:\/\/www.umc.br\/noticias\/author\/renato\/"},"rttpg_comment":0,"rttpg_category":"<a href=\"https:\/\/www.umc.br\/noticias\/category\/noticias-umc\/\" rel=\"category tag\">Not\u00edcias UMC<\/a>","rttpg_excerpt":"O aluno do doutorado em Engenharia Biom\u00e9dica da UMC, Renato Brito Sanchez, participou do XXVI Congresso Brasileiro de Engenharia Biom\u00e9dica, realizado entre os dias 21 e 25 de outubro em B\u00fazios \u2013 RJ, com o trabalho sobre o uso de Intelig\u00eancia Artificial para detectar a Doen\u00e7a de Alzheimer, e garantiu o 2\u00ba lugar no pr\u00eamio&hellip;","_links":{"self":[{"href":"https:\/\/www.umc.br\/noticias\/wp-json\/wp\/v2\/posts\/4354","targetHints":{"allow":["GET"]}}],"collection":[{"href":"https:\/\/www.umc.br\/noticias\/wp-json\/wp\/v2\/posts"}],"about":[{"href":"https:\/\/www.umc.br\/noticias\/wp-json\/wp\/v2\/types\/post"}],"author":[{"embeddable":true,"href":"https:\/\/www.umc.br\/noticias\/wp-json\/wp\/v2\/users\/990015"}],"replies":[{"embeddable":true,"href":"https:\/\/www.umc.br\/noticias\/wp-json\/wp\/v2\/comments?post=4354"}],"version-history":[{"count":4,"href":"https:\/\/www.umc.br\/noticias\/wp-json\/wp\/v2\/posts\/4354\/revisions"}],"predecessor-version":[{"id":4359,"href":"https:\/\/www.umc.br\/noticias\/wp-json\/wp\/v2\/posts\/4354\/revisions\/4359"}],"wp:featuredmedia":[{"embeddable":true,"href":"https:\/\/www.umc.br\/noticias\/wp-json\/wp\/v2\/media\/4355"}],"wp:attachment":[{"href":"https:\/\/www.umc.br\/noticias\/wp-json\/wp\/v2\/media?parent=4354"}],"wp:term":[{"taxonomy":"category","embeddable":true,"href":"https:\/\/www.umc.br\/noticias\/wp-json\/wp\/v2\/categories?post=4354"},{"taxonomy":"post_tag","embeddable":true,"href":"https:\/\/www.umc.br\/noticias\/wp-json\/wp\/v2\/tags?post=4354"}],"curies":[{"name":"wp","href":"https:\/\/api.w.org\/{rel}","templated":true}]}}