{"id":4348,"date":"2018-11-21T21:58:53","date_gmt":"2018-11-21T21:58:53","guid":{"rendered":"https:\/\/www2.umc.br\/noticias\/?p=4348"},"modified":"2022-01-06T22:10:15","modified_gmt":"2022-01-06T22:10:15","slug":"ser-camaleao-premia-os-melhores-trabalhos-dos-cursos-de-comunicacao-social-e-design-grafico-da-umc","status":"publish","type":"post","link":"https:\/\/www.umc.br\/noticias\/ser-camaleao-premia-os-melhores-trabalhos-dos-cursos-de-comunicacao-social-e-design-grafico-da-umc\/","title":{"rendered":"Ser Camale\u00e3o premia os melhores trabalhos dos cursos de Comunica\u00e7\u00e3o Social e Design Gr\u00e1fico da UMC"},"content":{"rendered":"\t\t<div data-elementor-type=\"wp-post\" data-elementor-id=\"4348\" class=\"elementor elementor-4348\" data-elementor-settings=\"{&quot;ha_cmc_init_switcher&quot;:&quot;no&quot;}\" data-elementor-post-type=\"post\">\n\t\t\t\t\t\t<section data-particle_enable=\"false\" data-particle-mobile-disabled=\"false\" class=\"elementor-section elementor-top-section elementor-element elementor-element-a1ab8aa elementor-section-boxed elementor-section-height-default elementor-section-height-default\" data-id=\"a1ab8aa\" data-element_type=\"section\" data-e-type=\"section\" data-settings=\"{&quot;_ha_eqh_enable&quot;:false,&quot;ekit_has_onepagescroll_dot&quot;:&quot;yes&quot;}\">\n\t\t\t\t\t\t<div class=\"elementor-container elementor-column-gap-default\">\n\t\t\t\t\t<div class=\"elementor-column elementor-col-100 elementor-top-column elementor-element elementor-element-eaa0ddc\" data-id=\"eaa0ddc\" data-element_type=\"column\" data-e-type=\"column\">\n\t\t\t<div class=\"elementor-widget-wrap elementor-element-populated\">\n\t\t\t\t\t\t<div class=\"elementor-element elementor-element-fc380b6 elementor-widget elementor-widget-text-editor\" data-id=\"fc380b6\" data-element_type=\"widget\" data-e-type=\"widget\" data-settings=\"{&quot;ekit_we_effect_on&quot;:&quot;none&quot;}\" data-widget_type=\"text-editor.default\">\n\t\t\t\t<div class=\"elementor-widget-container\">\n\t\t\t\t\t\t\t\t\t<p style=\"text-align: justify;\">Os cursos de Comunica\u00e7\u00e3o Social e Design Gr\u00e1fico da UMC promovem o Ser Camale\u00e3o \u2013 Pr\u00eamio de Excel\u00eancia em Comunica\u00e7\u00e3o, que tem o objetivo de exaltar os melhores trabalhos e artigos produzidos pelos alunos durante o ano de 2018. As inscri\u00e7\u00f5es j\u00e1 est\u00e3o abertas e v\u00e3o at\u00e9 \u00e0s 18h do dia 22 deste m\u00eas.<\/p><p style=\"text-align: justify;\">Os projetos podem concorrer em v\u00e1rias categorias, espec\u00edficas para cada curso, e nas categorias Artigo Cient\u00edfico e Grand Prix (melhor trabalho dos tr\u00eas cursos).<\/p><p style=\"text-align: justify;\">Para se inscrever, \u00e9 necess\u00e1rio preencher a Ficha de Inscri\u00e7\u00e3o (a ser retirada com um dos professores dos cursos), gravar um v\u00eddeo de apresenta\u00e7\u00e3o do projeto de, no m\u00e1ximo, 30 segundos e entregar tudo, juntamente com o trabalho impresso, na sala da AECom \u2013 Ag\u00eancia Experimental de Comunica\u00e7\u00e3o (Pr\u00e9dio do Centro Cultural, \u00e0 direita da entrada do LabCom).<\/p><p style=\"text-align: justify;\">Os alunos dos projetos premiados receber\u00e3o trof\u00e9u, medalha e certificado de premia\u00e7\u00e3o. J\u00e1 os professores-orientadores dos melhores projetos receber\u00e3o certificado de premia\u00e7\u00e3o.<\/p><p style=\"text-align: justify;\"><strong>O Ser Camale\u00e3o \u2013 Pr\u00eamio de Excel\u00eancia em Comunica\u00e7\u00e3o<\/strong> \u00e9 uma celebra\u00e7\u00e3o ao talento. N\u00e3o s\u00f3 a talentos t\u00e9cnico-profissionais, mas a talentos de perceber, observar, refletir e interagir da forma mais ousada e criativa com o mundo. Talento de comunicar.<\/p><p style=\"text-align: justify;\">O evento ocorrer\u00e1 no dia 3 de dezembro de 2018, \u00e0s 19h, no Teatro Manoel Bezerra de Melo &#8211; Campus I da Universidade de Mogi das Cruzes (UMC).<\/p><p style=\"text-align: justify;\"><strong>Servi\u00e7o:<\/strong><\/p><p style=\"text-align: justify;\"><strong>O que:<\/strong> \u201cSer Camale\u00e3o \u2013 Pr\u00eamio de Excel\u00eancia em Comunica\u00e7\u00e3o\u201d<\/p><p style=\"text-align: justify;\"><strong>Quando:<\/strong> 3 de dezembro 2018, \u00e0s 19h.<\/p><p style=\"text-align: justify;\"><strong>Onde:<\/strong> Teatro Manoel Bezerra de Melo \u2013 Campus I \u2013 UMC.<\/p><p style=\"text-align: justify;\"><strong>Mais informa\u00e7\u00f5es:<\/strong><\/p><p style=\"text-align: justify;\">Coordena\u00e7\u00e3o de Publicidade e Propaganda \u2013 Profa. Gracy Astolpho Duarte<\/p><p style=\"text-align: justify;\">Coordena\u00e7\u00e3o de Jornalismo \u2013 Prof. Andr\u00e9 Dal Bello<\/p><p style=\"text-align: justify;\">Fone: (11) 4798-7150<\/p>\t\t\t\t\t\t\t\t<\/div>\n\t\t\t\t<\/div>\n\t\t\t\t\t<\/div>\n\t\t<\/div>\n\t\t\t\t\t<\/div>\n\t\t<\/section>\n\t\t\t\t<\/div>\n\t\t","protected":false},"excerpt":{"rendered":"<p>Os cursos de Comunica\u00e7\u00e3o Social e Design Gr\u00e1fico da UMC promovem o Ser Camale\u00e3o \u2013 Pr\u00eamio de Excel\u00eancia em Comunica\u00e7\u00e3o, que tem o objetivo de exaltar os melhores trabalhos e artigos produzidos pelos alunos durante o ano de 2018. As inscri\u00e7\u00f5es j\u00e1 est\u00e3o abertas e v\u00e3o at\u00e9 \u00e0s 18h do dia 22 deste m\u00eas. Os [&hellip;]<\/p>\n","protected":false},"author":990015,"featured_media":4349,"comment_status":"closed","ping_status":"closed","sticky":false,"template":"","format":"standard","meta":{"_eb_attr":"","footnotes":""},"categories":[1],"tags":[],"class_list":["post-4348","post","type-post","status-publish","format-standard","has-post-thumbnail","hentry","category-noticias-umc"],"blocksy_meta":{"styles_descriptor":{"styles":{"desktop":"","tablet":"","mobile":""},"google_fonts":[],"version":6}},"rttpg_featured_image_url":{"full":["https:\/\/www.umc.br\/noticias\/wp-content\/uploads\/2022\/01\/Ser-Camaleao-premia-os-melhores-trabalhos-dos-cursos-de-Comunicacao-Social-e-Design-Grafico-da-UMC.jpg",600,450,false],"landscape":["https:\/\/www.umc.br\/noticias\/wp-content\/uploads\/2022\/01\/Ser-Camaleao-premia-os-melhores-trabalhos-dos-cursos-de-Comunicacao-Social-e-Design-Grafico-da-UMC.jpg",600,450,false],"portraits":["https:\/\/www.umc.br\/noticias\/wp-content\/uploads\/2022\/01\/Ser-Camaleao-premia-os-melhores-trabalhos-dos-cursos-de-Comunicacao-Social-e-Design-Grafico-da-UMC.jpg",600,450,false],"thumbnail":["https:\/\/www.umc.br\/noticias\/wp-content\/uploads\/2022\/01\/Ser-Camaleao-premia-os-melhores-trabalhos-dos-cursos-de-Comunicacao-Social-e-Design-Grafico-da-UMC-150x150.jpg",150,150,true],"medium":["https:\/\/www.umc.br\/noticias\/wp-content\/uploads\/2022\/01\/Ser-Camaleao-premia-os-melhores-trabalhos-dos-cursos-de-Comunicacao-Social-e-Design-Grafico-da-UMC-300x225.jpg",300,225,true],"large":["https:\/\/www.umc.br\/noticias\/wp-content\/uploads\/2022\/01\/Ser-Camaleao-premia-os-melhores-trabalhos-dos-cursos-de-Comunicacao-Social-e-Design-Grafico-da-UMC.jpg",600,450,false],"1536x1536":["https:\/\/www.umc.br\/noticias\/wp-content\/uploads\/2022\/01\/Ser-Camaleao-premia-os-melhores-trabalhos-dos-cursos-de-Comunicacao-Social-e-Design-Grafico-da-UMC.jpg",600,450,false],"2048x2048":["https:\/\/www.umc.br\/noticias\/wp-content\/uploads\/2022\/01\/Ser-Camaleao-premia-os-melhores-trabalhos-dos-cursos-de-Comunicacao-Social-e-Design-Grafico-da-UMC.jpg",600,450,false],"tp-image-grid":["https:\/\/www.umc.br\/noticias\/wp-content\/uploads\/2022\/01\/Ser-Camaleao-premia-os-melhores-trabalhos-dos-cursos-de-Comunicacao-Social-e-Design-Grafico-da-UMC.jpg",600,450,false],"bdfe-large-thumb":["https:\/\/www.umc.br\/noticias\/wp-content\/uploads\/2022\/01\/Ser-Camaleao-premia-os-melhores-trabalhos-dos-cursos-de-Comunicacao-Social-e-Design-Grafico-da-UMC.jpg",600,450,false],"bdfe-hero-slider-thumb":["https:\/\/www.umc.br\/noticias\/wp-content\/uploads\/2022\/01\/Ser-Camaleao-premia-os-melhores-trabalhos-dos-cursos-de-Comunicacao-Social-e-Design-Grafico-da-UMC.jpg",600,450,false]},"rttpg_author":{"display_name":"Renato Nascimento","author_link":"https:\/\/www.umc.br\/noticias\/author\/renato\/"},"rttpg_comment":0,"rttpg_category":"<a href=\"https:\/\/www.umc.br\/noticias\/category\/noticias-umc\/\" rel=\"category tag\">Not\u00edcias UMC<\/a>","rttpg_excerpt":"Os cursos de Comunica\u00e7\u00e3o Social e Design Gr\u00e1fico da UMC promovem o Ser Camale\u00e3o \u2013 Pr\u00eamio de Excel\u00eancia em Comunica\u00e7\u00e3o, que tem o objetivo de exaltar os melhores trabalhos e artigos produzidos pelos alunos durante o ano de 2018. As inscri\u00e7\u00f5es j\u00e1 est\u00e3o abertas e v\u00e3o at\u00e9 \u00e0s 18h do dia 22 deste m\u00eas. Os&hellip;","_links":{"self":[{"href":"https:\/\/www.umc.br\/noticias\/wp-json\/wp\/v2\/posts\/4348","targetHints":{"allow":["GET"]}}],"collection":[{"href":"https:\/\/www.umc.br\/noticias\/wp-json\/wp\/v2\/posts"}],"about":[{"href":"https:\/\/www.umc.br\/noticias\/wp-json\/wp\/v2\/types\/post"}],"author":[{"embeddable":true,"href":"https:\/\/www.umc.br\/noticias\/wp-json\/wp\/v2\/users\/990015"}],"replies":[{"embeddable":true,"href":"https:\/\/www.umc.br\/noticias\/wp-json\/wp\/v2\/comments?post=4348"}],"version-history":[{"count":4,"href":"https:\/\/www.umc.br\/noticias\/wp-json\/wp\/v2\/posts\/4348\/revisions"}],"predecessor-version":[{"id":4353,"href":"https:\/\/www.umc.br\/noticias\/wp-json\/wp\/v2\/posts\/4348\/revisions\/4353"}],"wp:featuredmedia":[{"embeddable":true,"href":"https:\/\/www.umc.br\/noticias\/wp-json\/wp\/v2\/media\/4349"}],"wp:attachment":[{"href":"https:\/\/www.umc.br\/noticias\/wp-json\/wp\/v2\/media?parent=4348"}],"wp:term":[{"taxonomy":"category","embeddable":true,"href":"https:\/\/www.umc.br\/noticias\/wp-json\/wp\/v2\/categories?post=4348"},{"taxonomy":"post_tag","embeddable":true,"href":"https:\/\/www.umc.br\/noticias\/wp-json\/wp\/v2\/tags?post=4348"}],"curies":[{"name":"wp","href":"https:\/\/api.w.org\/{rel}","templated":true}]}}