{"id":4342,"date":"2018-11-21T21:37:15","date_gmt":"2018-11-21T21:37:15","guid":{"rendered":"https:\/\/www2.umc.br\/noticias\/?p=4342"},"modified":"2022-01-06T21:53:33","modified_gmt":"2022-01-06T21:53:33","slug":"alunos-da-umc-participam-da-7o-caminhada-kobayashi","status":"publish","type":"post","link":"https:\/\/www.umc.br\/noticias\/alunos-da-umc-participam-da-7o-caminhada-kobayashi\/","title":{"rendered":"Alunos da UMC participam da 7\u00ba Caminhada Kobayashi"},"content":{"rendered":"\t\t<div data-elementor-type=\"wp-post\" data-elementor-id=\"4342\" class=\"elementor elementor-4342\" data-elementor-settings=\"{&quot;ha_cmc_init_switcher&quot;:&quot;no&quot;}\" data-elementor-post-type=\"post\">\n\t\t\t\t\t\t<section data-particle_enable=\"false\" data-particle-mobile-disabled=\"false\" class=\"elementor-section elementor-top-section elementor-element elementor-element-0c7a2e0 elementor-section-boxed elementor-section-height-default elementor-section-height-default\" data-id=\"0c7a2e0\" data-element_type=\"section\" data-e-type=\"section\" data-settings=\"{&quot;_ha_eqh_enable&quot;:false,&quot;ekit_has_onepagescroll_dot&quot;:&quot;yes&quot;}\">\n\t\t\t\t\t\t<div class=\"elementor-container elementor-column-gap-default\">\n\t\t\t\t\t<div class=\"elementor-column elementor-col-100 elementor-top-column elementor-element elementor-element-855cfc8\" data-id=\"855cfc8\" data-element_type=\"column\" data-e-type=\"column\">\n\t\t\t<div class=\"elementor-widget-wrap elementor-element-populated\">\n\t\t\t\t\t\t<div class=\"elementor-element elementor-element-4b255f8 elementor-widget elementor-widget-text-editor\" data-id=\"4b255f8\" data-element_type=\"widget\" data-e-type=\"widget\" data-settings=\"{&quot;ekit_we_effect_on&quot;:&quot;none&quot;}\" data-widget_type=\"text-editor.default\">\n\t\t\t\t<div class=\"elementor-widget-container\">\n\t\t\t\t\t\t\t\t\t<p style=\"text-align: justify;\">Alunos dos cursos de Farm\u00e1cia, Educa\u00e7\u00e3o F\u00edsica, Biomedicina, Odontologia, Biologia, Nutri\u00e7\u00e3o, Ci\u00eancias Cont\u00e1beis e Design de Interiores da UMC, participam neste s\u00e1bado, 24 de novembro, da\u00a0<strong>7\u00aa Caminhada Kobayashi<\/strong>, que acontece anualmente a fim de\u00a0conscientizar a popula\u00e7\u00e3o sobre a import\u00e2ncia de uma boa sa\u00fade e qualidade de vida atrav\u00e9s da caminhada, al\u00e9m \u00e9 claro de\u00a0incentiv\u00e1-los \u00e0 solidariedade.<\/p><p style=\"text-align: justify;\">Para participar o interessado deve comparecer no Parque da Cidade, a partir das 8h, e trocar 1kg de alimento n\u00e3o perec\u00edvel pela camiseta do evento e ent\u00e3o poder\u00e1 participar de todas as atividades que acontecer\u00e3o ao longo do dia. Nos anos anteriores, foram arrecadadas dezenas de toneladas de alimentos n\u00e3o perec\u00edveis em prol do Fundo Social de Solidariedade e este ano a meta \u00e9 conseguir 10 toneladas.<\/p><p style=\"text-align: justify;\">Os participantes ter\u00e3o diversos servi\u00e7os \u00e0 disposi\u00e7\u00e3o e os alunos da UMC contribuir\u00e3o com: orienta\u00e7\u00e3o nutricional, aferi\u00e7\u00e3o de press\u00e3o, teste de glicemia, atividade renal, educa\u00e7\u00e3o financeira, montagem de vasos reciclados e orienta\u00e7\u00e3o para preven\u00e7\u00e3o do c\u00e2ncer de boca.<\/p><p style=\"text-align: justify;\">Este ano, a caminhada ser\u00e1 realizada no Parque da Cidade, localizado na Rua Jardelina de Almeida Lopes, 355 \u2013 Alto do Ipiranga, em Mogi das Cruzes.<\/p><p style=\"text-align: justify;\">Para mais informa\u00e7\u00f5es acesse:\u00a0<a href=\"https:\/\/caminhadakobayashi.com.br\/\">https:\/\/caminhadakobayashi.com.br\/<\/a><\/p>\t\t\t\t\t\t\t\t<\/div>\n\t\t\t\t<\/div>\n\t\t\t\t\t<\/div>\n\t\t<\/div>\n\t\t\t\t\t<\/div>\n\t\t<\/section>\n\t\t\t\t<\/div>\n\t\t","protected":false},"excerpt":{"rendered":"<p>Alunos dos cursos de Farm\u00e1cia, Educa\u00e7\u00e3o F\u00edsica, Biomedicina, Odontologia, Biologia, Nutri\u00e7\u00e3o, Ci\u00eancias Cont\u00e1beis e Design de Interiores da UMC, participam neste s\u00e1bado, 24 de novembro, da\u00a07\u00aa Caminhada Kobayashi, que acontece anualmente a fim de\u00a0conscientizar a popula\u00e7\u00e3o sobre a import\u00e2ncia de uma boa sa\u00fade e qualidade de vida atrav\u00e9s da caminhada, al\u00e9m \u00e9 claro de\u00a0incentiv\u00e1-los \u00e0 [&hellip;]<\/p>\n","protected":false},"author":990015,"featured_media":4343,"comment_status":"closed","ping_status":"closed","sticky":false,"template":"","format":"standard","meta":{"_eb_attr":"","footnotes":""},"categories":[1],"tags":[],"class_list":["post-4342","post","type-post","status-publish","format-standard","has-post-thumbnail","hentry","category-noticias-umc"],"blocksy_meta":{"styles_descriptor":{"styles":{"desktop":"","tablet":"","mobile":""},"google_fonts":[],"version":6}},"rttpg_featured_image_url":{"full":["https:\/\/www.umc.br\/noticias\/wp-content\/uploads\/2022\/01\/Alunos-da-UMC-participam-da-7o-Caminhada-Kobayashi.jpg",417,250,false],"landscape":["https:\/\/www.umc.br\/noticias\/wp-content\/uploads\/2022\/01\/Alunos-da-UMC-participam-da-7o-Caminhada-Kobayashi.jpg",417,250,false],"portraits":["https:\/\/www.umc.br\/noticias\/wp-content\/uploads\/2022\/01\/Alunos-da-UMC-participam-da-7o-Caminhada-Kobayashi.jpg",417,250,false],"thumbnail":["https:\/\/www.umc.br\/noticias\/wp-content\/uploads\/2022\/01\/Alunos-da-UMC-participam-da-7o-Caminhada-Kobayashi-150x150.jpg",150,150,true],"medium":["https:\/\/www.umc.br\/noticias\/wp-content\/uploads\/2022\/01\/Alunos-da-UMC-participam-da-7o-Caminhada-Kobayashi-300x180.jpg",300,180,true],"large":["https:\/\/www.umc.br\/noticias\/wp-content\/uploads\/2022\/01\/Alunos-da-UMC-participam-da-7o-Caminhada-Kobayashi.jpg",417,250,false],"1536x1536":["https:\/\/www.umc.br\/noticias\/wp-content\/uploads\/2022\/01\/Alunos-da-UMC-participam-da-7o-Caminhada-Kobayashi.jpg",417,250,false],"2048x2048":["https:\/\/www.umc.br\/noticias\/wp-content\/uploads\/2022\/01\/Alunos-da-UMC-participam-da-7o-Caminhada-Kobayashi.jpg",417,250,false],"tp-image-grid":["https:\/\/www.umc.br\/noticias\/wp-content\/uploads\/2022\/01\/Alunos-da-UMC-participam-da-7o-Caminhada-Kobayashi.jpg",417,250,false],"bdfe-large-thumb":["https:\/\/www.umc.br\/noticias\/wp-content\/uploads\/2022\/01\/Alunos-da-UMC-participam-da-7o-Caminhada-Kobayashi.jpg",417,250,false],"bdfe-hero-slider-thumb":["https:\/\/www.umc.br\/noticias\/wp-content\/uploads\/2022\/01\/Alunos-da-UMC-participam-da-7o-Caminhada-Kobayashi.jpg",417,250,false]},"rttpg_author":{"display_name":"Renato Nascimento","author_link":"https:\/\/www.umc.br\/noticias\/author\/renato\/"},"rttpg_comment":0,"rttpg_category":"<a href=\"https:\/\/www.umc.br\/noticias\/category\/noticias-umc\/\" rel=\"category tag\">Not\u00edcias UMC<\/a>","rttpg_excerpt":"Alunos dos cursos de Farm\u00e1cia, Educa\u00e7\u00e3o F\u00edsica, Biomedicina, Odontologia, Biologia, Nutri\u00e7\u00e3o, Ci\u00eancias Cont\u00e1beis e Design de Interiores da UMC, participam neste s\u00e1bado, 24 de novembro, da\u00a07\u00aa Caminhada Kobayashi, que acontece anualmente a fim de\u00a0conscientizar a popula\u00e7\u00e3o sobre a import\u00e2ncia de uma boa sa\u00fade e qualidade de vida atrav\u00e9s da caminhada, al\u00e9m \u00e9 claro de\u00a0incentiv\u00e1-los \u00e0&hellip;","_links":{"self":[{"href":"https:\/\/www.umc.br\/noticias\/wp-json\/wp\/v2\/posts\/4342","targetHints":{"allow":["GET"]}}],"collection":[{"href":"https:\/\/www.umc.br\/noticias\/wp-json\/wp\/v2\/posts"}],"about":[{"href":"https:\/\/www.umc.br\/noticias\/wp-json\/wp\/v2\/types\/post"}],"author":[{"embeddable":true,"href":"https:\/\/www.umc.br\/noticias\/wp-json\/wp\/v2\/users\/990015"}],"replies":[{"embeddable":true,"href":"https:\/\/www.umc.br\/noticias\/wp-json\/wp\/v2\/comments?post=4342"}],"version-history":[{"count":4,"href":"https:\/\/www.umc.br\/noticias\/wp-json\/wp\/v2\/posts\/4342\/revisions"}],"predecessor-version":[{"id":4347,"href":"https:\/\/www.umc.br\/noticias\/wp-json\/wp\/v2\/posts\/4342\/revisions\/4347"}],"wp:featuredmedia":[{"embeddable":true,"href":"https:\/\/www.umc.br\/noticias\/wp-json\/wp\/v2\/media\/4343"}],"wp:attachment":[{"href":"https:\/\/www.umc.br\/noticias\/wp-json\/wp\/v2\/media?parent=4342"}],"wp:term":[{"taxonomy":"category","embeddable":true,"href":"https:\/\/www.umc.br\/noticias\/wp-json\/wp\/v2\/categories?post=4342"},{"taxonomy":"post_tag","embeddable":true,"href":"https:\/\/www.umc.br\/noticias\/wp-json\/wp\/v2\/tags?post=4342"}],"curies":[{"name":"wp","href":"https:\/\/api.w.org\/{rel}","templated":true}]}}