{"id":4213,"date":"2019-04-23T21:43:17","date_gmt":"2019-04-23T21:43:17","guid":{"rendered":"https:\/\/www2.umc.br\/noticias\/?p=4213"},"modified":"2022-01-05T21:44:43","modified_gmt":"2022-01-05T21:44:43","slug":"2o-umc-pet-acontece-no-proximo-sabado","status":"publish","type":"post","link":"https:\/\/www.umc.br\/noticias\/2o-umc-pet-acontece-no-proximo-sabado\/","title":{"rendered":"2\u00ba UMC PET acontece no pr\u00f3ximo s\u00e1bado"},"content":{"rendered":"\t\t<div data-elementor-type=\"wp-post\" data-elementor-id=\"4213\" class=\"elementor elementor-4213\" data-elementor-settings=\"{&quot;ha_cmc_init_switcher&quot;:&quot;no&quot;}\" data-elementor-post-type=\"post\">\n\t\t\t\t\t\t<section data-particle_enable=\"false\" data-particle-mobile-disabled=\"false\" class=\"elementor-section elementor-top-section elementor-element elementor-element-e431fea elementor-section-boxed elementor-section-height-default elementor-section-height-default\" data-id=\"e431fea\" data-element_type=\"section\" data-e-type=\"section\" data-settings=\"{&quot;_ha_eqh_enable&quot;:false,&quot;ekit_has_onepagescroll_dot&quot;:&quot;yes&quot;}\">\n\t\t\t\t\t\t<div class=\"elementor-container elementor-column-gap-default\">\n\t\t\t\t\t<div class=\"elementor-column elementor-col-100 elementor-top-column elementor-element elementor-element-977b0d7\" data-id=\"977b0d7\" data-element_type=\"column\" data-e-type=\"column\">\n\t\t\t<div class=\"elementor-widget-wrap elementor-element-populated\">\n\t\t\t\t\t\t<div class=\"elementor-element elementor-element-1de66cd elementor-widget elementor-widget-text-editor\" data-id=\"1de66cd\" data-element_type=\"widget\" data-e-type=\"widget\" data-settings=\"{&quot;ekit_we_effect_on&quot;:&quot;none&quot;}\" data-widget_type=\"text-editor.default\">\n\t\t\t\t<div class=\"elementor-widget-container\">\n\t\t\t\t\t\t\t\t\t<p style=\"text-align: justify;\">Os alunos de Farm\u00e1cia da UMC, em parceria com o curso de Est\u00e9tica e Cosm\u00e9tica e o Grupo Fera, realizar\u00e3o no pr\u00f3ximo s\u00e1bado, dia 27 de abril um evento para arrecada\u00e7\u00e3o de ra\u00e7\u00e3o para os animais resgatados e cuidados pelo grupo Fera. A a\u00e7\u00e3o acontece das 8 \u00e0s 11h no Parque da Cidade, em Mogi das Cruzes.<\/p><p style=\"text-align: justify;\">No local os interessados poder\u00e3o trocar 1kg de ra\u00e7\u00e3o, para gatos ou c\u00e3es, por uma quick massage ofertada pelos alunos de Est\u00e9tica. Tamb\u00e9m ser\u00e3o oferecidos atendimentos como aferi\u00e7\u00e3o de press\u00e3o arterial e testes de glicemia. Os interessados podem ainda levar seus animais de estima\u00e7\u00e3o para aferir a press\u00e3o arterial deles.<\/p><p style=\"text-align: justify;\">Vale lembrar, que a a\u00e7\u00e3o do curso de Farm\u00e1cia visa, al\u00e9m da arrecada\u00e7\u00e3o, divulgar para a comunidade a atua\u00e7\u00e3o do farmac\u00eautico na \u00e1rea da farm\u00e1cia veterin\u00e1ria. Por isto, al\u00e9m do atendimento est\u00e9tico, a popula\u00e7\u00e3o receber\u00e1 orienta\u00e7\u00f5es relacionadas ao uso de medicamentos direcionados aos pets.<\/p><p style=\"text-align: justify;\">Outras informa\u00e7\u00f5es podem ser obtidas pelo telefone 4798-7155. O Parque da Cidade est\u00e1 localizado na Rua Jardelina de Almeida Lopes, 451 \u2013 Parque Santana, Mogi das Cruzes.<\/p>\t\t\t\t\t\t\t\t<\/div>\n\t\t\t\t<\/div>\n\t\t\t\t\t<\/div>\n\t\t<\/div>\n\t\t\t\t\t<\/div>\n\t\t<\/section>\n\t\t\t\t<\/div>\n\t\t","protected":false},"excerpt":{"rendered":"<p>Os alunos de Farm\u00e1cia da UMC, em parceria com o curso de Est\u00e9tica e Cosm\u00e9tica e o Grupo Fera, realizar\u00e3o no pr\u00f3ximo s\u00e1bado, dia 27 de abril um evento para arrecada\u00e7\u00e3o de ra\u00e7\u00e3o para os animais resgatados e cuidados pelo grupo Fera. A a\u00e7\u00e3o acontece das 8 \u00e0s 11h no Parque da Cidade, em Mogi [&hellip;]<\/p>\n","protected":false},"author":990015,"featured_media":4214,"comment_status":"closed","ping_status":"closed","sticky":false,"template":"","format":"standard","meta":{"_eb_attr":"","footnotes":""},"categories":[1],"tags":[],"class_list":["post-4213","post","type-post","status-publish","format-standard","has-post-thumbnail","hentry","category-noticias-umc"],"blocksy_meta":{"styles_descriptor":{"styles":{"desktop":"","tablet":"","mobile":""},"google_fonts":[],"version":6}},"rttpg_featured_image_url":{"full":["https:\/\/www.umc.br\/noticias\/wp-content\/uploads\/2022\/01\/2o-UMC-PET-acontece-no-proximo-sabado.png",336,252,false],"landscape":["https:\/\/www.umc.br\/noticias\/wp-content\/uploads\/2022\/01\/2o-UMC-PET-acontece-no-proximo-sabado.png",336,252,false],"portraits":["https:\/\/www.umc.br\/noticias\/wp-content\/uploads\/2022\/01\/2o-UMC-PET-acontece-no-proximo-sabado.png",336,252,false],"thumbnail":["https:\/\/www.umc.br\/noticias\/wp-content\/uploads\/2022\/01\/2o-UMC-PET-acontece-no-proximo-sabado-150x150.png",150,150,true],"medium":["https:\/\/www.umc.br\/noticias\/wp-content\/uploads\/2022\/01\/2o-UMC-PET-acontece-no-proximo-sabado-300x225.png",300,225,true],"large":["https:\/\/www.umc.br\/noticias\/wp-content\/uploads\/2022\/01\/2o-UMC-PET-acontece-no-proximo-sabado.png",336,252,false],"1536x1536":["https:\/\/www.umc.br\/noticias\/wp-content\/uploads\/2022\/01\/2o-UMC-PET-acontece-no-proximo-sabado.png",336,252,false],"2048x2048":["https:\/\/www.umc.br\/noticias\/wp-content\/uploads\/2022\/01\/2o-UMC-PET-acontece-no-proximo-sabado.png",336,252,false],"tp-image-grid":["https:\/\/www.umc.br\/noticias\/wp-content\/uploads\/2022\/01\/2o-UMC-PET-acontece-no-proximo-sabado.png",336,252,false],"bdfe-large-thumb":["https:\/\/www.umc.br\/noticias\/wp-content\/uploads\/2022\/01\/2o-UMC-PET-acontece-no-proximo-sabado.png",336,252,false],"bdfe-hero-slider-thumb":["https:\/\/www.umc.br\/noticias\/wp-content\/uploads\/2022\/01\/2o-UMC-PET-acontece-no-proximo-sabado.png",336,252,false]},"rttpg_author":{"display_name":"Renato Nascimento","author_link":"https:\/\/www.umc.br\/noticias\/author\/renato\/"},"rttpg_comment":0,"rttpg_category":"<a href=\"https:\/\/www.umc.br\/noticias\/category\/noticias-umc\/\" rel=\"category tag\">Not\u00edcias UMC<\/a>","rttpg_excerpt":"Os alunos de Farm\u00e1cia da UMC, em parceria com o curso de Est\u00e9tica e Cosm\u00e9tica e o Grupo Fera, realizar\u00e3o no pr\u00f3ximo s\u00e1bado, dia 27 de abril um evento para arrecada\u00e7\u00e3o de ra\u00e7\u00e3o para os animais resgatados e cuidados pelo grupo Fera. A a\u00e7\u00e3o acontece das 8 \u00e0s 11h no Parque da Cidade, em Mogi&hellip;","_links":{"self":[{"href":"https:\/\/www.umc.br\/noticias\/wp-json\/wp\/v2\/posts\/4213","targetHints":{"allow":["GET"]}}],"collection":[{"href":"https:\/\/www.umc.br\/noticias\/wp-json\/wp\/v2\/posts"}],"about":[{"href":"https:\/\/www.umc.br\/noticias\/wp-json\/wp\/v2\/types\/post"}],"author":[{"embeddable":true,"href":"https:\/\/www.umc.br\/noticias\/wp-json\/wp\/v2\/users\/990015"}],"replies":[{"embeddable":true,"href":"https:\/\/www.umc.br\/noticias\/wp-json\/wp\/v2\/comments?post=4213"}],"version-history":[{"count":4,"href":"https:\/\/www.umc.br\/noticias\/wp-json\/wp\/v2\/posts\/4213\/revisions"}],"predecessor-version":[{"id":4218,"href":"https:\/\/www.umc.br\/noticias\/wp-json\/wp\/v2\/posts\/4213\/revisions\/4218"}],"wp:featuredmedia":[{"embeddable":true,"href":"https:\/\/www.umc.br\/noticias\/wp-json\/wp\/v2\/media\/4214"}],"wp:attachment":[{"href":"https:\/\/www.umc.br\/noticias\/wp-json\/wp\/v2\/media?parent=4213"}],"wp:term":[{"taxonomy":"category","embeddable":true,"href":"https:\/\/www.umc.br\/noticias\/wp-json\/wp\/v2\/categories?post=4213"},{"taxonomy":"post_tag","embeddable":true,"href":"https:\/\/www.umc.br\/noticias\/wp-json\/wp\/v2\/tags?post=4213"}],"curies":[{"name":"wp","href":"https:\/\/api.w.org\/{rel}","templated":true}]}}