{"id":4195,"date":"2019-04-25T21:19:13","date_gmt":"2019-04-25T21:19:13","guid":{"rendered":"https:\/\/www2.umc.br\/noticias\/?p=4195"},"modified":"2022-01-05T21:21:04","modified_gmt":"2022-01-05T21:21:04","slug":"umc-recebera-posto-volante-do-nube","status":"publish","type":"post","link":"https:\/\/www.umc.br\/noticias\/umc-recebera-posto-volante-do-nube\/","title":{"rendered":"UMC receber\u00e1 posto volante do NUBE"},"content":{"rendered":"\t\t<div data-elementor-type=\"wp-post\" data-elementor-id=\"4195\" class=\"elementor elementor-4195\" data-elementor-settings=\"{&quot;ha_cmc_init_switcher&quot;:&quot;no&quot;}\" data-elementor-post-type=\"post\">\n\t\t\t\t\t\t<section data-particle_enable=\"false\" data-particle-mobile-disabled=\"false\" class=\"elementor-section elementor-top-section elementor-element elementor-element-480f57d elementor-section-boxed elementor-section-height-default elementor-section-height-default\" data-id=\"480f57d\" data-element_type=\"section\" data-e-type=\"section\" data-settings=\"{&quot;_ha_eqh_enable&quot;:false,&quot;ekit_has_onepagescroll_dot&quot;:&quot;yes&quot;}\">\n\t\t\t\t\t\t<div class=\"elementor-container elementor-column-gap-default\">\n\t\t\t\t\t<div class=\"elementor-column elementor-col-100 elementor-top-column elementor-element elementor-element-feca765\" data-id=\"feca765\" data-element_type=\"column\" data-e-type=\"column\">\n\t\t\t<div class=\"elementor-widget-wrap elementor-element-populated\">\n\t\t\t\t\t\t<div class=\"elementor-element elementor-element-03aa7f6 elementor-widget elementor-widget-text-editor\" data-id=\"03aa7f6\" data-element_type=\"widget\" data-e-type=\"widget\" data-settings=\"{&quot;ekit_we_effect_on&quot;:&quot;none&quot;}\" data-widget_type=\"text-editor.default\">\n\t\t\t\t<div class=\"elementor-widget-container\">\n\t\t\t\t\t\t\t\t\t<p style=\"text-align: justify;\">A UMC receber\u00e1 na pr\u00f3xima semana, o posto volante de atendimento do Nube. A empresa estar\u00e1 na institui\u00e7\u00e3o, tanto no Campus Villa-Lobos, quanto em Mogi das Cruzes, para uma a\u00e7\u00e3o de cadastramento do curr\u00edculo dos alunos. O objetivo \u00e9 oferecer, em parceria com empresas conveniadas, oportunidades de est\u00e1gios aos alunos UMC.<\/p><p style=\"text-align: justify;\">Para o Campus Mogi das Cruzes, o atendimento acontecer\u00e1 nos dias 29 e 30 de abril (segunda e ter\u00e7a-feira), das 7h \u00e0s 12h e das 18h \u00e0s 22h, no sagu\u00e3o do pr\u00e9dio III. J\u00e1 no Campus Villa-Lobos, os alunos poder\u00e3o preencher sua ficha de cadastro no dia 2 de maio (quinta-feira), das 7h \u00e0s 12h, na pra\u00e7a de alimenta\u00e7\u00e3o.<\/p><p style=\"text-align: justify;\">O Nube tamb\u00e9m oferece cursos on-line voltados para a qualifica\u00e7\u00e3o profissional de estagi\u00e1rios e aprendizes. Para participar, basta acessar o link www.nube.com.br\/ead. Todos os servi\u00e7os para estudantes s\u00e3o gratuitos. Voc\u00ea tamb\u00e9m pode acompanhar sobre as vagas oferecidas por meio do aplicativo \u201cNube vagas\u201d.<\/p><p style=\"text-align: justify;\"><strong>Programa<\/strong><\/p><p style=\"text-align: justify;\">O Nube \u00e9 uma das maiores corpora\u00e7\u00f5es privadas de coloca\u00e7\u00e3o de jovens no mercado de trabalho. Come\u00e7ou atuando como agente de integra\u00e7\u00e3o entre estudantes, empresas e institui\u00e7\u00f5es de ensino. A partir da\u00ed, passou a oferecer vagas para aprendizagem, por meio de organiza\u00e7\u00f5es parceiras. Sua principal meta \u00e9 identificar, selecionar e qualificar candidatos para integr\u00e1-los aos programas de est\u00e1gios e aprendizagem oferecidos pelas empresas.<\/p><p style=\"text-align: justify;\">Atualmente possuem conv\u00eanio com cerca de 14 mil institui\u00e7\u00f5es de ensino de todo o Brasil, contam com 10 mil empresas clientes, atendidas por um amplo e moderno call center e atuam com um banco de dados de cerca de 4,5 milh\u00f5es de curr\u00edculos cadastrados. Com essa estrutura, mais de 890 mil estudantes e aprendizes foram colocados no mercado de trabalho, desde 1998.<\/p><p style=\"text-align: justify;\"><strong>Servi\u00e7o:<\/strong><\/p><p style=\"text-align: justify;\">Campus Mogi das Cruzes<br \/>Quando: 29 e 30 de abril<br \/>Hor\u00e1rio: manh\u00e3 \u2013 das 7h \u00e0s 12h \/ noite \u2013 das 18h \u00e0s 22h<br \/>Local: Sagu\u00e3o do pr\u00e9dio III<\/p><p style=\"text-align: justify;\">Campus Villa-Lobos<br \/>Quando: 2 de maio<br \/>Hor\u00e1rio: manh\u00e3 &#8211; das 7h \u00e0s 12h \/ noite \u2013 das 18h \u00e0s 22h<br \/>Local: Pra\u00e7a de Alimenta\u00e7\u00e3o<\/p>\t\t\t\t\t\t\t\t<\/div>\n\t\t\t\t<\/div>\n\t\t\t\t\t<\/div>\n\t\t<\/div>\n\t\t\t\t\t<\/div>\n\t\t<\/section>\n\t\t\t\t<\/div>\n\t\t","protected":false},"excerpt":{"rendered":"<p>A UMC receber\u00e1 na pr\u00f3xima semana, o posto volante de atendimento do Nube. A empresa estar\u00e1 na institui\u00e7\u00e3o, tanto no Campus Villa-Lobos, quanto em Mogi das Cruzes, para uma a\u00e7\u00e3o de cadastramento do curr\u00edculo dos alunos. O objetivo \u00e9 oferecer, em parceria com empresas conveniadas, oportunidades de est\u00e1gios aos alunos UMC. Para o Campus Mogi [&hellip;]<\/p>\n","protected":false},"author":990015,"featured_media":4196,"comment_status":"closed","ping_status":"closed","sticky":false,"template":"","format":"standard","meta":{"_eb_attr":"","footnotes":""},"categories":[1],"tags":[],"class_list":["post-4195","post","type-post","status-publish","format-standard","has-post-thumbnail","hentry","category-noticias-umc"],"blocksy_meta":{"styles_descriptor":{"styles":{"desktop":"","tablet":"","mobile":""},"google_fonts":[],"version":6}},"rttpg_featured_image_url":{"full":["https:\/\/www.umc.br\/noticias\/wp-content\/uploads\/2022\/01\/UMC-recebera-posto-volante-do-NUBE.jpg",960,540,false],"landscape":["https:\/\/www.umc.br\/noticias\/wp-content\/uploads\/2022\/01\/UMC-recebera-posto-volante-do-NUBE.jpg",960,540,false],"portraits":["https:\/\/www.umc.br\/noticias\/wp-content\/uploads\/2022\/01\/UMC-recebera-posto-volante-do-NUBE.jpg",960,540,false],"thumbnail":["https:\/\/www.umc.br\/noticias\/wp-content\/uploads\/2022\/01\/UMC-recebera-posto-volante-do-NUBE-150x150.jpg",150,150,true],"medium":["https:\/\/www.umc.br\/noticias\/wp-content\/uploads\/2022\/01\/UMC-recebera-posto-volante-do-NUBE-300x169.jpg",300,169,true],"large":["https:\/\/www.umc.br\/noticias\/wp-content\/uploads\/2022\/01\/UMC-recebera-posto-volante-do-NUBE.jpg",960,540,false],"1536x1536":["https:\/\/www.umc.br\/noticias\/wp-content\/uploads\/2022\/01\/UMC-recebera-posto-volante-do-NUBE.jpg",960,540,false],"2048x2048":["https:\/\/www.umc.br\/noticias\/wp-content\/uploads\/2022\/01\/UMC-recebera-posto-volante-do-NUBE.jpg",960,540,false],"tp-image-grid":["https:\/\/www.umc.br\/noticias\/wp-content\/uploads\/2022\/01\/UMC-recebera-posto-volante-do-NUBE-700x540.jpg",700,540,true],"bdfe-large-thumb":["https:\/\/www.umc.br\/noticias\/wp-content\/uploads\/2022\/01\/UMC-recebera-posto-volante-do-NUBE.jpg",600,338,false],"bdfe-hero-slider-thumb":["https:\/\/www.umc.br\/noticias\/wp-content\/uploads\/2022\/01\/UMC-recebera-posto-volante-do-NUBE.jpg",960,540,false]},"rttpg_author":{"display_name":"Renato Nascimento","author_link":"https:\/\/www.umc.br\/noticias\/author\/renato\/"},"rttpg_comment":0,"rttpg_category":"<a href=\"https:\/\/www.umc.br\/noticias\/category\/noticias-umc\/\" rel=\"category tag\">Not\u00edcias UMC<\/a>","rttpg_excerpt":"A UMC receber\u00e1 na pr\u00f3xima semana, o posto volante de atendimento do Nube. A empresa estar\u00e1 na institui\u00e7\u00e3o, tanto no Campus Villa-Lobos, quanto em Mogi das Cruzes, para uma a\u00e7\u00e3o de cadastramento do curr\u00edculo dos alunos. O objetivo \u00e9 oferecer, em parceria com empresas conveniadas, oportunidades de est\u00e1gios aos alunos UMC. Para o Campus Mogi&hellip;","_links":{"self":[{"href":"https:\/\/www.umc.br\/noticias\/wp-json\/wp\/v2\/posts\/4195","targetHints":{"allow":["GET"]}}],"collection":[{"href":"https:\/\/www.umc.br\/noticias\/wp-json\/wp\/v2\/posts"}],"about":[{"href":"https:\/\/www.umc.br\/noticias\/wp-json\/wp\/v2\/types\/post"}],"author":[{"embeddable":true,"href":"https:\/\/www.umc.br\/noticias\/wp-json\/wp\/v2\/users\/990015"}],"replies":[{"embeddable":true,"href":"https:\/\/www.umc.br\/noticias\/wp-json\/wp\/v2\/comments?post=4195"}],"version-history":[{"count":4,"href":"https:\/\/www.umc.br\/noticias\/wp-json\/wp\/v2\/posts\/4195\/revisions"}],"predecessor-version":[{"id":4200,"href":"https:\/\/www.umc.br\/noticias\/wp-json\/wp\/v2\/posts\/4195\/revisions\/4200"}],"wp:featuredmedia":[{"embeddable":true,"href":"https:\/\/www.umc.br\/noticias\/wp-json\/wp\/v2\/media\/4196"}],"wp:attachment":[{"href":"https:\/\/www.umc.br\/noticias\/wp-json\/wp\/v2\/media?parent=4195"}],"wp:term":[{"taxonomy":"category","embeddable":true,"href":"https:\/\/www.umc.br\/noticias\/wp-json\/wp\/v2\/categories?post=4195"},{"taxonomy":"post_tag","embeddable":true,"href":"https:\/\/www.umc.br\/noticias\/wp-json\/wp\/v2\/tags?post=4195"}],"curies":[{"name":"wp","href":"https:\/\/api.w.org\/{rel}","templated":true}]}}