{"id":4060,"date":"2019-05-31T18:38:20","date_gmt":"2019-05-31T18:38:20","guid":{"rendered":"https:\/\/www2.umc.br\/noticias\/?p=4060"},"modified":"2022-01-05T18:40:06","modified_gmt":"2022-01-05T18:40:06","slug":"seminario-da-saude-promove-debate-sobre-gestao-de-hospital-privado","status":"publish","type":"post","link":"https:\/\/www.umc.br\/noticias\/seminario-da-saude-promove-debate-sobre-gestao-de-hospital-privado\/","title":{"rendered":"Semin\u00e1rio da Sa\u00fade promove debate sobre \u201cgest\u00e3o de hospital privado&#8221;"},"content":{"rendered":"\t\t<div data-elementor-type=\"wp-post\" data-elementor-id=\"4060\" class=\"elementor elementor-4060\" data-elementor-settings=\"{&quot;ha_cmc_init_switcher&quot;:&quot;no&quot;}\" data-elementor-post-type=\"post\">\n\t\t\t\t\t\t<section data-particle_enable=\"false\" data-particle-mobile-disabled=\"false\" class=\"elementor-section elementor-top-section elementor-element elementor-element-da8df01 elementor-section-boxed elementor-section-height-default elementor-section-height-default\" data-id=\"da8df01\" data-element_type=\"section\" data-e-type=\"section\" data-settings=\"{&quot;_ha_eqh_enable&quot;:false,&quot;ekit_has_onepagescroll_dot&quot;:&quot;yes&quot;}\">\n\t\t\t\t\t\t<div class=\"elementor-container elementor-column-gap-default\">\n\t\t\t\t\t<div class=\"elementor-column elementor-col-100 elementor-top-column elementor-element elementor-element-cacb5e8\" data-id=\"cacb5e8\" data-element_type=\"column\" data-e-type=\"column\">\n\t\t\t<div class=\"elementor-widget-wrap elementor-element-populated\">\n\t\t\t\t\t\t<div class=\"elementor-element elementor-element-528d048 elementor-widget elementor-widget-text-editor\" data-id=\"528d048\" data-element_type=\"widget\" data-e-type=\"widget\" data-settings=\"{&quot;ekit_we_effect_on&quot;:&quot;none&quot;}\" data-widget_type=\"text-editor.default\">\n\t\t\t\t<div class=\"elementor-widget-container\">\n\t\t\t\t\t\t\t\t\t<p style=\"text-align: justify;\">Quest\u00f5es como a gest\u00e3o do hospital privado, seus desafios e inova\u00e7\u00f5es ser\u00e3o abordadas pelo doutor Fl\u00e1vio Akira Sakae, diretor geral da Rede D&#8217;Or &#8211; S\u00e3o Luiz, no pr\u00f3ximo Semin\u00e1rio da Sa\u00fade, que acontece no dia 4 de junho, das 19h10 \u00e0s 22h, sob media\u00e7\u00e3o do professor Andrea Bottoni.<\/p><p style=\"text-align: justify;\">A atividade, que ser\u00e1 realizada no audit\u00f3rio do Centro Cultural \u2013 Campus Mogi das Cruzes, faz parte da disciplina de Semin\u00e1rios e \u00e9 aberta a todos os alunos e docentes do Mestrado Profissional em Ci\u00eancia e Tecnologia em Sa\u00fade, bem como de outros cursos de gradua\u00e7\u00e3o e p\u00f3s-gradua\u00e7\u00e3o em sa\u00fade da UMC.<\/p><p style=\"text-align: justify;\">Vale ressaltar que o evento \u00e9 gratuito e n\u00e3o h\u00e1 necessidade de inscri\u00e7\u00e3o. Outras informa\u00e7\u00f5es podem ser obtidas no N\u00facleo de Atendimento do Mestrado Profissional em Ci\u00eancia e Tecnologia em Sa\u00fade, de segunda \u00e0 sexta, das 13h \u00e0s 18, ou pelo telefone 4749-7281, com a Tatiane.<\/p><p style=\"text-align: justify;\"><strong>Palestrante<\/strong><br \/>Sakae \u00e9 m\u00e9dico, formado pela USP e possui resid\u00eancia m\u00e9dica em Otorrinolaringologia pela mesma institui\u00e7\u00e3o. Tamb\u00e9m \u00e9 especialista em Faringolaringologia e MBA Executivo em Gest\u00e3o de Sa\u00fade pelo Insper, atua h\u00e1 muitos anos na \u00e1rea da Gest\u00e3o em Sa\u00fade em institui\u00e7\u00f5es como o Hospital A.C. Camargo e Rede D&#8217;Or S\u00e3o Luiz. Atualmente ele \u00e9 o Diretor Geral da Rede D&#8217;Or &#8211; S\u00e3o Luiz na unidade An\u00e1lia Franco.<\/p>\t\t\t\t\t\t\t\t<\/div>\n\t\t\t\t<\/div>\n\t\t\t\t\t<\/div>\n\t\t<\/div>\n\t\t\t\t\t<\/div>\n\t\t<\/section>\n\t\t\t\t<\/div>\n\t\t","protected":false},"excerpt":{"rendered":"<p>Quest\u00f5es como a gest\u00e3o do hospital privado, seus desafios e inova\u00e7\u00f5es ser\u00e3o abordadas pelo doutor Fl\u00e1vio Akira Sakae, diretor geral da Rede D&#8217;Or &#8211; S\u00e3o Luiz, no pr\u00f3ximo Semin\u00e1rio da Sa\u00fade, que acontece no dia 4 de junho, das 19h10 \u00e0s 22h, sob media\u00e7\u00e3o do professor Andrea Bottoni. A atividade, que ser\u00e1 realizada no audit\u00f3rio [&hellip;]<\/p>\n","protected":false},"author":990015,"featured_media":4061,"comment_status":"closed","ping_status":"closed","sticky":false,"template":"","format":"standard","meta":{"_eb_attr":"","footnotes":""},"categories":[1],"tags":[],"class_list":["post-4060","post","type-post","status-publish","format-standard","has-post-thumbnail","hentry","category-noticias-umc"],"blocksy_meta":{"styles_descriptor":{"styles":{"desktop":"","tablet":"","mobile":""},"google_fonts":[],"version":6}},"rttpg_featured_image_url":{"full":["https:\/\/www.umc.br\/noticias\/wp-content\/uploads\/2022\/01\/Seminario-da-Saude-promove-debate-sobre-gestao-de-hospital-privado.png",960,540,false],"landscape":["https:\/\/www.umc.br\/noticias\/wp-content\/uploads\/2022\/01\/Seminario-da-Saude-promove-debate-sobre-gestao-de-hospital-privado.png",960,540,false],"portraits":["https:\/\/www.umc.br\/noticias\/wp-content\/uploads\/2022\/01\/Seminario-da-Saude-promove-debate-sobre-gestao-de-hospital-privado.png",960,540,false],"thumbnail":["https:\/\/www.umc.br\/noticias\/wp-content\/uploads\/2022\/01\/Seminario-da-Saude-promove-debate-sobre-gestao-de-hospital-privado-150x150.png",150,150,true],"medium":["https:\/\/www.umc.br\/noticias\/wp-content\/uploads\/2022\/01\/Seminario-da-Saude-promove-debate-sobre-gestao-de-hospital-privado-300x169.png",300,169,true],"large":["https:\/\/www.umc.br\/noticias\/wp-content\/uploads\/2022\/01\/Seminario-da-Saude-promove-debate-sobre-gestao-de-hospital-privado.png",960,540,false],"1536x1536":["https:\/\/www.umc.br\/noticias\/wp-content\/uploads\/2022\/01\/Seminario-da-Saude-promove-debate-sobre-gestao-de-hospital-privado.png",960,540,false],"2048x2048":["https:\/\/www.umc.br\/noticias\/wp-content\/uploads\/2022\/01\/Seminario-da-Saude-promove-debate-sobre-gestao-de-hospital-privado.png",960,540,false],"tp-image-grid":["https:\/\/www.umc.br\/noticias\/wp-content\/uploads\/2022\/01\/Seminario-da-Saude-promove-debate-sobre-gestao-de-hospital-privado-700x540.png",700,540,true],"bdfe-large-thumb":["https:\/\/www.umc.br\/noticias\/wp-content\/uploads\/2022\/01\/Seminario-da-Saude-promove-debate-sobre-gestao-de-hospital-privado.png",600,338,false],"bdfe-hero-slider-thumb":["https:\/\/www.umc.br\/noticias\/wp-content\/uploads\/2022\/01\/Seminario-da-Saude-promove-debate-sobre-gestao-de-hospital-privado.png",960,540,false]},"rttpg_author":{"display_name":"Renato Nascimento","author_link":"https:\/\/www.umc.br\/noticias\/author\/renato\/"},"rttpg_comment":0,"rttpg_category":"<a href=\"https:\/\/www.umc.br\/noticias\/category\/noticias-umc\/\" rel=\"category tag\">Not\u00edcias UMC<\/a>","rttpg_excerpt":"Quest\u00f5es como a gest\u00e3o do hospital privado, seus desafios e inova\u00e7\u00f5es ser\u00e3o abordadas pelo doutor Fl\u00e1vio Akira Sakae, diretor geral da Rede D&#8217;Or &#8211; S\u00e3o Luiz, no pr\u00f3ximo Semin\u00e1rio da Sa\u00fade, que acontece no dia 4 de junho, das 19h10 \u00e0s 22h, sob media\u00e7\u00e3o do professor Andrea Bottoni. A atividade, que ser\u00e1 realizada no audit\u00f3rio&hellip;","_links":{"self":[{"href":"https:\/\/www.umc.br\/noticias\/wp-json\/wp\/v2\/posts\/4060","targetHints":{"allow":["GET"]}}],"collection":[{"href":"https:\/\/www.umc.br\/noticias\/wp-json\/wp\/v2\/posts"}],"about":[{"href":"https:\/\/www.umc.br\/noticias\/wp-json\/wp\/v2\/types\/post"}],"author":[{"embeddable":true,"href":"https:\/\/www.umc.br\/noticias\/wp-json\/wp\/v2\/users\/990015"}],"replies":[{"embeddable":true,"href":"https:\/\/www.umc.br\/noticias\/wp-json\/wp\/v2\/comments?post=4060"}],"version-history":[{"count":4,"href":"https:\/\/www.umc.br\/noticias\/wp-json\/wp\/v2\/posts\/4060\/revisions"}],"predecessor-version":[{"id":4065,"href":"https:\/\/www.umc.br\/noticias\/wp-json\/wp\/v2\/posts\/4060\/revisions\/4065"}],"wp:featuredmedia":[{"embeddable":true,"href":"https:\/\/www.umc.br\/noticias\/wp-json\/wp\/v2\/media\/4061"}],"wp:attachment":[{"href":"https:\/\/www.umc.br\/noticias\/wp-json\/wp\/v2\/media?parent=4060"}],"wp:term":[{"taxonomy":"category","embeddable":true,"href":"https:\/\/www.umc.br\/noticias\/wp-json\/wp\/v2\/categories?post=4060"},{"taxonomy":"post_tag","embeddable":true,"href":"https:\/\/www.umc.br\/noticias\/wp-json\/wp\/v2\/tags?post=4060"}],"curies":[{"name":"wp","href":"https:\/\/api.w.org\/{rel}","templated":true}]}}