{"id":3940,"date":"2019-09-10T23:32:59","date_gmt":"2019-09-10T23:32:59","guid":{"rendered":"https:\/\/www2.umc.br\/noticias\/?p=3940"},"modified":"2022-01-04T23:39:07","modified_gmt":"2022-01-04T23:39:07","slug":"campus-villa-lobos-promove-campanha-do-setembro-amarelo","status":"publish","type":"post","link":"https:\/\/www.umc.br\/noticias\/campus-villa-lobos-promove-campanha-do-setembro-amarelo\/","title":{"rendered":"Campus Villa-Lobos promove campanha do \u201csetembro amarelo\u201d"},"content":{"rendered":"\t\t<div data-elementor-type=\"wp-post\" data-elementor-id=\"3940\" class=\"elementor elementor-3940\" data-elementor-settings=\"{&quot;ha_cmc_init_switcher&quot;:&quot;no&quot;}\" data-elementor-post-type=\"post\">\n\t\t\t\t\t\t<section data-particle_enable=\"false\" data-particle-mobile-disabled=\"false\" class=\"elementor-section elementor-top-section elementor-element elementor-element-aee7fd1 elementor-section-boxed elementor-section-height-default elementor-section-height-default\" data-id=\"aee7fd1\" data-element_type=\"section\" data-e-type=\"section\" data-settings=\"{&quot;_ha_eqh_enable&quot;:false,&quot;ekit_has_onepagescroll_dot&quot;:&quot;yes&quot;}\">\n\t\t\t\t\t\t<div class=\"elementor-container elementor-column-gap-default\">\n\t\t\t\t\t<div class=\"elementor-column elementor-col-100 elementor-top-column elementor-element elementor-element-20045ec\" data-id=\"20045ec\" data-element_type=\"column\" data-e-type=\"column\">\n\t\t\t<div class=\"elementor-widget-wrap elementor-element-populated\">\n\t\t\t\t\t\t<div class=\"elementor-element elementor-element-13b44f3 elementor-widget elementor-widget-text-editor\" data-id=\"13b44f3\" data-element_type=\"widget\" data-e-type=\"widget\" data-settings=\"{&quot;ekit_we_effect_on&quot;:&quot;none&quot;}\" data-widget_type=\"text-editor.default\">\n\t\t\t\t<div class=\"elementor-widget-container\">\n\t\t\t\t\t\t\t\t\t<p style=\"text-align: justify;\">Setembro \u00e9 o m\u00eas oficial da valoriza\u00e7\u00e3o \u00e0 vida e tamb\u00e9m de preven\u00e7\u00e3o a doen\u00e7as emocionais e da mente. Neste ritmo, a UMC \u2013 Campus Villa-Lobos separou o dia 18 de setembro para realizar palestras voltadas ao tema. A a\u00e7\u00e3o, visa possibilitar a reflex\u00e3o discente sobre quest\u00f5es relacionadas ao sofrimento ps\u00edquico e \u00e0 valoriza\u00e7\u00e3o da vida.<\/p><p style=\"text-align: justify;\">Na ocasi\u00e3o, o Tino Perez, membro do Centro de Valoriza\u00e7\u00e3o da Vida (CVV) abrir\u00e1 o evento \u00e0s 19h30, com a palestra \u201cComo vai voc\u00ea? \u201d. Na sequ\u00eancia, \u00e0s 20h30, \u00e9 a vez da psic\u00f3loga e psicanalista, Dra. Glaucin\u00e9ia Gomes de Lima, conversar com os alunos presentes sobre o \u201csofrimento ps\u00edquico na atualidade\u201d.<\/p><p style=\"text-align: justify;\">Para participar das palestras n\u00e3o \u00e9 necess\u00e1rio realizar inscri\u00e7\u00e3o. O evento, apesar de voltado aos estudantes dos cursos de Psicologia, Enfermagem e Biomedicina, \u00e9 aberto a todos os demais interessados no assunto. A atividade ser\u00e1 realizada na UMC do Campus Villa-Lobos.<\/p><p style=\"text-align: justify;\"><strong>CAMPANHA<\/strong><\/p><p style=\"text-align: justify;\">Desde 2014, a Associa\u00e7\u00e3o Brasileira de Psiquiatria \u2013 ABP, em parceria com o Conselho Federal de Medicina \u2013 CFM, organiza nacionalmente o \u201csetembro amarelo\u201d. O dia 10 deste m\u00eas \u00e9, oficialmente, o Dia Mundial de Preven\u00e7\u00e3o ao Suic\u00eddio, mas a campanha acontece durante todo o ano.<\/p>\t\t\t\t\t\t\t\t<\/div>\n\t\t\t\t<\/div>\n\t\t\t\t\t<\/div>\n\t\t<\/div>\n\t\t\t\t\t<\/div>\n\t\t<\/section>\n\t\t\t\t<\/div>\n\t\t","protected":false},"excerpt":{"rendered":"<p>Setembro \u00e9 o m\u00eas oficial da valoriza\u00e7\u00e3o \u00e0 vida e tamb\u00e9m de preven\u00e7\u00e3o a doen\u00e7as emocionais e da mente. Neste ritmo, a UMC \u2013 Campus Villa-Lobos separou o dia 18 de setembro para realizar palestras voltadas ao tema. A a\u00e7\u00e3o, visa possibilitar a reflex\u00e3o discente sobre quest\u00f5es relacionadas ao sofrimento ps\u00edquico e \u00e0 valoriza\u00e7\u00e3o da [&hellip;]<\/p>\n","protected":false},"author":990015,"featured_media":3941,"comment_status":"closed","ping_status":"closed","sticky":false,"template":"","format":"standard","meta":{"_eb_attr":"","footnotes":""},"categories":[1],"tags":[],"class_list":["post-3940","post","type-post","status-publish","format-standard","has-post-thumbnail","hentry","category-noticias-umc"],"blocksy_meta":{"styles_descriptor":{"styles":{"desktop":"","tablet":"","mobile":""},"google_fonts":[],"version":6}},"rttpg_featured_image_url":{"full":["https:\/\/www.umc.br\/noticias\/wp-content\/uploads\/2022\/01\/Campus-Villa-Lobos-promove-campanha-do-setembro-amarelo.png",417,250,false],"landscape":["https:\/\/www.umc.br\/noticias\/wp-content\/uploads\/2022\/01\/Campus-Villa-Lobos-promove-campanha-do-setembro-amarelo.png",417,250,false],"portraits":["https:\/\/www.umc.br\/noticias\/wp-content\/uploads\/2022\/01\/Campus-Villa-Lobos-promove-campanha-do-setembro-amarelo.png",417,250,false],"thumbnail":["https:\/\/www.umc.br\/noticias\/wp-content\/uploads\/2022\/01\/Campus-Villa-Lobos-promove-campanha-do-setembro-amarelo-150x150.png",150,150,true],"medium":["https:\/\/www.umc.br\/noticias\/wp-content\/uploads\/2022\/01\/Campus-Villa-Lobos-promove-campanha-do-setembro-amarelo-300x180.png",300,180,true],"large":["https:\/\/www.umc.br\/noticias\/wp-content\/uploads\/2022\/01\/Campus-Villa-Lobos-promove-campanha-do-setembro-amarelo.png",417,250,false],"1536x1536":["https:\/\/www.umc.br\/noticias\/wp-content\/uploads\/2022\/01\/Campus-Villa-Lobos-promove-campanha-do-setembro-amarelo.png",417,250,false],"2048x2048":["https:\/\/www.umc.br\/noticias\/wp-content\/uploads\/2022\/01\/Campus-Villa-Lobos-promove-campanha-do-setembro-amarelo.png",417,250,false],"tp-image-grid":["https:\/\/www.umc.br\/noticias\/wp-content\/uploads\/2022\/01\/Campus-Villa-Lobos-promove-campanha-do-setembro-amarelo.png",417,250,false],"bdfe-large-thumb":["https:\/\/www.umc.br\/noticias\/wp-content\/uploads\/2022\/01\/Campus-Villa-Lobos-promove-campanha-do-setembro-amarelo.png",417,250,false],"bdfe-hero-slider-thumb":["https:\/\/www.umc.br\/noticias\/wp-content\/uploads\/2022\/01\/Campus-Villa-Lobos-promove-campanha-do-setembro-amarelo.png",417,250,false]},"rttpg_author":{"display_name":"Renato Nascimento","author_link":"https:\/\/www.umc.br\/noticias\/author\/renato\/"},"rttpg_comment":0,"rttpg_category":"<a href=\"https:\/\/www.umc.br\/noticias\/category\/noticias-umc\/\" rel=\"category tag\">Not\u00edcias UMC<\/a>","rttpg_excerpt":"Setembro \u00e9 o m\u00eas oficial da valoriza\u00e7\u00e3o \u00e0 vida e tamb\u00e9m de preven\u00e7\u00e3o a doen\u00e7as emocionais e da mente. Neste ritmo, a UMC \u2013 Campus Villa-Lobos separou o dia 18 de setembro para realizar palestras voltadas ao tema. A a\u00e7\u00e3o, visa possibilitar a reflex\u00e3o discente sobre quest\u00f5es relacionadas ao sofrimento ps\u00edquico e \u00e0 valoriza\u00e7\u00e3o da&hellip;","_links":{"self":[{"href":"https:\/\/www.umc.br\/noticias\/wp-json\/wp\/v2\/posts\/3940","targetHints":{"allow":["GET"]}}],"collection":[{"href":"https:\/\/www.umc.br\/noticias\/wp-json\/wp\/v2\/posts"}],"about":[{"href":"https:\/\/www.umc.br\/noticias\/wp-json\/wp\/v2\/types\/post"}],"author":[{"embeddable":true,"href":"https:\/\/www.umc.br\/noticias\/wp-json\/wp\/v2\/users\/990015"}],"replies":[{"embeddable":true,"href":"https:\/\/www.umc.br\/noticias\/wp-json\/wp\/v2\/comments?post=3940"}],"version-history":[{"count":4,"href":"https:\/\/www.umc.br\/noticias\/wp-json\/wp\/v2\/posts\/3940\/revisions"}],"predecessor-version":[{"id":3945,"href":"https:\/\/www.umc.br\/noticias\/wp-json\/wp\/v2\/posts\/3940\/revisions\/3945"}],"wp:featuredmedia":[{"embeddable":true,"href":"https:\/\/www.umc.br\/noticias\/wp-json\/wp\/v2\/media\/3941"}],"wp:attachment":[{"href":"https:\/\/www.umc.br\/noticias\/wp-json\/wp\/v2\/media?parent=3940"}],"wp:term":[{"taxonomy":"category","embeddable":true,"href":"https:\/\/www.umc.br\/noticias\/wp-json\/wp\/v2\/categories?post=3940"},{"taxonomy":"post_tag","embeddable":true,"href":"https:\/\/www.umc.br\/noticias\/wp-json\/wp\/v2\/tags?post=3940"}],"curies":[{"name":"wp","href":"https:\/\/api.w.org\/{rel}","templated":true}]}}