{"id":3898,"date":"2019-09-23T15:56:05","date_gmt":"2019-09-23T15:56:05","guid":{"rendered":"https:\/\/www2.umc.br\/noticias\/?p=3898"},"modified":"2022-01-04T18:15:05","modified_gmt":"2022-01-04T18:15:05","slug":"pela-primeira-vez-umc-realizara-o-dia-da-responsabilidade-social-no-parque-da-cidade","status":"publish","type":"post","link":"https:\/\/www.umc.br\/noticias\/pela-primeira-vez-umc-realizara-o-dia-da-responsabilidade-social-no-parque-da-cidade\/","title":{"rendered":"Pela primeira vez, UMC realizar\u00e1 o \u201cDia da Responsabilidade Social\u201d no Parque da Cidade"},"content":{"rendered":"\t\t<div data-elementor-type=\"wp-post\" data-elementor-id=\"3898\" class=\"elementor elementor-3898\" data-elementor-settings=\"{&quot;ha_cmc_init_switcher&quot;:&quot;no&quot;}\" data-elementor-post-type=\"post\">\n\t\t\t\t\t\t<section data-particle_enable=\"false\" data-particle-mobile-disabled=\"false\" class=\"elementor-section elementor-top-section elementor-element elementor-element-301cf3e elementor-section-boxed elementor-section-height-default elementor-section-height-default\" data-id=\"301cf3e\" data-element_type=\"section\" data-e-type=\"section\" data-settings=\"{&quot;_ha_eqh_enable&quot;:false,&quot;ekit_has_onepagescroll_dot&quot;:&quot;yes&quot;}\">\n\t\t\t\t\t\t<div class=\"elementor-container elementor-column-gap-default\">\n\t\t\t\t\t<div class=\"elementor-column elementor-col-100 elementor-top-column elementor-element elementor-element-64e9a45\" data-id=\"64e9a45\" data-element_type=\"column\" data-e-type=\"column\">\n\t\t\t<div class=\"elementor-widget-wrap elementor-element-populated\">\n\t\t\t\t\t\t<div class=\"elementor-element elementor-element-17e1388 elementor-widget elementor-widget-text-editor\" data-id=\"17e1388\" data-element_type=\"widget\" data-e-type=\"widget\" data-settings=\"{&quot;ekit_we_effect_on&quot;:&quot;none&quot;}\" data-widget_type=\"text-editor.default\">\n\t\t\t\t<div class=\"elementor-widget-container\">\n\t\t\t\t\t\t\t\t\t<p style=\"text-align: justify;\">O Dia da Responsabilidade Social no Ensino Superior Particular ser\u00e1 celebrado no dia 28 de setembro, e a Universidade de Mogi das Cruzes (UMC) preparou, em mais uma edi\u00e7\u00e3o do evento, uma programa\u00e7\u00e3o especial para a fam\u00edlia toda. Desta vez, a a\u00e7\u00e3o ser\u00e1 realizada no Parque da Cidade e a estimativa \u00e9 de que cerca de 5 mil pessoas participem das mais de 40 atividades organizadas por alunos, professores e coordenadores de todos os cursos da institui\u00e7\u00e3o.<\/p><p style=\"text-align: justify;\">Entre as atividades programadas para o dia, podemos destacar as a\u00e7\u00f5es e palestras preventivas da \u00e1rea da sa\u00fade (aferi\u00e7\u00e3o de press\u00e3o, testes de glicemia, orienta\u00e7\u00f5es nutricionais, preven\u00e7\u00e3o de c\u00e2ncer de boca, uso racional dos medicamentos); e as a\u00e7\u00f5es de bem-estar (sess\u00f5es de quick-massagem, orienta\u00e7\u00e3o postural, alongamentos, benef\u00edcios dos ch\u00e1s); tamb\u00e9m acontecer\u00e3o caminhadas, aulas de zumba e oficinas de basquete com o Filipin (ex. jogador do Mogi Basquete).<\/p><p style=\"text-align: justify;\">Para as crian\u00e7as, o Espa\u00e7o Kids oferecer\u00e1 atividades l\u00fadicas como oficinas de pintura, teatro de fantoches, brinquedo aramado, jogos para criatividade, rodas de leitura, desenhos, oficina de Slime, pintura facial, escultura de bexiga, brinquedos infl\u00e1veis e tamb\u00e9m orienta\u00e7\u00f5es de sa\u00fade bucal. J\u00e1 o p\u00fablico adolescente poder\u00e1 se encontrar no Espa\u00e7o Youtuber, onde receber\u00e3o orienta\u00e7\u00f5es t\u00e9cnicas para a produ\u00e7\u00e3o de v\u00eddeos e fotografias com o celular.<\/p><p style=\"text-align: justify;\">Os amantes de jogos tamb\u00e9m ter\u00e3o um espa\u00e7o reservado. Jogos virtuais e educativos ser\u00e3o apresentados no estande; j\u00e1 a parte de servi\u00e7os ser\u00e1 oferecida no Espa\u00e7o Profissional. L\u00e1 o visitante receber\u00e1 orienta\u00e7\u00e3o sobre entrevistas de emprego e din\u00e2mica de grupo, finan\u00e7as pessoais e t\u00e9cnicas de negocia\u00e7\u00e3o de d\u00edvidas, al\u00e9m de impress\u00e3o de curr\u00edculos e atendimentos jur\u00eddicos &#8211; direitos da crian\u00e7a e do adolescente, do idoso, das pessoas com defici\u00eancia f\u00edsica e tamb\u00e9m de v\u00edtimas de viol\u00eancia dom\u00e9stica.<\/p><p style=\"text-align: justify;\">Na ocasi\u00e3o tamb\u00e9m ser\u00e3o recebidas doa\u00e7\u00f5es de alimentos (exceto sal e a\u00e7\u00facar) e ra\u00e7\u00e3o. Os visitantes poder\u00e3o doar 1kg de alimento n\u00e3o perec\u00edvel ou ra\u00e7\u00e3o e em troca participar dos diversos sorteios que acontecer\u00e3o ao longo do evento. Todos os alimentos ser\u00e3o doados para o Fundo Social e as ra\u00e7\u00f5es para ONGs. O evento tamb\u00e9m contar\u00e1 com diversos estandes de empresas e com\u00e9rcios parceiros da UMC, que prestar\u00e3o servi\u00e7os, atendimentos e distribui\u00e7\u00e3o de brindes.<\/p><p style=\"text-align: justify;\">O Dia Nacional de Responsabilidade Social no Ensino Superior \u00e9 promovido pela Associa\u00e7\u00e3o Brasileira de Mantenedores de Ensino Superior (ABMES). A UMC participa da a\u00e7\u00e3o desde 2005. O objetivo \u00e9 trabalhar por um futuro com melhor qualidade de vida. O evento ter\u00e1 entrada gratuita e ser\u00e1 realizado no Parque da Cidade, em Mogi das Cruzes, das 10h \u00e0s 15 horas. Acompanhe a programa\u00e7\u00e3o completa<a href=\"https:\/\/www4.umc.br\/noticias\/2019\/setembro\/responsabilidade-social_2019.pdf\"> aqui.<\/a><\/p><p style=\"text-align: justify;\"><strong>Servi\u00e7o:<\/strong><\/p><p style=\"text-align: justify;\">Responsabilidade Social 2019<\/p><p style=\"text-align: justify;\">S\u00e1bado &#8211; 28 de setembro<\/p><p style=\"text-align: justify;\">Hor\u00e1rio: das 10h \u00e0s 15 horas<\/p><p style=\"text-align: justify;\">Local: Parque da Cidade Endere\u00e7o: R. Jardelina de Almeida Lopes, 451 \u2013 Pq. Santana, Mogi das Cruzes.<\/p><p style=\"text-align: justify;\">Entrada Gratuita<\/p>\t\t\t\t\t\t\t\t<\/div>\n\t\t\t\t<\/div>\n\t\t\t\t\t<\/div>\n\t\t<\/div>\n\t\t\t\t\t<\/div>\n\t\t<\/section>\n\t\t\t\t<\/div>\n\t\t","protected":false},"excerpt":{"rendered":"<p>O Dia da Responsabilidade Social no Ensino Superior Particular ser\u00e1 celebrado no dia 28 de setembro, e a Universidade de Mogi das Cruzes (UMC) preparou, em mais uma edi\u00e7\u00e3o do evento, uma programa\u00e7\u00e3o especial para a fam\u00edlia toda. Desta vez, a a\u00e7\u00e3o ser\u00e1 realizada no Parque da Cidade e a estimativa \u00e9 de que cerca [&hellip;]<\/p>\n","protected":false},"author":990015,"featured_media":3899,"comment_status":"closed","ping_status":"closed","sticky":false,"template":"","format":"standard","meta":{"_eb_attr":"","footnotes":""},"categories":[1],"tags":[],"class_list":["post-3898","post","type-post","status-publish","format-standard","has-post-thumbnail","hentry","category-noticias-umc"],"blocksy_meta":{"styles_descriptor":{"styles":{"desktop":"","tablet":"","mobile":""},"google_fonts":[],"version":6}},"rttpg_featured_image_url":{"full":["https:\/\/www.umc.br\/noticias\/wp-content\/uploads\/2022\/01\/Pela-primeira-vez-UMC-realizara-o-Dia-da-Responsabilidade-Social-no-Parque-da-Cidade.png",900,675,false],"landscape":["https:\/\/www.umc.br\/noticias\/wp-content\/uploads\/2022\/01\/Pela-primeira-vez-UMC-realizara-o-Dia-da-Responsabilidade-Social-no-Parque-da-Cidade.png",900,675,false],"portraits":["https:\/\/www.umc.br\/noticias\/wp-content\/uploads\/2022\/01\/Pela-primeira-vez-UMC-realizara-o-Dia-da-Responsabilidade-Social-no-Parque-da-Cidade.png",900,675,false],"thumbnail":["https:\/\/www.umc.br\/noticias\/wp-content\/uploads\/2022\/01\/Pela-primeira-vez-UMC-realizara-o-Dia-da-Responsabilidade-Social-no-Parque-da-Cidade-150x150.png",150,150,true],"medium":["https:\/\/www.umc.br\/noticias\/wp-content\/uploads\/2022\/01\/Pela-primeira-vez-UMC-realizara-o-Dia-da-Responsabilidade-Social-no-Parque-da-Cidade-300x225.png",300,225,true],"large":["https:\/\/www.umc.br\/noticias\/wp-content\/uploads\/2022\/01\/Pela-primeira-vez-UMC-realizara-o-Dia-da-Responsabilidade-Social-no-Parque-da-Cidade.png",900,675,false],"1536x1536":["https:\/\/www.umc.br\/noticias\/wp-content\/uploads\/2022\/01\/Pela-primeira-vez-UMC-realizara-o-Dia-da-Responsabilidade-Social-no-Parque-da-Cidade.png",900,675,false],"2048x2048":["https:\/\/www.umc.br\/noticias\/wp-content\/uploads\/2022\/01\/Pela-primeira-vez-UMC-realizara-o-Dia-da-Responsabilidade-Social-no-Parque-da-Cidade.png",900,675,false],"tp-image-grid":["https:\/\/www.umc.br\/noticias\/wp-content\/uploads\/2022\/01\/Pela-primeira-vez-UMC-realizara-o-Dia-da-Responsabilidade-Social-no-Parque-da-Cidade-700x675.png",700,675,true],"bdfe-large-thumb":["https:\/\/www.umc.br\/noticias\/wp-content\/uploads\/2022\/01\/Pela-primeira-vez-UMC-realizara-o-Dia-da-Responsabilidade-Social-no-Parque-da-Cidade.png",600,450,false],"bdfe-hero-slider-thumb":["https:\/\/www.umc.br\/noticias\/wp-content\/uploads\/2022\/01\/Pela-primeira-vez-UMC-realizara-o-Dia-da-Responsabilidade-Social-no-Parque-da-Cidade.png",865,649,false]},"rttpg_author":{"display_name":"Renato Nascimento","author_link":"https:\/\/www.umc.br\/noticias\/author\/renato\/"},"rttpg_comment":0,"rttpg_category":"<a href=\"https:\/\/www.umc.br\/noticias\/category\/noticias-umc\/\" rel=\"category tag\">Not\u00edcias UMC<\/a>","rttpg_excerpt":"O Dia da Responsabilidade Social no Ensino Superior Particular ser\u00e1 celebrado no dia 28 de setembro, e a Universidade de Mogi das Cruzes (UMC) preparou, em mais uma edi\u00e7\u00e3o do evento, uma programa\u00e7\u00e3o especial para a fam\u00edlia toda. Desta vez, a a\u00e7\u00e3o ser\u00e1 realizada no Parque da Cidade e a estimativa \u00e9 de que cerca&hellip;","_links":{"self":[{"href":"https:\/\/www.umc.br\/noticias\/wp-json\/wp\/v2\/posts\/3898","targetHints":{"allow":["GET"]}}],"collection":[{"href":"https:\/\/www.umc.br\/noticias\/wp-json\/wp\/v2\/posts"}],"about":[{"href":"https:\/\/www.umc.br\/noticias\/wp-json\/wp\/v2\/types\/post"}],"author":[{"embeddable":true,"href":"https:\/\/www.umc.br\/noticias\/wp-json\/wp\/v2\/users\/990015"}],"replies":[{"embeddable":true,"href":"https:\/\/www.umc.br\/noticias\/wp-json\/wp\/v2\/comments?post=3898"}],"version-history":[{"count":4,"href":"https:\/\/www.umc.br\/noticias\/wp-json\/wp\/v2\/posts\/3898\/revisions"}],"predecessor-version":[{"id":3904,"href":"https:\/\/www.umc.br\/noticias\/wp-json\/wp\/v2\/posts\/3898\/revisions\/3904"}],"wp:featuredmedia":[{"embeddable":true,"href":"https:\/\/www.umc.br\/noticias\/wp-json\/wp\/v2\/media\/3899"}],"wp:attachment":[{"href":"https:\/\/www.umc.br\/noticias\/wp-json\/wp\/v2\/media?parent=3898"}],"wp:term":[{"taxonomy":"category","embeddable":true,"href":"https:\/\/www.umc.br\/noticias\/wp-json\/wp\/v2\/categories?post=3898"},{"taxonomy":"post_tag","embeddable":true,"href":"https:\/\/www.umc.br\/noticias\/wp-json\/wp\/v2\/tags?post=3898"}],"curies":[{"name":"wp","href":"https:\/\/api.w.org\/{rel}","templated":true}]}}