{"id":3853,"date":"2019-09-23T01:36:50","date_gmt":"2019-09-23T01:36:50","guid":{"rendered":"https:\/\/www2.umc.br\/noticias\/?p=3853"},"modified":"2022-01-04T01:38:39","modified_gmt":"2022-01-04T01:38:39","slug":"encontro-sobre-o-30o-exame-da-ordem-sera-realizado-na-proxima-semana","status":"publish","type":"post","link":"https:\/\/www.umc.br\/noticias\/encontro-sobre-o-30o-exame-da-ordem-sera-realizado-na-proxima-semana\/","title":{"rendered":"Encontro sobre o 30\u00ba Exame da Ordem ser\u00e1 realizado na pr\u00f3xima semana"},"content":{"rendered":"\t\t<div data-elementor-type=\"wp-post\" data-elementor-id=\"3853\" class=\"elementor elementor-3853\" data-elementor-settings=\"{&quot;ha_cmc_init_switcher&quot;:&quot;no&quot;}\" data-elementor-post-type=\"post\">\n\t\t\t\t\t\t<section data-particle_enable=\"false\" data-particle-mobile-disabled=\"false\" class=\"elementor-section elementor-top-section elementor-element elementor-element-b45692d elementor-section-boxed elementor-section-height-default elementor-section-height-default\" data-id=\"b45692d\" data-element_type=\"section\" data-e-type=\"section\" data-settings=\"{&quot;_ha_eqh_enable&quot;:false,&quot;ekit_has_onepagescroll_dot&quot;:&quot;yes&quot;}\">\n\t\t\t\t\t\t<div class=\"elementor-container elementor-column-gap-default\">\n\t\t\t\t\t<div class=\"elementor-column elementor-col-100 elementor-top-column elementor-element elementor-element-5f260fb\" data-id=\"5f260fb\" data-element_type=\"column\" data-e-type=\"column\">\n\t\t\t<div class=\"elementor-widget-wrap elementor-element-populated\">\n\t\t\t\t\t\t<div class=\"elementor-element elementor-element-35ddc7b elementor-widget elementor-widget-text-editor\" data-id=\"35ddc7b\" data-element_type=\"widget\" data-e-type=\"widget\" data-settings=\"{&quot;ekit_we_effect_on&quot;:&quot;none&quot;}\" data-widget_type=\"text-editor.default\">\n\t\t\t\t<div class=\"elementor-widget-container\">\n\t\t\t\t\t\t\t\t\t<p style=\"text-align: justify;\">O curso de Direito da UMC \u2013\u00a0<span class=\"estrangeiro\">Campus<\/span>\u00a0Mogi das Cruzes realizar\u00e1 no dia 26 de setembro um Encontro sobre o 30\u00ba Exame da Ordem. O objetivo, de acordo com a coordena\u00e7\u00e3o do curso, \u00e9 preparar o aluno para a obten\u00e7\u00e3o de sucesso na realiza\u00e7\u00e3o do Exame da Ordem, bem como nos concursos p\u00fablicos.<\/p><p style=\"text-align: justify;\">Ministrada por palestrantes convidados pela coordena\u00e7\u00e3o do curso, a ocasi\u00e3o reunir\u00e1 nomes de peso no cen\u00e1rio jur\u00eddico. Estar\u00e3o presentes o procurador da Fazenda, Dr. I\u00fari Daniel de Andrade Silva; o Dr. Fabr\u00edcio Henrique Canelas, que \u00e9 Juiz de Direito e os advogados Dr. Bruno de Freitas Silva e Dr. Luciano Carlos.<\/p><p style=\"text-align: justify;\">A atividade ser\u00e1 realizada no Tribunal do J\u00fari, situado no pr\u00e9dio III, das 11h \u00e0s 17 horas. Para participar do encontro, refor\u00e7ar os conhecimentos e se atualizar sobre o Exame da Ordem n\u00e3o \u00e9 necess\u00e1rio realizar inscri\u00e7\u00e3o. Vale lembrar ainda que a entrada \u00e9 gratuita.<\/p>\t\t\t\t\t\t\t\t<\/div>\n\t\t\t\t<\/div>\n\t\t\t\t\t<\/div>\n\t\t<\/div>\n\t\t\t\t\t<\/div>\n\t\t<\/section>\n\t\t\t\t<\/div>\n\t\t","protected":false},"excerpt":{"rendered":"<p>O curso de Direito da UMC \u2013\u00a0Campus\u00a0Mogi das Cruzes realizar\u00e1 no dia 26 de setembro um Encontro sobre o 30\u00ba Exame da Ordem. O objetivo, de acordo com a coordena\u00e7\u00e3o do curso, \u00e9 preparar o aluno para a obten\u00e7\u00e3o de sucesso na realiza\u00e7\u00e3o do Exame da Ordem, bem como nos concursos p\u00fablicos. Ministrada por palestrantes [&hellip;]<\/p>\n","protected":false},"author":990015,"featured_media":3854,"comment_status":"closed","ping_status":"closed","sticky":false,"template":"","format":"standard","meta":{"_eb_attr":"","footnotes":""},"categories":[1],"tags":[],"class_list":["post-3853","post","type-post","status-publish","format-standard","has-post-thumbnail","hentry","category-noticias-umc"],"blocksy_meta":{"styles_descriptor":{"styles":{"desktop":"","tablet":"","mobile":""},"google_fonts":[],"version":6}},"rttpg_featured_image_url":{"full":["https:\/\/www.umc.br\/noticias\/wp-content\/uploads\/2022\/01\/Encontro-sobre-o-30o-Exame-da-Ordem-sera-realizado-na-proxima-semana.png",400,300,false],"landscape":["https:\/\/www.umc.br\/noticias\/wp-content\/uploads\/2022\/01\/Encontro-sobre-o-30o-Exame-da-Ordem-sera-realizado-na-proxima-semana.png",400,300,false],"portraits":["https:\/\/www.umc.br\/noticias\/wp-content\/uploads\/2022\/01\/Encontro-sobre-o-30o-Exame-da-Ordem-sera-realizado-na-proxima-semana.png",400,300,false],"thumbnail":["https:\/\/www.umc.br\/noticias\/wp-content\/uploads\/2022\/01\/Encontro-sobre-o-30o-Exame-da-Ordem-sera-realizado-na-proxima-semana-150x150.png",150,150,true],"medium":["https:\/\/www.umc.br\/noticias\/wp-content\/uploads\/2022\/01\/Encontro-sobre-o-30o-Exame-da-Ordem-sera-realizado-na-proxima-semana-300x225.png",300,225,true],"large":["https:\/\/www.umc.br\/noticias\/wp-content\/uploads\/2022\/01\/Encontro-sobre-o-30o-Exame-da-Ordem-sera-realizado-na-proxima-semana.png",400,300,false],"1536x1536":["https:\/\/www.umc.br\/noticias\/wp-content\/uploads\/2022\/01\/Encontro-sobre-o-30o-Exame-da-Ordem-sera-realizado-na-proxima-semana.png",400,300,false],"2048x2048":["https:\/\/www.umc.br\/noticias\/wp-content\/uploads\/2022\/01\/Encontro-sobre-o-30o-Exame-da-Ordem-sera-realizado-na-proxima-semana.png",400,300,false],"tp-image-grid":["https:\/\/www.umc.br\/noticias\/wp-content\/uploads\/2022\/01\/Encontro-sobre-o-30o-Exame-da-Ordem-sera-realizado-na-proxima-semana.png",400,300,false],"bdfe-large-thumb":["https:\/\/www.umc.br\/noticias\/wp-content\/uploads\/2022\/01\/Encontro-sobre-o-30o-Exame-da-Ordem-sera-realizado-na-proxima-semana.png",400,300,false],"bdfe-hero-slider-thumb":["https:\/\/www.umc.br\/noticias\/wp-content\/uploads\/2022\/01\/Encontro-sobre-o-30o-Exame-da-Ordem-sera-realizado-na-proxima-semana.png",400,300,false]},"rttpg_author":{"display_name":"Renato Nascimento","author_link":"https:\/\/www.umc.br\/noticias\/author\/renato\/"},"rttpg_comment":0,"rttpg_category":"<a href=\"https:\/\/www.umc.br\/noticias\/category\/noticias-umc\/\" rel=\"category tag\">Not\u00edcias UMC<\/a>","rttpg_excerpt":"O curso de Direito da UMC \u2013\u00a0Campus\u00a0Mogi das Cruzes realizar\u00e1 no dia 26 de setembro um Encontro sobre o 30\u00ba Exame da Ordem. O objetivo, de acordo com a coordena\u00e7\u00e3o do curso, \u00e9 preparar o aluno para a obten\u00e7\u00e3o de sucesso na realiza\u00e7\u00e3o do Exame da Ordem, bem como nos concursos p\u00fablicos. Ministrada por palestrantes&hellip;","_links":{"self":[{"href":"https:\/\/www.umc.br\/noticias\/wp-json\/wp\/v2\/posts\/3853","targetHints":{"allow":["GET"]}}],"collection":[{"href":"https:\/\/www.umc.br\/noticias\/wp-json\/wp\/v2\/posts"}],"about":[{"href":"https:\/\/www.umc.br\/noticias\/wp-json\/wp\/v2\/types\/post"}],"author":[{"embeddable":true,"href":"https:\/\/www.umc.br\/noticias\/wp-json\/wp\/v2\/users\/990015"}],"replies":[{"embeddable":true,"href":"https:\/\/www.umc.br\/noticias\/wp-json\/wp\/v2\/comments?post=3853"}],"version-history":[{"count":4,"href":"https:\/\/www.umc.br\/noticias\/wp-json\/wp\/v2\/posts\/3853\/revisions"}],"predecessor-version":[{"id":3858,"href":"https:\/\/www.umc.br\/noticias\/wp-json\/wp\/v2\/posts\/3853\/revisions\/3858"}],"wp:featuredmedia":[{"embeddable":true,"href":"https:\/\/www.umc.br\/noticias\/wp-json\/wp\/v2\/media\/3854"}],"wp:attachment":[{"href":"https:\/\/www.umc.br\/noticias\/wp-json\/wp\/v2\/media?parent=3853"}],"wp:term":[{"taxonomy":"category","embeddable":true,"href":"https:\/\/www.umc.br\/noticias\/wp-json\/wp\/v2\/categories?post=3853"},{"taxonomy":"post_tag","embeddable":true,"href":"https:\/\/www.umc.br\/noticias\/wp-json\/wp\/v2\/tags?post=3853"}],"curies":[{"name":"wp","href":"https:\/\/api.w.org\/{rel}","templated":true}]}}