{"id":3817,"date":"2019-09-27T18:39:06","date_gmt":"2019-09-27T18:39:06","guid":{"rendered":"https:\/\/www2.umc.br\/noticias\/?p=3817"},"modified":"2022-01-03T18:40:39","modified_gmt":"2022-01-03T18:40:39","slug":"doze-alunos-da-umc-participam-do-65o-congresso-brasileiro-de-genetica","status":"publish","type":"post","link":"https:\/\/www.umc.br\/noticias\/doze-alunos-da-umc-participam-do-65o-congresso-brasileiro-de-genetica\/","title":{"rendered":"Doze alunos da UMC participam do 65\u00ba Congresso Brasileiro de Gen\u00e9tica"},"content":{"rendered":"\t\t<div data-elementor-type=\"wp-post\" data-elementor-id=\"3817\" class=\"elementor elementor-3817\" data-elementor-settings=\"{&quot;ha_cmc_init_switcher&quot;:&quot;no&quot;}\" data-elementor-post-type=\"post\">\n\t\t\t\t\t\t<section data-particle_enable=\"false\" data-particle-mobile-disabled=\"false\" class=\"elementor-section elementor-top-section elementor-element elementor-element-e7fbdf3 elementor-section-boxed elementor-section-height-default elementor-section-height-default\" data-id=\"e7fbdf3\" data-element_type=\"section\" data-e-type=\"section\" data-settings=\"{&quot;_ha_eqh_enable&quot;:false,&quot;ekit_has_onepagescroll_dot&quot;:&quot;yes&quot;}\">\n\t\t\t\t\t\t<div class=\"elementor-container elementor-column-gap-default\">\n\t\t\t\t\t<div class=\"elementor-column elementor-col-100 elementor-top-column elementor-element elementor-element-72d5151\" data-id=\"72d5151\" data-element_type=\"column\" data-e-type=\"column\">\n\t\t\t<div class=\"elementor-widget-wrap elementor-element-populated\">\n\t\t\t\t\t\t<div class=\"elementor-element elementor-element-4c5fafb elementor-widget elementor-widget-text-editor\" data-id=\"4c5fafb\" data-element_type=\"widget\" data-e-type=\"widget\" data-settings=\"{&quot;ekit_we_effect_on&quot;:&quot;none&quot;}\" data-widget_type=\"text-editor.default\">\n\t\t\t\t<div class=\"elementor-widget-container\">\n\t\t\t\t\t\t\t\t\t<p style=\"text-align: justify;\">Na semana passada (de 17 a 20 de setembro), a UMC esteve presente no 65\u00ba Congresso Brasileiro de Gen\u00e9tica. Na ocasi\u00e3o estiveram presentes 12 alunos entre I.C e p\u00f3s-graduandos, participantes de dois laborat\u00f3rios da Institui\u00e7\u00e3o: Laborat\u00f3rio de Gen\u00e9tica de Organismos Aqu\u00e1ticos e Aquicultura (LAGOAA), orientado pelo professor Alexandre Hilsdorf e o Laborat\u00f3rio de Gen\u00f4mica Estrutural e Funcional (LGEF), coordenado pela professora Daniela Leite Jabes.<\/p><p style=\"text-align: justify;\">De acordo com o professor Alexandre Hilsdorf, a oportunidade de participar do Congresso \u00e9 bastante enriquecedora para o curr\u00edculo destes alunos. Al\u00e9m disto, ele destaca o fato de que a \u201cmaioria das participa\u00e7\u00f5es em trabalhos de pesquisas vem majoritariamente de institui\u00e7\u00f5es p\u00fablicas\u201d, completa.<\/p><p style=\"text-align: justify;\">\u201cA nossa presen\u00e7a em congressos das \u00e1reas foco dos nossos grupos de pesquisa demonstra a qualidade da pesquisa em curso na UMC, bem como fortalece a imagem de nossa institui\u00e7\u00e3o como uma universidade que transmite e produz conhecimento\u201d, informa.<\/p><p style=\"text-align: justify;\"><strong>Congresso<\/strong><\/p><p style=\"text-align: justify;\">O 65o Congresso Brasileiro de Gen\u00e9tica teve como tema central a \u201cEdi\u00e7\u00e3o de Genes e Genomas\u201d. Trata-se de um dos assuntos mais relevantes da atualidade, com implica\u00e7\u00f5es em todas as \u00e1reas das ci\u00eancias da vida.<\/p><p style=\"text-align: justify;\">Assim sendo, foram abordados conceitos n\u00e3o apenas t\u00e9cnico-cient\u00edficos, mas tamb\u00e9m \u00e9ticos e regulat\u00f3rios. As palestras foram compostas por palestrantes internacionais e nacionais de renome.<\/p>\t\t\t\t\t\t\t\t<\/div>\n\t\t\t\t<\/div>\n\t\t\t\t\t<\/div>\n\t\t<\/div>\n\t\t\t\t\t<\/div>\n\t\t<\/section>\n\t\t\t\t<\/div>\n\t\t","protected":false},"excerpt":{"rendered":"<p>Na semana passada (de 17 a 20 de setembro), a UMC esteve presente no 65\u00ba Congresso Brasileiro de Gen\u00e9tica. Na ocasi\u00e3o estiveram presentes 12 alunos entre I.C e p\u00f3s-graduandos, participantes de dois laborat\u00f3rios da Institui\u00e7\u00e3o: Laborat\u00f3rio de Gen\u00e9tica de Organismos Aqu\u00e1ticos e Aquicultura (LAGOAA), orientado pelo professor Alexandre Hilsdorf e o Laborat\u00f3rio de Gen\u00f4mica Estrutural [&hellip;]<\/p>\n","protected":false},"author":990015,"featured_media":3818,"comment_status":"closed","ping_status":"closed","sticky":false,"template":"","format":"standard","meta":{"_eb_attr":"","footnotes":""},"categories":[1],"tags":[],"class_list":["post-3817","post","type-post","status-publish","format-standard","has-post-thumbnail","hentry","category-noticias-umc"],"blocksy_meta":{"styles_descriptor":{"styles":{"desktop":"","tablet":"","mobile":""},"google_fonts":[],"version":6}},"rttpg_featured_image_url":{"full":["https:\/\/www.umc.br\/noticias\/wp-content\/uploads\/2022\/01\/Doze-alunos-da-UMC-participam-do-65o-Congresso-Brasileiro-de-Genetica.jpg",1280,1280,false],"landscape":["https:\/\/www.umc.br\/noticias\/wp-content\/uploads\/2022\/01\/Doze-alunos-da-UMC-participam-do-65o-Congresso-Brasileiro-de-Genetica.jpg",1280,1280,false],"portraits":["https:\/\/www.umc.br\/noticias\/wp-content\/uploads\/2022\/01\/Doze-alunos-da-UMC-participam-do-65o-Congresso-Brasileiro-de-Genetica.jpg",1280,1280,false],"thumbnail":["https:\/\/www.umc.br\/noticias\/wp-content\/uploads\/2022\/01\/Doze-alunos-da-UMC-participam-do-65o-Congresso-Brasileiro-de-Genetica-150x150.jpg",150,150,true],"medium":["https:\/\/www.umc.br\/noticias\/wp-content\/uploads\/2022\/01\/Doze-alunos-da-UMC-participam-do-65o-Congresso-Brasileiro-de-Genetica-300x300.jpg",300,300,true],"large":["https:\/\/www.umc.br\/noticias\/wp-content\/uploads\/2022\/01\/Doze-alunos-da-UMC-participam-do-65o-Congresso-Brasileiro-de-Genetica-1024x1024.jpg",1024,1024,true],"1536x1536":["https:\/\/www.umc.br\/noticias\/wp-content\/uploads\/2022\/01\/Doze-alunos-da-UMC-participam-do-65o-Congresso-Brasileiro-de-Genetica.jpg",1280,1280,false],"2048x2048":["https:\/\/www.umc.br\/noticias\/wp-content\/uploads\/2022\/01\/Doze-alunos-da-UMC-participam-do-65o-Congresso-Brasileiro-de-Genetica.jpg",1280,1280,false],"tp-image-grid":["https:\/\/www.umc.br\/noticias\/wp-content\/uploads\/2022\/01\/Doze-alunos-da-UMC-participam-do-65o-Congresso-Brasileiro-de-Genetica-700x700.jpg",700,700,true],"bdfe-large-thumb":["https:\/\/www.umc.br\/noticias\/wp-content\/uploads\/2022\/01\/Doze-alunos-da-UMC-participam-do-65o-Congresso-Brasileiro-de-Genetica.jpg",600,600,false],"bdfe-hero-slider-thumb":["https:\/\/www.umc.br\/noticias\/wp-content\/uploads\/2022\/01\/Doze-alunos-da-UMC-participam-do-65o-Congresso-Brasileiro-de-Genetica.jpg",649,649,false]},"rttpg_author":{"display_name":"Renato Nascimento","author_link":"https:\/\/www.umc.br\/noticias\/author\/renato\/"},"rttpg_comment":0,"rttpg_category":"<a href=\"https:\/\/www.umc.br\/noticias\/category\/noticias-umc\/\" rel=\"category tag\">Not\u00edcias UMC<\/a>","rttpg_excerpt":"Na semana passada (de 17 a 20 de setembro), a UMC esteve presente no 65\u00ba Congresso Brasileiro de Gen\u00e9tica. Na ocasi\u00e3o estiveram presentes 12 alunos entre I.C e p\u00f3s-graduandos, participantes de dois laborat\u00f3rios da Institui\u00e7\u00e3o: Laborat\u00f3rio de Gen\u00e9tica de Organismos Aqu\u00e1ticos e Aquicultura (LAGOAA), orientado pelo professor Alexandre Hilsdorf e o Laborat\u00f3rio de Gen\u00f4mica Estrutural&hellip;","_links":{"self":[{"href":"https:\/\/www.umc.br\/noticias\/wp-json\/wp\/v2\/posts\/3817","targetHints":{"allow":["GET"]}}],"collection":[{"href":"https:\/\/www.umc.br\/noticias\/wp-json\/wp\/v2\/posts"}],"about":[{"href":"https:\/\/www.umc.br\/noticias\/wp-json\/wp\/v2\/types\/post"}],"author":[{"embeddable":true,"href":"https:\/\/www.umc.br\/noticias\/wp-json\/wp\/v2\/users\/990015"}],"replies":[{"embeddable":true,"href":"https:\/\/www.umc.br\/noticias\/wp-json\/wp\/v2\/comments?post=3817"}],"version-history":[{"count":4,"href":"https:\/\/www.umc.br\/noticias\/wp-json\/wp\/v2\/posts\/3817\/revisions"}],"predecessor-version":[{"id":3822,"href":"https:\/\/www.umc.br\/noticias\/wp-json\/wp\/v2\/posts\/3817\/revisions\/3822"}],"wp:featuredmedia":[{"embeddable":true,"href":"https:\/\/www.umc.br\/noticias\/wp-json\/wp\/v2\/media\/3818"}],"wp:attachment":[{"href":"https:\/\/www.umc.br\/noticias\/wp-json\/wp\/v2\/media?parent=3817"}],"wp:term":[{"taxonomy":"category","embeddable":true,"href":"https:\/\/www.umc.br\/noticias\/wp-json\/wp\/v2\/categories?post=3817"},{"taxonomy":"post_tag","embeddable":true,"href":"https:\/\/www.umc.br\/noticias\/wp-json\/wp\/v2\/tags?post=3817"}],"curies":[{"name":"wp","href":"https:\/\/api.w.org\/{rel}","templated":true}]}}