{"id":3781,"date":"2019-10-04T18:19:17","date_gmt":"2019-10-04T18:19:17","guid":{"rendered":"https:\/\/www2.umc.br\/noticias\/?p=3781"},"modified":"2022-01-03T18:22:02","modified_gmt":"2022-01-03T18:22:02","slug":"eventos-abrem-a-comemoracao-de-50-anos-da-faculdade-de-odontologia-da-umc","status":"publish","type":"post","link":"https:\/\/www.umc.br\/noticias\/eventos-abrem-a-comemoracao-de-50-anos-da-faculdade-de-odontologia-da-umc\/","title":{"rendered":"Eventos abrem a comemora\u00e7\u00e3o de 50 anos da Faculdade de Odontologia da UMC"},"content":{"rendered":"\t\t<div data-elementor-type=\"wp-post\" data-elementor-id=\"3781\" class=\"elementor elementor-3781\" data-elementor-settings=\"{&quot;ha_cmc_init_switcher&quot;:&quot;no&quot;}\" data-elementor-post-type=\"post\">\n\t\t\t\t\t\t<section data-particle_enable=\"false\" data-particle-mobile-disabled=\"false\" class=\"elementor-section elementor-top-section elementor-element elementor-element-9bdeaed elementor-section-boxed elementor-section-height-default elementor-section-height-default\" data-id=\"9bdeaed\" data-element_type=\"section\" data-e-type=\"section\" data-settings=\"{&quot;_ha_eqh_enable&quot;:false,&quot;ekit_has_onepagescroll_dot&quot;:&quot;yes&quot;}\">\n\t\t\t\t\t\t<div class=\"elementor-container elementor-column-gap-default\">\n\t\t\t\t\t<div class=\"elementor-column elementor-col-100 elementor-top-column elementor-element elementor-element-0db5385\" data-id=\"0db5385\" data-element_type=\"column\" data-e-type=\"column\">\n\t\t\t<div class=\"elementor-widget-wrap elementor-element-populated\">\n\t\t\t\t\t\t<div class=\"elementor-element elementor-element-20dbbd6 elementor-widget elementor-widget-text-editor\" data-id=\"20dbbd6\" data-element_type=\"widget\" data-e-type=\"widget\" data-settings=\"{&quot;ekit_we_effect_on&quot;:&quot;none&quot;}\" data-widget_type=\"text-editor.default\">\n\t\t\t\t<div class=\"elementor-widget-container\">\n\t\t\t\t\t\t\t\t\t<p>A fim de festejar o anivers\u00e1rio de 50 anos da Faculdade de Odontologia, a UMC realizar\u00e1 no pr\u00f3ximo dia 26 de outubro, a partir das 8 horas, um dia de intensas atividades. A festividade inicial ficar\u00e1 por conta da instala\u00e7\u00e3o da placa comemorativa dos 50 anos.<\/p><p>Na sequ\u00eancia ser\u00e1 realizado um aquecimento na pra\u00e7a de eventos da Universidade e alunos, professores e convidados se mobilizar\u00e3o para a realiza\u00e7\u00e3o da 2\u00aa Caminhada da UMC contra o c\u00e2ncer de boca. A festividade se estender\u00e1 at\u00e9 a parte da noite, onde acontecer\u00e1 a Festa dos 50 anos.<\/p><p><strong>2\u00aa Caminhada UMC<\/strong><\/p><p>O evento, que conta com o apoio da Prefeitura Municipal de Mogi das Cruzes e o Fundo Social de Solidariedade, marcar\u00e1 o in\u00edcio da 41\u00ba Jornada Odontol\u00f3gica e o 17\u00ba Congresso Odontol\u00f3gico e faz parte das comemora\u00e7\u00f5es dos 50 anos da Faculdade de Odontologia.<\/p><p>O principal objetivo da caminhada, de acordo com a coordena\u00e7\u00e3o do curso, \u00e9 conscientizar a popula\u00e7\u00e3o sobre o c\u00e2ncer de boca, uma doen\u00e7a relativamente comum no Brasil e que \u00e9 diagnosticada tardiamente na maioria dos casos, muitas vezes devido ao desconhecimento das suas manifesta\u00e7\u00f5es iniciais.<\/p><p>Os participantes ser\u00e3o convidados a percorrer o percurso entre o Campus da UMC e a pra\u00e7a do Ros\u00e1rio (Pra\u00e7a da Marisa). Estima-se a participa\u00e7\u00e3o de cerca de 250 pessoas, entre alunos do curso de odontologia, ex-alunos, professores, funcion\u00e1rios e o p\u00fablico em geral.<\/p><p>No Largo do Ros\u00e1rio (Pra\u00e7a da Marisa), local de chegada da caminhada, ser\u00e3o oferecidos exames preventivos gratuitos \u00e0 popula\u00e7\u00e3o. Caso seja identificada alguma altera\u00e7\u00e3o ou les\u00e3o suspeita, os indiv\u00edduos ser\u00e3o encaminhados para a cl\u00ednica odontol\u00f3gica da UMC para diagn\u00f3stico e tratamento adequado.<\/p><p>Al\u00e9m do quesito sa\u00fade, a 2\u00aa Caminhada Contra o C\u00e2ncer de Boca incentiva os participantes a doarem alimentos n\u00e3o perec\u00edveis, que ser\u00e3o revertidos ao Fundo Social de Solidariedade de Mogi das Cruzes.<\/p><p><strong>Festa dos 50<\/strong><\/p><p>Para fechar o primeiro dia de comemora\u00e7\u00f5es com chave de ouro, a partir das 21h ser\u00e1 realizado a Festa dos 50 anos. A festa reunir\u00e1 alunos, ex-alunos e professores em um jantar com banda. Vale lembrar que o traje para participar da ocasi\u00e3o \u00e9 o social. A ades\u00e3o do convite para o Baile j\u00e1 est\u00e1 dispon\u00edvel e pode ser feita diretamente no site do Congresso Odontol\u00f3gico: <a href=\"http:\/\/www.even3.com.br\/coumc\">www.even3.com.br\/coumc<\/a><\/p>\t\t\t\t\t\t\t\t<\/div>\n\t\t\t\t<\/div>\n\t\t\t\t\t<\/div>\n\t\t<\/div>\n\t\t\t\t\t<\/div>\n\t\t<\/section>\n\t\t\t\t<\/div>\n\t\t","protected":false},"excerpt":{"rendered":"<p>A fim de festejar o anivers\u00e1rio de 50 anos da Faculdade de Odontologia, a UMC realizar\u00e1 no pr\u00f3ximo dia 26 de outubro, a partir das 8 horas, um dia de intensas atividades. A festividade inicial ficar\u00e1 por conta da instala\u00e7\u00e3o da placa comemorativa dos 50 anos. Na sequ\u00eancia ser\u00e1 realizado um aquecimento na pra\u00e7a de [&hellip;]<\/p>\n","protected":false},"author":990015,"featured_media":3782,"comment_status":"closed","ping_status":"closed","sticky":false,"template":"","format":"standard","meta":{"_eb_attr":"","footnotes":""},"categories":[1],"tags":[],"class_list":["post-3781","post","type-post","status-publish","format-standard","has-post-thumbnail","hentry","category-noticias-umc"],"blocksy_meta":{"styles_descriptor":{"styles":{"desktop":"","tablet":"","mobile":""},"google_fonts":[],"version":6}},"rttpg_featured_image_url":{"full":["https:\/\/www.umc.br\/noticias\/wp-content\/uploads\/2022\/01\/Eventos-abrem-a-comemoracao-de-50-anos-da-Faculdade-de-Odontologia-da-UMC.png",417,250,false],"landscape":["https:\/\/www.umc.br\/noticias\/wp-content\/uploads\/2022\/01\/Eventos-abrem-a-comemoracao-de-50-anos-da-Faculdade-de-Odontologia-da-UMC.png",417,250,false],"portraits":["https:\/\/www.umc.br\/noticias\/wp-content\/uploads\/2022\/01\/Eventos-abrem-a-comemoracao-de-50-anos-da-Faculdade-de-Odontologia-da-UMC.png",417,250,false],"thumbnail":["https:\/\/www.umc.br\/noticias\/wp-content\/uploads\/2022\/01\/Eventos-abrem-a-comemoracao-de-50-anos-da-Faculdade-de-Odontologia-da-UMC-150x150.png",150,150,true],"medium":["https:\/\/www.umc.br\/noticias\/wp-content\/uploads\/2022\/01\/Eventos-abrem-a-comemoracao-de-50-anos-da-Faculdade-de-Odontologia-da-UMC-300x180.png",300,180,true],"large":["https:\/\/www.umc.br\/noticias\/wp-content\/uploads\/2022\/01\/Eventos-abrem-a-comemoracao-de-50-anos-da-Faculdade-de-Odontologia-da-UMC.png",417,250,false],"1536x1536":["https:\/\/www.umc.br\/noticias\/wp-content\/uploads\/2022\/01\/Eventos-abrem-a-comemoracao-de-50-anos-da-Faculdade-de-Odontologia-da-UMC.png",417,250,false],"2048x2048":["https:\/\/www.umc.br\/noticias\/wp-content\/uploads\/2022\/01\/Eventos-abrem-a-comemoracao-de-50-anos-da-Faculdade-de-Odontologia-da-UMC.png",417,250,false],"tp-image-grid":["https:\/\/www.umc.br\/noticias\/wp-content\/uploads\/2022\/01\/Eventos-abrem-a-comemoracao-de-50-anos-da-Faculdade-de-Odontologia-da-UMC.png",417,250,false],"bdfe-large-thumb":["https:\/\/www.umc.br\/noticias\/wp-content\/uploads\/2022\/01\/Eventos-abrem-a-comemoracao-de-50-anos-da-Faculdade-de-Odontologia-da-UMC.png",417,250,false],"bdfe-hero-slider-thumb":["https:\/\/www.umc.br\/noticias\/wp-content\/uploads\/2022\/01\/Eventos-abrem-a-comemoracao-de-50-anos-da-Faculdade-de-Odontologia-da-UMC.png",417,250,false]},"rttpg_author":{"display_name":"Renato Nascimento","author_link":"https:\/\/www.umc.br\/noticias\/author\/renato\/"},"rttpg_comment":0,"rttpg_category":"<a href=\"https:\/\/www.umc.br\/noticias\/category\/noticias-umc\/\" rel=\"category tag\">Not\u00edcias UMC<\/a>","rttpg_excerpt":"A fim de festejar o anivers\u00e1rio de 50 anos da Faculdade de Odontologia, a UMC realizar\u00e1 no pr\u00f3ximo dia 26 de outubro, a partir das 8 horas, um dia de intensas atividades. A festividade inicial ficar\u00e1 por conta da instala\u00e7\u00e3o da placa comemorativa dos 50 anos. Na sequ\u00eancia ser\u00e1 realizado um aquecimento na pra\u00e7a de&hellip;","_links":{"self":[{"href":"https:\/\/www.umc.br\/noticias\/wp-json\/wp\/v2\/posts\/3781","targetHints":{"allow":["GET"]}}],"collection":[{"href":"https:\/\/www.umc.br\/noticias\/wp-json\/wp\/v2\/posts"}],"about":[{"href":"https:\/\/www.umc.br\/noticias\/wp-json\/wp\/v2\/types\/post"}],"author":[{"embeddable":true,"href":"https:\/\/www.umc.br\/noticias\/wp-json\/wp\/v2\/users\/990015"}],"replies":[{"embeddable":true,"href":"https:\/\/www.umc.br\/noticias\/wp-json\/wp\/v2\/comments?post=3781"}],"version-history":[{"count":4,"href":"https:\/\/www.umc.br\/noticias\/wp-json\/wp\/v2\/posts\/3781\/revisions"}],"predecessor-version":[{"id":3786,"href":"https:\/\/www.umc.br\/noticias\/wp-json\/wp\/v2\/posts\/3781\/revisions\/3786"}],"wp:featuredmedia":[{"embeddable":true,"href":"https:\/\/www.umc.br\/noticias\/wp-json\/wp\/v2\/media\/3782"}],"wp:attachment":[{"href":"https:\/\/www.umc.br\/noticias\/wp-json\/wp\/v2\/media?parent=3781"}],"wp:term":[{"taxonomy":"category","embeddable":true,"href":"https:\/\/www.umc.br\/noticias\/wp-json\/wp\/v2\/categories?post=3781"},{"taxonomy":"post_tag","embeddable":true,"href":"https:\/\/www.umc.br\/noticias\/wp-json\/wp\/v2\/tags?post=3781"}],"curies":[{"name":"wp","href":"https:\/\/api.w.org\/{rel}","templated":true}]}}