{"id":3646,"date":"2019-12-09T22:51:25","date_gmt":"2019-12-09T22:51:25","guid":{"rendered":"https:\/\/www2.umc.br\/noticias\/?p=3646"},"modified":"2021-12-29T22:54:28","modified_gmt":"2021-12-29T22:54:28","slug":"alunos-de-enfermagem-participam-do-i-workshop-em-meio-ambiente-na-atencao-a-saude","status":"publish","type":"post","link":"https:\/\/www.umc.br\/noticias\/alunos-de-enfermagem-participam-do-i-workshop-em-meio-ambiente-na-atencao-a-saude\/","title":{"rendered":"Alunos de Enfermagem participam do I Workshop em Meio Ambiente na aten\u00e7\u00e3o \u00e0 Sa\u00fade"},"content":{"rendered":"\t\t<div data-elementor-type=\"wp-post\" data-elementor-id=\"3646\" class=\"elementor elementor-3646\" data-elementor-settings=\"{&quot;ha_cmc_init_switcher&quot;:&quot;no&quot;}\" data-elementor-post-type=\"post\">\n\t\t\t\t\t\t<section data-particle_enable=\"false\" data-particle-mobile-disabled=\"false\" class=\"elementor-section elementor-top-section elementor-element elementor-element-552f91e elementor-section-boxed elementor-section-height-default elementor-section-height-default\" data-id=\"552f91e\" data-element_type=\"section\" data-e-type=\"section\" data-settings=\"{&quot;_ha_eqh_enable&quot;:false,&quot;ekit_has_onepagescroll_dot&quot;:&quot;yes&quot;}\">\n\t\t\t\t\t\t<div class=\"elementor-container elementor-column-gap-default\">\n\t\t\t\t\t<div class=\"elementor-column elementor-col-100 elementor-top-column elementor-element elementor-element-0527f1c\" data-id=\"0527f1c\" data-element_type=\"column\" data-e-type=\"column\">\n\t\t\t<div class=\"elementor-widget-wrap elementor-element-populated\">\n\t\t\t\t\t\t<div class=\"elementor-element elementor-element-0af5bab elementor-widget elementor-widget-text-editor\" data-id=\"0af5bab\" data-element_type=\"widget\" data-e-type=\"widget\" data-settings=\"{&quot;ekit_we_effect_on&quot;:&quot;none&quot;}\" data-widget_type=\"text-editor.default\">\n\t\t\t\t<div class=\"elementor-widget-container\">\n\t\t\t\t\t\t\t\t\t<p style=\"text-align: justify;\">Os alunos do 8\u00ba per\u00edodo de Enfermagem da UMC, orientados pela disciplina de \u201cT\u00f3picos Avan\u00e7ados II\u201d e sob a supervis\u00e3o da professora Ms. Maria Aparecida Xavier Moreira da Silva, elaboraram mini palestras no contexto do impacto da polui\u00e7\u00e3o da \u00e1gua, polui\u00e7\u00e3o do solo e no descarte de res\u00edduos s\u00f3lidos de estabelecimentos de sa\u00fade.<\/p><p style=\"text-align: justify;\">O evento, organizado pelos formandos serviu para instruir aos acad\u00eamicos de enfermagem e demais cursos quanto a necessidade do controle e manuten\u00e7\u00e3o de um meio ambiente saud\u00e1vel por meio da educa\u00e7\u00e3o ambiental e de sa\u00fade. Al\u00e9m do mais, o evento apontou as principais doen\u00e7as decorrentes dos v\u00e1rios tipos de polui\u00e7\u00e3o.<\/p><p style=\"text-align: justify;\">A a\u00e7\u00e3o, de acordo com a professora, Maria Aparecida, visou discutir sobre a polui\u00e7\u00e3o do meio ambiente e os impactos na sa\u00fade, conscientizando sobre as responsabilidades de todos para a sustentabilidade e promo\u00e7\u00e3o da sa\u00fade. \u201cO evento promoveu um bom movimento entre os alunos e participantes, demostrando o interesse deles, bem como a preocupa\u00e7\u00e3o com a tem\u00e1tica abordada\u201d, finaliza a professora.<\/p>\t\t\t\t\t\t\t\t<\/div>\n\t\t\t\t<\/div>\n\t\t\t\t\t<\/div>\n\t\t<\/div>\n\t\t\t\t\t<\/div>\n\t\t<\/section>\n\t\t\t\t<\/div>\n\t\t","protected":false},"excerpt":{"rendered":"<p>Os alunos do 8\u00ba per\u00edodo de Enfermagem da UMC, orientados pela disciplina de \u201cT\u00f3picos Avan\u00e7ados II\u201d e sob a supervis\u00e3o da professora Ms. Maria Aparecida Xavier Moreira da Silva, elaboraram mini palestras no contexto do impacto da polui\u00e7\u00e3o da \u00e1gua, polui\u00e7\u00e3o do solo e no descarte de res\u00edduos s\u00f3lidos de estabelecimentos de sa\u00fade. O evento, [&hellip;]<\/p>\n","protected":false},"author":990015,"featured_media":3647,"comment_status":"closed","ping_status":"closed","sticky":false,"template":"","format":"standard","meta":{"_eb_attr":"","footnotes":""},"categories":[1],"tags":[],"class_list":["post-3646","post","type-post","status-publish","format-standard","has-post-thumbnail","hentry","category-noticias-umc"],"blocksy_meta":{"styles_descriptor":{"styles":{"desktop":"","tablet":"","mobile":""},"google_fonts":[],"version":6}},"rttpg_featured_image_url":{"full":["https:\/\/www.umc.br\/noticias\/wp-content\/uploads\/2021\/12\/Alunos-de-Enfermagem-participam-do-I-Workshop-em-Meio-Ambiente-na-atencao-a-Saude-scaled.jpg",2560,1920,false],"landscape":["https:\/\/www.umc.br\/noticias\/wp-content\/uploads\/2021\/12\/Alunos-de-Enfermagem-participam-do-I-Workshop-em-Meio-Ambiente-na-atencao-a-Saude-scaled.jpg",2560,1920,false],"portraits":["https:\/\/www.umc.br\/noticias\/wp-content\/uploads\/2021\/12\/Alunos-de-Enfermagem-participam-do-I-Workshop-em-Meio-Ambiente-na-atencao-a-Saude-scaled.jpg",2560,1920,false],"thumbnail":["https:\/\/www.umc.br\/noticias\/wp-content\/uploads\/2021\/12\/Alunos-de-Enfermagem-participam-do-I-Workshop-em-Meio-Ambiente-na-atencao-a-Saude-150x150.jpg",150,150,true],"medium":["https:\/\/www.umc.br\/noticias\/wp-content\/uploads\/2021\/12\/Alunos-de-Enfermagem-participam-do-I-Workshop-em-Meio-Ambiente-na-atencao-a-Saude-300x225.jpg",300,225,true],"large":["https:\/\/www.umc.br\/noticias\/wp-content\/uploads\/2021\/12\/Alunos-de-Enfermagem-participam-do-I-Workshop-em-Meio-Ambiente-na-atencao-a-Saude-1024x768.jpg",1024,768,true],"1536x1536":["https:\/\/www.umc.br\/noticias\/wp-content\/uploads\/2021\/12\/Alunos-de-Enfermagem-participam-do-I-Workshop-em-Meio-Ambiente-na-atencao-a-Saude-1536x1152.jpg",1536,1152,true],"2048x2048":["https:\/\/www.umc.br\/noticias\/wp-content\/uploads\/2021\/12\/Alunos-de-Enfermagem-participam-do-I-Workshop-em-Meio-Ambiente-na-atencao-a-Saude-2048x1536.jpg",2048,1536,true],"tp-image-grid":["https:\/\/www.umc.br\/noticias\/wp-content\/uploads\/2021\/12\/Alunos-de-Enfermagem-participam-do-I-Workshop-em-Meio-Ambiente-na-atencao-a-Saude-700x700.jpg",700,700,true],"bdfe-large-thumb":["https:\/\/www.umc.br\/noticias\/wp-content\/uploads\/2021\/12\/Alunos-de-Enfermagem-participam-do-I-Workshop-em-Meio-Ambiente-na-atencao-a-Saude-scaled.jpg",600,450,false],"bdfe-hero-slider-thumb":["https:\/\/www.umc.br\/noticias\/wp-content\/uploads\/2021\/12\/Alunos-de-Enfermagem-participam-do-I-Workshop-em-Meio-Ambiente-na-atencao-a-Saude-scaled.jpg",865,649,false]},"rttpg_author":{"display_name":"Renato Nascimento","author_link":"https:\/\/www.umc.br\/noticias\/author\/renato\/"},"rttpg_comment":0,"rttpg_category":"<a href=\"https:\/\/www.umc.br\/noticias\/category\/noticias-umc\/\" rel=\"category tag\">Not\u00edcias UMC<\/a>","rttpg_excerpt":"Os alunos do 8\u00ba per\u00edodo de Enfermagem da UMC, orientados pela disciplina de \u201cT\u00f3picos Avan\u00e7ados II\u201d e sob a supervis\u00e3o da professora Ms. Maria Aparecida Xavier Moreira da Silva, elaboraram mini palestras no contexto do impacto da polui\u00e7\u00e3o da \u00e1gua, polui\u00e7\u00e3o do solo e no descarte de res\u00edduos s\u00f3lidos de estabelecimentos de sa\u00fade. O evento,&hellip;","_links":{"self":[{"href":"https:\/\/www.umc.br\/noticias\/wp-json\/wp\/v2\/posts\/3646","targetHints":{"allow":["GET"]}}],"collection":[{"href":"https:\/\/www.umc.br\/noticias\/wp-json\/wp\/v2\/posts"}],"about":[{"href":"https:\/\/www.umc.br\/noticias\/wp-json\/wp\/v2\/types\/post"}],"author":[{"embeddable":true,"href":"https:\/\/www.umc.br\/noticias\/wp-json\/wp\/v2\/users\/990015"}],"replies":[{"embeddable":true,"href":"https:\/\/www.umc.br\/noticias\/wp-json\/wp\/v2\/comments?post=3646"}],"version-history":[{"count":4,"href":"https:\/\/www.umc.br\/noticias\/wp-json\/wp\/v2\/posts\/3646\/revisions"}],"predecessor-version":[{"id":3651,"href":"https:\/\/www.umc.br\/noticias\/wp-json\/wp\/v2\/posts\/3646\/revisions\/3651"}],"wp:featuredmedia":[{"embeddable":true,"href":"https:\/\/www.umc.br\/noticias\/wp-json\/wp\/v2\/media\/3647"}],"wp:attachment":[{"href":"https:\/\/www.umc.br\/noticias\/wp-json\/wp\/v2\/media?parent=3646"}],"wp:term":[{"taxonomy":"category","embeddable":true,"href":"https:\/\/www.umc.br\/noticias\/wp-json\/wp\/v2\/categories?post=3646"},{"taxonomy":"post_tag","embeddable":true,"href":"https:\/\/www.umc.br\/noticias\/wp-json\/wp\/v2\/tags?post=3646"}],"curies":[{"name":"wp","href":"https:\/\/api.w.org\/{rel}","templated":true}]}}