{"id":3593,"date":"2020-02-12T19:25:04","date_gmt":"2020-02-12T19:25:04","guid":{"rendered":"https:\/\/www2.umc.br\/noticias\/?p=3593"},"modified":"2021-12-29T19:27:06","modified_gmt":"2021-12-29T19:27:06","slug":"professor-do-mestrado-em-politicas-publicas-da-umc-recebe-mocao-de-aplauso-e-titulo-de-cidadania","status":"publish","type":"post","link":"https:\/\/www.umc.br\/noticias\/professor-do-mestrado-em-politicas-publicas-da-umc-recebe-mocao-de-aplauso-e-titulo-de-cidadania\/","title":{"rendered":"Professor do Mestrado em Pol\u00edticas P\u00fablicas da UMC recebe Mo\u00e7\u00e3o de Aplauso e T\u00edtulo de Cidadania"},"content":{"rendered":"\t\t<div data-elementor-type=\"wp-post\" data-elementor-id=\"3593\" class=\"elementor elementor-3593\" data-elementor-settings=\"{&quot;ha_cmc_init_switcher&quot;:&quot;no&quot;}\" data-elementor-post-type=\"post\">\n\t\t\t\t\t\t<section data-particle_enable=\"false\" data-particle-mobile-disabled=\"false\" class=\"elementor-section elementor-top-section elementor-element elementor-element-4c4b2b8 elementor-section-boxed elementor-section-height-default elementor-section-height-default\" data-id=\"4c4b2b8\" data-element_type=\"section\" data-e-type=\"section\" data-settings=\"{&quot;_ha_eqh_enable&quot;:false,&quot;ekit_has_onepagescroll_dot&quot;:&quot;yes&quot;}\">\n\t\t\t\t\t\t<div class=\"elementor-container elementor-column-gap-default\">\n\t\t\t\t\t<div class=\"elementor-column elementor-col-100 elementor-top-column elementor-element elementor-element-8ca3c18\" data-id=\"8ca3c18\" data-element_type=\"column\" data-e-type=\"column\">\n\t\t\t<div class=\"elementor-widget-wrap elementor-element-populated\">\n\t\t\t\t\t\t<div class=\"elementor-element elementor-element-43589b0 elementor-widget elementor-widget-text-editor\" data-id=\"43589b0\" data-element_type=\"widget\" data-e-type=\"widget\" data-settings=\"{&quot;ekit_we_effect_on&quot;:&quot;none&quot;}\" data-widget_type=\"text-editor.default\">\n\t\t\t\t<div class=\"elementor-widget-container\">\n\t\t\t\t\t\t\t\t\t<p style=\"text-align: justify;\">O professor e doutor Renan Ant\u00f4nio da Silva, permanente do Programa de P\u00f3s-Gradua\u00e7\u00e3o em Pol\u00edticas P\u00fablicas da Universidade de Mogi das Cruzes \u2013 UMC, recebeu, na noite de ontem (11\/02\/2020), em uma vota\u00e7\u00e3o un\u00e2nime, uma Mo\u00e7\u00e3o de Aplauso e o T\u00edtulo de Cidadania Mauaense (Mau\u00e1\/SP). A entrega da Placa Comemorativa acontecer\u00e1 em mar\u00e7o.<\/p><p style=\"text-align: justify;\"><strong>EXPERI\u00caNCIA<\/strong><\/p><p style=\"text-align: justify;\">Renan \u00e9 P\u00f3s &#8211; Doutor em Ci\u00eancias Sociais (2019) pela Universidade Estadual Paulista (UNESP\/ Mar\u00edlia) e doutor em Educa\u00e7\u00e3o Escolar (2018) pela Universidade Estadual Paulista (UNESP\/ Araraquara). Realizou o Est\u00e1gio Doutoral (Doutorado Sandu\u00edche) com bolsa CAPES\/PDSE, junto ao Centro em Investiga\u00e7\u00e3o Social (CIS) pelo Instituto Universit\u00e1rio de Lisboa &#8211; ISCTE &#8211; Portugal (2015-2016).<\/p><p style=\"text-align: justify;\">Tem experi\u00eancia na \u00e1rea de Antropologia, atuando principalmente em solu\u00e7\u00f5es inovadoras e com potencial de frugalidade voltadas \u00e0s Pol\u00edticas P\u00fablicas em Educa\u00e7\u00e3o, com foco na inclus\u00e3o educacional. L\u00edder no Grupo de Pesquisa em Educa\u00e7\u00e3o, Cultura, Mem\u00f3ria e Arte (GPECUMA) &#8211; UNESP, UMC, PUC\/SP, UNIS e UNESCO. Vice-L\u00edder no Grupo de Pesquisa em Pol\u00edticas P\u00fablicas (GRUPPU\/ UMC).<\/p><p style=\"text-align: justify;\">Al\u00e9m disto, \u00e9 pesquisador no N\u00facleo de G\u00eanero e Diversidade Sexual na Educa\u00e7\u00e3o (NUDISE\/UNESP). Pesquisador Associado nos seguintes projetos da Funda\u00e7\u00e3o de Amparo \u00e0 Pesquisa do Estado de S\u00e3o Paulo (FAPESP): A\u00c7\u00d5ES DE PREVEN\u00c7\u00c3O DA VIOL\u00caNCIA SEXUAL INFANTO-JUVENIL: analisando a forma\u00e7\u00e3o e informa\u00e7\u00e3o da\/o profissional da educa\u00e7\u00e3o infantil e ensino fundamental (Faculdade de Ci\u00eancias e Letras de Araraquara\/FCLAR\/UNESP) e Media\u00e7\u00e3o, Direitos humanos, G\u00eanero e Cidadania: pol\u00edticas educacionais, concep\u00e7\u00f5es e a\u00e7\u00f5es em escolas p\u00fablicas brasileiras e espanholas (Faculdade de Filosofia e Ci\u00eancias de Mar\u00edlia\/FFC\/UNESP).<\/p><p style=\"text-align: justify;\">Associado profissional nos cursos de MBA da ESALQ\/USP. Foi docente colaborador no Programa de P\u00f3s-Gradua\u00e7\u00e3o em Ci\u00eancias Sociais da Universidade Estadual Paulista J\u00falio de Mesquita Filho &#8211; UNESP\/Mar\u00edlia (2018\/2019). Foi Professor &#8211; Visitante na Universidade Estadual do Tocantins (UNITINS).<\/p><p style=\"text-align: justify;\">O mesmo tamb\u00e9m foi Chefe de Gabinete de Reitoria do Centro Universit\u00e1rio Salesiano de S\u00e3o Paulo (Unisal) e j\u00e1 publicou mais de 50 artigos cient\u00edficos, 18 cap\u00edtulos de livros, 4 livros e organizou outras 4 obras. Escreve e pesquisa ao lado dos renomados professores Dra. Maria Cec\u00edlia de Souza Minayo (Fiocruz) e Dr. Pedro Demo (UNB).<\/p>\t\t\t\t\t\t\t\t<\/div>\n\t\t\t\t<\/div>\n\t\t\t\t\t<\/div>\n\t\t<\/div>\n\t\t\t\t\t<\/div>\n\t\t<\/section>\n\t\t\t\t<\/div>\n\t\t","protected":false},"excerpt":{"rendered":"<p>O professor e doutor Renan Ant\u00f4nio da Silva, permanente do Programa de P\u00f3s-Gradua\u00e7\u00e3o em Pol\u00edticas P\u00fablicas da Universidade de Mogi das Cruzes \u2013 UMC, recebeu, na noite de ontem (11\/02\/2020), em uma vota\u00e7\u00e3o un\u00e2nime, uma Mo\u00e7\u00e3o de Aplauso e o T\u00edtulo de Cidadania Mauaense (Mau\u00e1\/SP). A entrega da Placa Comemorativa acontecer\u00e1 em mar\u00e7o. EXPERI\u00caNCIA Renan [&hellip;]<\/p>\n","protected":false},"author":990015,"featured_media":3594,"comment_status":"closed","ping_status":"closed","sticky":false,"template":"","format":"standard","meta":{"_eb_attr":"","footnotes":""},"categories":[1],"tags":[],"class_list":["post-3593","post","type-post","status-publish","format-standard","has-post-thumbnail","hentry","category-noticias-umc"],"blocksy_meta":{"styles_descriptor":{"styles":{"desktop":"","tablet":"","mobile":""},"google_fonts":[],"version":6}},"rttpg_featured_image_url":{"full":["https:\/\/www.umc.br\/noticias\/wp-content\/uploads\/2021\/12\/b4681a519e45a4ccc78e2783bec9cb2b.jpg",720,720,false],"landscape":["https:\/\/www.umc.br\/noticias\/wp-content\/uploads\/2021\/12\/b4681a519e45a4ccc78e2783bec9cb2b.jpg",720,720,false],"portraits":["https:\/\/www.umc.br\/noticias\/wp-content\/uploads\/2021\/12\/b4681a519e45a4ccc78e2783bec9cb2b.jpg",720,720,false],"thumbnail":["https:\/\/www.umc.br\/noticias\/wp-content\/uploads\/2021\/12\/b4681a519e45a4ccc78e2783bec9cb2b-150x150.jpg",150,150,true],"medium":["https:\/\/www.umc.br\/noticias\/wp-content\/uploads\/2021\/12\/b4681a519e45a4ccc78e2783bec9cb2b-300x300.jpg",300,300,true],"large":["https:\/\/www.umc.br\/noticias\/wp-content\/uploads\/2021\/12\/b4681a519e45a4ccc78e2783bec9cb2b.jpg",720,720,false],"1536x1536":["https:\/\/www.umc.br\/noticias\/wp-content\/uploads\/2021\/12\/b4681a519e45a4ccc78e2783bec9cb2b.jpg",720,720,false],"2048x2048":["https:\/\/www.umc.br\/noticias\/wp-content\/uploads\/2021\/12\/b4681a519e45a4ccc78e2783bec9cb2b.jpg",720,720,false],"tp-image-grid":["https:\/\/www.umc.br\/noticias\/wp-content\/uploads\/2021\/12\/b4681a519e45a4ccc78e2783bec9cb2b-700x700.jpg",700,700,true],"bdfe-large-thumb":["https:\/\/www.umc.br\/noticias\/wp-content\/uploads\/2021\/12\/b4681a519e45a4ccc78e2783bec9cb2b.jpg",600,600,false],"bdfe-hero-slider-thumb":["https:\/\/www.umc.br\/noticias\/wp-content\/uploads\/2021\/12\/b4681a519e45a4ccc78e2783bec9cb2b.jpg",649,649,false]},"rttpg_author":{"display_name":"Renato Nascimento","author_link":"https:\/\/www.umc.br\/noticias\/author\/renato\/"},"rttpg_comment":0,"rttpg_category":"<a href=\"https:\/\/www.umc.br\/noticias\/category\/noticias-umc\/\" rel=\"category tag\">Not\u00edcias UMC<\/a>","rttpg_excerpt":"O professor e doutor Renan Ant\u00f4nio da Silva, permanente do Programa de P\u00f3s-Gradua\u00e7\u00e3o em Pol\u00edticas P\u00fablicas da Universidade de Mogi das Cruzes \u2013 UMC, recebeu, na noite de ontem (11\/02\/2020), em uma vota\u00e7\u00e3o un\u00e2nime, uma Mo\u00e7\u00e3o de Aplauso e o T\u00edtulo de Cidadania Mauaense (Mau\u00e1\/SP). A entrega da Placa Comemorativa acontecer\u00e1 em mar\u00e7o. EXPERI\u00caNCIA Renan&hellip;","_links":{"self":[{"href":"https:\/\/www.umc.br\/noticias\/wp-json\/wp\/v2\/posts\/3593","targetHints":{"allow":["GET"]}}],"collection":[{"href":"https:\/\/www.umc.br\/noticias\/wp-json\/wp\/v2\/posts"}],"about":[{"href":"https:\/\/www.umc.br\/noticias\/wp-json\/wp\/v2\/types\/post"}],"author":[{"embeddable":true,"href":"https:\/\/www.umc.br\/noticias\/wp-json\/wp\/v2\/users\/990015"}],"replies":[{"embeddable":true,"href":"https:\/\/www.umc.br\/noticias\/wp-json\/wp\/v2\/comments?post=3593"}],"version-history":[{"count":4,"href":"https:\/\/www.umc.br\/noticias\/wp-json\/wp\/v2\/posts\/3593\/revisions"}],"predecessor-version":[{"id":3598,"href":"https:\/\/www.umc.br\/noticias\/wp-json\/wp\/v2\/posts\/3593\/revisions\/3598"}],"wp:featuredmedia":[{"embeddable":true,"href":"https:\/\/www.umc.br\/noticias\/wp-json\/wp\/v2\/media\/3594"}],"wp:attachment":[{"href":"https:\/\/www.umc.br\/noticias\/wp-json\/wp\/v2\/media?parent=3593"}],"wp:term":[{"taxonomy":"category","embeddable":true,"href":"https:\/\/www.umc.br\/noticias\/wp-json\/wp\/v2\/categories?post=3593"},{"taxonomy":"post_tag","embeddable":true,"href":"https:\/\/www.umc.br\/noticias\/wp-json\/wp\/v2\/tags?post=3593"}],"curies":[{"name":"wp","href":"https:\/\/api.w.org\/{rel}","templated":true}]}}