{"id":3569,"date":"2020-02-18T18:15:52","date_gmt":"2020-02-18T18:15:52","guid":{"rendered":"https:\/\/www2.umc.br\/noticias\/?p=3569"},"modified":"2021-12-29T18:17:25","modified_gmt":"2021-12-29T18:17:25","slug":"iv-jornada-do-cerebro-acontecera-em-marco","status":"publish","type":"post","link":"https:\/\/www.umc.br\/noticias\/iv-jornada-do-cerebro-acontecera-em-marco\/","title":{"rendered":"IV Jornada do C\u00e9rebro acontecer\u00e1 em mar\u00e7o"},"content":{"rendered":"\t\t<div data-elementor-type=\"wp-post\" data-elementor-id=\"3569\" class=\"elementor elementor-3569\" data-elementor-settings=\"{&quot;ha_cmc_init_switcher&quot;:&quot;no&quot;}\" data-elementor-post-type=\"post\">\n\t\t\t\t\t\t<section data-particle_enable=\"false\" data-particle-mobile-disabled=\"false\" class=\"elementor-section elementor-top-section elementor-element elementor-element-c497f6b elementor-section-boxed elementor-section-height-default elementor-section-height-default\" data-id=\"c497f6b\" data-element_type=\"section\" data-e-type=\"section\" data-settings=\"{&quot;_ha_eqh_enable&quot;:false,&quot;ekit_has_onepagescroll_dot&quot;:&quot;yes&quot;}\">\n\t\t\t\t\t\t<div class=\"elementor-container elementor-column-gap-default\">\n\t\t\t\t\t<div class=\"elementor-column elementor-col-100 elementor-top-column elementor-element elementor-element-0d0a90c\" data-id=\"0d0a90c\" data-element_type=\"column\" data-e-type=\"column\">\n\t\t\t<div class=\"elementor-widget-wrap elementor-element-populated\">\n\t\t\t\t\t\t<div class=\"elementor-element elementor-element-c2e9fe1 elementor-widget elementor-widget-text-editor\" data-id=\"c2e9fe1\" data-element_type=\"widget\" data-e-type=\"widget\" data-settings=\"{&quot;ekit_we_effect_on&quot;:&quot;none&quot;}\" data-widget_type=\"text-editor.default\">\n\t\t\t\t<div class=\"elementor-widget-container\">\n\t\t\t\t\t\t\t\t\t<p style=\"text-align: justify;\">O curso de Biologia da UMC, promover\u00e1 no pr\u00f3ximo m\u00eas, de 16 a 20\/3, a IV Jornada do C\u00e9rebro: o sistema nervoso em abordagens multidisciplinares. As palestras ser\u00e3o ministradas por professores convidados que abordar\u00e3o os principais temas que envolvem as neuroci\u00eancias, al\u00e9m disto, o p\u00fablico tamb\u00e9m poder\u00e1 acompanhar uma exposi\u00e7\u00e3o de p\u00f4steres e visitar os laborat\u00f3rios de Anatomia e Histologia.<\/p><p style=\"text-align: justify;\">Na ocasi\u00e3o ser\u00e3o realizadas diversas palestras como: \u201cAbuso de drogas\u201d, com a professora Ana Cl\u00e1udia de Freitas Oliveira; \u201cMitos e verdades sobre o c\u00e9rebro\u201d, com o professor Cl\u00e1udio Os\u00edris de Oliveira; \u201cNeuroplasticidade e aprendizagem\u201d, professora Paula Cristina Pacheco Correa; \u201cC\u00e9rebro e a comida\u201d, com a professora Marly Unello Rosinha e no fechamento, a palestra \u201ct\u00e9cnicas de estudos mais eficientes\u201d, com o professor Fernando Canova.<\/p><p style=\"text-align: justify;\">A Jornada do C\u00e9rebro \u00e9 uma iniciativa que visa a divulga\u00e7\u00e3o dos avan\u00e7os e benef\u00edcios resultantes do estudo do c\u00e9rebro, e \u00e9 tamb\u00e9m voltada para todas as pessoas que buscam atualiza\u00e7\u00e3o no tema. Ela \u00e9 parte integrante da Brain Awareness Week (BAW). Consolida-se tamb\u00e9m como uma iniciativa global de divulga\u00e7\u00e3o das neuroci\u00eancias promovida pela Dana Alliance for Brain Initiatives em todo o mundo.<\/p><p style=\"text-align: justify;\">Segundo o organizador do evento, o professor Fernando Bicocchi Canova, a a\u00e7\u00e3o \u00e9 v\u00e1lida aos alunos pois fornece conte\u00fados e informa\u00e7\u00f5es atualizadas, reais e sobretudo, ainda \u00e9 v\u00e1lida como atividade complementar. \u201cFora isso, alunos que participam de projetos na UMC tamb\u00e9m podem apresentar seus trabalhos em forma de p\u00f4ster ou mesmo oral, colaborando ainda mais com a sua forma\u00e7\u00e3o\u201d.<\/p><p style=\"text-align: justify;\">As \u00faltimas edi\u00e7\u00f5es do evento contaram com a participa\u00e7\u00e3o de cerca de 1200 participantes. Ao todo, nesta edi\u00e7\u00e3o ser\u00e3o aproximadamente 30 monitores, entre alunos da biologia, biomedicina, enfermagem, educa\u00e7\u00e3o f\u00edsica, psicologia, nutri\u00e7\u00e3o e farm\u00e1cia, que dar\u00e3o suporte aos participantes e organizadores e auxiliar\u00e3o com as exposi\u00e7\u00f5es.<\/p><p style=\"text-align: justify;\">O evento, que \u00e9 totalmente gratuito, acontecer\u00e1 no Centro Cultural da UMC, das 11h30 \u00e0s 18h e \u00e9 aberto a todos os p\u00fablicos. Ao final, os participantes receber\u00e3o um certificado v\u00e1lido para 20 horas de atividades complementares. A participa\u00e7\u00e3o \u00e9 mediante pr\u00e9via inscri\u00e7\u00e3o, que dever\u00e1 ser realizada por meio do e-mail: jornadadocerebroumc@gmail.com<\/p>\t\t\t\t\t\t\t\t<\/div>\n\t\t\t\t<\/div>\n\t\t\t\t\t<\/div>\n\t\t<\/div>\n\t\t\t\t\t<\/div>\n\t\t<\/section>\n\t\t\t\t<\/div>\n\t\t","protected":false},"excerpt":{"rendered":"<p>O curso de Biologia da UMC, promover\u00e1 no pr\u00f3ximo m\u00eas, de 16 a 20\/3, a IV Jornada do C\u00e9rebro: o sistema nervoso em abordagens multidisciplinares. As palestras ser\u00e3o ministradas por professores convidados que abordar\u00e3o os principais temas que envolvem as neuroci\u00eancias, al\u00e9m disto, o p\u00fablico tamb\u00e9m poder\u00e1 acompanhar uma exposi\u00e7\u00e3o de p\u00f4steres e visitar os [&hellip;]<\/p>\n","protected":false},"author":990015,"featured_media":3570,"comment_status":"closed","ping_status":"closed","sticky":false,"template":"","format":"standard","meta":{"_eb_attr":"","footnotes":""},"categories":[1],"tags":[],"class_list":["post-3569","post","type-post","status-publish","format-standard","has-post-thumbnail","hentry","category-noticias-umc"],"blocksy_meta":{"styles_descriptor":{"styles":{"desktop":"","tablet":"","mobile":""},"google_fonts":[],"version":6}},"rttpg_featured_image_url":{"full":["https:\/\/www.umc.br\/noticias\/wp-content\/uploads\/2021\/12\/b12e2110635e0a9314bef65977cd7e9f.png",200,144,false],"landscape":["https:\/\/www.umc.br\/noticias\/wp-content\/uploads\/2021\/12\/b12e2110635e0a9314bef65977cd7e9f.png",200,144,false],"portraits":["https:\/\/www.umc.br\/noticias\/wp-content\/uploads\/2021\/12\/b12e2110635e0a9314bef65977cd7e9f.png",200,144,false],"thumbnail":["https:\/\/www.umc.br\/noticias\/wp-content\/uploads\/2021\/12\/b12e2110635e0a9314bef65977cd7e9f-150x144.png",150,144,true],"medium":["https:\/\/www.umc.br\/noticias\/wp-content\/uploads\/2021\/12\/b12e2110635e0a9314bef65977cd7e9f.png",200,144,false],"large":["https:\/\/www.umc.br\/noticias\/wp-content\/uploads\/2021\/12\/b12e2110635e0a9314bef65977cd7e9f.png",200,144,false],"1536x1536":["https:\/\/www.umc.br\/noticias\/wp-content\/uploads\/2021\/12\/b12e2110635e0a9314bef65977cd7e9f.png",200,144,false],"2048x2048":["https:\/\/www.umc.br\/noticias\/wp-content\/uploads\/2021\/12\/b12e2110635e0a9314bef65977cd7e9f.png",200,144,false],"tp-image-grid":["https:\/\/www.umc.br\/noticias\/wp-content\/uploads\/2021\/12\/b12e2110635e0a9314bef65977cd7e9f.png",200,144,false],"bdfe-large-thumb":["https:\/\/www.umc.br\/noticias\/wp-content\/uploads\/2021\/12\/b12e2110635e0a9314bef65977cd7e9f.png",200,144,false],"bdfe-hero-slider-thumb":["https:\/\/www.umc.br\/noticias\/wp-content\/uploads\/2021\/12\/b12e2110635e0a9314bef65977cd7e9f.png",200,144,false]},"rttpg_author":{"display_name":"Renato Nascimento","author_link":"https:\/\/www.umc.br\/noticias\/author\/renato\/"},"rttpg_comment":0,"rttpg_category":"<a href=\"https:\/\/www.umc.br\/noticias\/category\/noticias-umc\/\" rel=\"category tag\">Not\u00edcias UMC<\/a>","rttpg_excerpt":"O curso de Biologia da UMC, promover\u00e1 no pr\u00f3ximo m\u00eas, de 16 a 20\/3, a IV Jornada do C\u00e9rebro: o sistema nervoso em abordagens multidisciplinares. As palestras ser\u00e3o ministradas por professores convidados que abordar\u00e3o os principais temas que envolvem as neuroci\u00eancias, al\u00e9m disto, o p\u00fablico tamb\u00e9m poder\u00e1 acompanhar uma exposi\u00e7\u00e3o de p\u00f4steres e visitar os&hellip;","_links":{"self":[{"href":"https:\/\/www.umc.br\/noticias\/wp-json\/wp\/v2\/posts\/3569","targetHints":{"allow":["GET"]}}],"collection":[{"href":"https:\/\/www.umc.br\/noticias\/wp-json\/wp\/v2\/posts"}],"about":[{"href":"https:\/\/www.umc.br\/noticias\/wp-json\/wp\/v2\/types\/post"}],"author":[{"embeddable":true,"href":"https:\/\/www.umc.br\/noticias\/wp-json\/wp\/v2\/users\/990015"}],"replies":[{"embeddable":true,"href":"https:\/\/www.umc.br\/noticias\/wp-json\/wp\/v2\/comments?post=3569"}],"version-history":[{"count":4,"href":"https:\/\/www.umc.br\/noticias\/wp-json\/wp\/v2\/posts\/3569\/revisions"}],"predecessor-version":[{"id":3574,"href":"https:\/\/www.umc.br\/noticias\/wp-json\/wp\/v2\/posts\/3569\/revisions\/3574"}],"wp:featuredmedia":[{"embeddable":true,"href":"https:\/\/www.umc.br\/noticias\/wp-json\/wp\/v2\/media\/3570"}],"wp:attachment":[{"href":"https:\/\/www.umc.br\/noticias\/wp-json\/wp\/v2\/media?parent=3569"}],"wp:term":[{"taxonomy":"category","embeddable":true,"href":"https:\/\/www.umc.br\/noticias\/wp-json\/wp\/v2\/categories?post=3569"},{"taxonomy":"post_tag","embeddable":true,"href":"https:\/\/www.umc.br\/noticias\/wp-json\/wp\/v2\/tags?post=3569"}],"curies":[{"name":"wp","href":"https:\/\/api.w.org\/{rel}","templated":true}]}}